{"id":4119,"date":"2023-02-22T14:56:48","date_gmt":"2023-02-22T17:56:48","guid":{"rendered":"https:\/\/www.melhorescola.com.br\/blog\/?p=4119"},"modified":"2023-02-22T14:56:49","modified_gmt":"2023-02-22T17:56:49","slug":"eventos-educacionais-2023","status":"publish","type":"post","link":"https:\/\/www.melhorescola.com.br\/blog\/eventos-educacionais-2023\/","title":{"rendered":"Vejas os principais eventos educacionais de 2023"},"content":{"rendered":"\n<p class=\"wp-block-paragraph\">Os<strong> <\/strong>eventos<strong> <\/strong>escolares<strong> <\/strong>s\u00e3o muito importantes para a comunidade acad\u00eamica como um todo, reunindo a escola, os alunos e seus familiares em uma situa\u00e7\u00e3o positiva. Por\u00e9m, as comemora\u00e7\u00f5es podem ir muito al\u00e9m da divers\u00e3o. Participar de eventos educacionais \u00e9 um \u00f3timo est\u00edmulo para a capacita\u00e7\u00e3o de gestores e diretores escolares. Mas, quais s\u00e3o os <strong>eventos educacionais de 2023?<\/strong><\/p>\n\n\n\n<p class=\"wp-block-paragraph\">Neste artigo voc\u00ea ir\u00e1 conferir quais s\u00e3o os eventos educacionais no ano e qual a import\u00e2ncia de participar deles. Confira!<\/p>\n\n\n\n<h2 class=\"wp-block-heading\">Qual a import\u00e2ncia de participar de eventos educacionais? <\/h2>\n\n\n\n<p class=\"wp-block-paragraph\">Os <strong>eventos escolares<\/strong> visam a <strong>participa\u00e7\u00e3o de profissionais da educa\u00e7\u00e3o<\/strong> para o est\u00edmulo do conhecimento. Al\u00e9m disso, s\u00e3o \u00f3timas oportunidades para que eles estejam sempre antenados \u00e0s <strong>novidades e tend\u00eancias.<\/strong><\/p>\n\n\n\n<p class=\"wp-block-paragraph\">Leia tamb\u00e9m: + <a href=\"https:\/\/www.melhorescola.com.br\/blog\/eventos-escolares\/\">Como organizar eventos escolares?<\/a><\/p>\n\n\n\n<p class=\"wp-block-paragraph\">Tais comemora\u00e7\u00f5es podem criar possibilidades de unir todos esses campos, uma vez que essa socializa\u00e7\u00e3o entre as pessoas ajuda a disseminar conhecimento, cultura e aprendizagem. Para entendermos mais um pouco sobre o assunto, vamos explorar no item a seguir quais s\u00e3o os <strong>eventos educacionais de 2023 com maior destaque.<\/strong><\/p>\n\n\n\n<h2 class=\"wp-block-heading\">Os principais eventos educacionais de 2023<\/h2>\n\n\n\n<h3 class=\"wp-block-heading\">Geduc 2023<\/h3>\n\n\n\n<p class=\"wp-block-paragraph\"><strong>Data prevista: <\/strong>de 29 a 31 de mar\u00e7o.<\/p>\n\n\n\n<p class=\"wp-block-paragraph\">O Geduc \u00e9 um dos principais congressos de gestores educacionais do Brasil. Com mais de 521 temas e 950 palestrantes, o evento educacional em 2023 tem como tema: <strong>os novos caminhos da educa\u00e7\u00e3o, resultados para a institui\u00e7\u00e3o e pelo Brasil. <\/strong><\/p>\n\n\n\n<h3 class=\"wp-block-heading\">Bett Brasil<\/h3>\n\n\n\n<p class=\"wp-block-paragraph\"><strong>Data prevista: <\/strong>de 09 a 12 de maio.<\/p>\n\n\n\n<p class=\"wp-block-paragraph\">A edi\u00e7\u00e3o de 2022 foi um sucesso e em 2023, a Bett Brasil ser\u00e1 ainda maior e melhor. Com mais audit\u00f3rios, ampla \u00e1rea de exposi\u00e7\u00e3o e a adi\u00e7\u00e3o de um evento focado em Ensino Superior e Profissional \u2013 Ahead by Bett.&nbsp;Momento mais do que perfeito para colocar as novas <strong>vis\u00f5es educacionais <\/strong>em jogo.<\/p>\n\n\n\n<h3 class=\"wp-block-heading\">ANEC &#8211; VI Congresso Nacional de Educa\u00e7\u00e3o Cat\u00f3lica<\/h3>\n\n\n\n<p class=\"wp-block-paragraph\"><strong>Data prevista: <\/strong>dia 29 e 30 de junho e 01 de julho. <\/p>\n\n\n\n<p class=\"wp-block-paragraph\">A Associa\u00e7\u00e3o Nacional de Educa\u00e7\u00e3o Cat\u00f3lica do Brasil (ANEC) \u00e9 uma entidade civil sem fins lucrativos que re\u00fane institui\u00e7\u00f5es cat\u00f3licas de ensino no pa\u00eds, desde a educa\u00e7\u00e3o b\u00e1sica at\u00e9 o ensino superior. Ela tem como objetivo principal <strong>promover e fortalecer a educa\u00e7\u00e3o cat\u00f3lica no Brasil<\/strong>, valorizando seus princ\u00edpios, doutrinas e valores.<\/p>\n\n\n\n<p class=\"wp-block-paragraph\">Entre as principais atividades da ANEC est\u00e3o a promo\u00e7\u00e3o de eventos, cursos de forma\u00e7\u00e3o, interc\u00e2mbios e pesquisas na \u00e1rea da educa\u00e7\u00e3o, com o objetivo de qualificar e aprimorar a forma\u00e7\u00e3o dos profissionais que atuam nas institui\u00e7\u00f5es cat\u00f3licas de ensino. A associa\u00e7\u00e3o tamb\u00e9m atua no di\u00e1logo e na articula\u00e7\u00e3o com outras entidades da sociedade civil e governamentais para o fortalecimento da educa\u00e7\u00e3o brasileira.<\/p>\n\n\n\n<p class=\"wp-block-paragraph\">Sendo assim, o VI Congresso Nacional de Educa\u00e7\u00e3o Cat\u00f3lica, tendo como temas <strong>Transformar o Presente, Tecer o Futuro da Educa\u00e7\u00e3o Cat\u00f3lica: pactos e compromissos.<\/strong><\/p>\n\n\n\n<h3 class=\"wp-block-heading\">Expoeduc 2023<\/h3>\n\n\n\n<p class=\"wp-block-paragraph\"><strong>Data prevista: <\/strong>dias 27, 28 e 28 de julho.<\/p>\n\n\n\n<p class=\"wp-block-paragraph\">O Maior Congresso Educacional do Norte-Nordeste tem como objetivo <strong>inserir na roda de conversa assuntos de maior relev\u00e2ncia do contexto educacional,<\/strong> trazendo, em cada edi\u00e7\u00e3o, os nomes que mais contribuem para o desenvolvimento desse mercado. <\/p>\n\n\n\n<p class=\"wp-block-paragraph\">Idealizada em 2017 pelo empres\u00e1rio Crislan Viana, a ExpoEduc tornou-se um espa\u00e7o de oportunidades, intera\u00e7\u00e3o e networking, entrando definitivamente para o calend\u00e1rio regional da educa\u00e7\u00e3o, sendo indispens\u00e1vel para quem busca conhecimento e atualiza\u00e7\u00e3o do mercado educacional.<\/p>\n\n\n\n<h3 class=\"wp-block-heading\">Futuro Expo<\/h3>\n\n\n\n<p class=\"wp-block-paragraph\"><strong>Data prevista: <\/strong>de 08 a 11 de agosto.<\/p>\n\n\n\n<p class=\"wp-block-paragraph\">A FUTURO EXPO \u00e9 um evento que <strong>se dedica ao futuro do ensino no Brasil<\/strong>, visando transformar vidas por meio do desenvolvimento completo do indiv\u00edduo e da conex\u00e3o entre empresas, profissionais e institui\u00e7\u00f5es ligadas ao processo de ensinar e aprender.<\/p>\n\n\n\n<h3 class=\"wp-block-heading\">Crescer<\/h3>\n\n\n\n<p class=\"wp-block-paragraph\"><strong>Data prevista: <\/strong>dia 23 e 24 de agosto.<\/p>\n\n\n\n<p class=\"wp-block-paragraph\">Um dos principais eventos nacionais especializados em<strong> l\u00edderes de escolas particulares<\/strong>, o tradicional Congresso e Feira Educacional Crescer realizou a sua 17\u00aa edi\u00e7\u00e3o em 2022. <\/p>\n\n\n\n<p class=\"wp-block-paragraph\">O evento apresenta uma programa\u00e7\u00e3o extensa de palestras com nomes consagrados na <strong>\u00e1rea educacional,<\/strong> que trazem reflex\u00f5es, an\u00e1lises e inova\u00e7\u00f5es que contribuem para o <strong>aperfei\u00e7oamento das institui\u00e7\u00f5es de ensino.<\/strong><\/p>\n\n\n\n<h3 class=\"wp-block-heading\">Educa Week<\/h3>\n\n\n\n<p class=\"wp-block-paragraph\"><strong>Data prevista: <\/strong>ainda sem data definida.<\/p>\n\n\n\n<p class=\"wp-block-paragraph\">Este \u00e9 o maior evento de Educa\u00e7\u00e3o B\u00e1sica do Brasil e da Am\u00e9rica Latina. No ano passado, durante os sete dias de Educa Week, autoridades educacionais da atualidade discutiram sobre os<strong> principais desafios do setor, <\/strong>enfrentados por escolas p\u00fablicas e privadas de todo o mundo, em que caminhos e solu\u00e7\u00f5es s\u00e3o pensados para melhorar os n<strong>\u00edveis da educa\u00e7\u00e3o b\u00e1sica.\u00a0<\/strong><\/p>\n\n\n\n<p class=\"wp-block-paragraph\">Al\u00e9m de Rona Hu, houveram participa\u00e7\u00f5es de Jo\u00e3o Alegria, secret\u00e1rio Geral da Funda\u00e7\u00e3o Roberto Marinho, Brian Delgado, da Blue Dot Education, em San Diego (CA), Mario Ghio, CEO do Somos, Bruno Elias, CEO do Eleva, L\u00facia Helena Galv\u00e3o, da Unicamp, Ari Neto, CEO da Arco, Estela Zanini, diretora do Col\u00e9gio Bandeirantes, Esther Carvalho, do Col\u00e9gio Rio Branco, Andr\u00e9 Aguiar, CEO do Inspira, Ricardo Tavares, CEO da FTD, al\u00e9m de outros renomados educadores e ativistas do pa\u00eds.<\/p>\n\n\n\n<p class=\"wp-block-paragraph\">Ao todo, foram mais de 50 pain\u00e9is ao vivo, presenciais e online, que aconteceram nos sete dias de evento, com discuss\u00f5es bastante relevantes no atual cen\u00e1rio da educa\u00e7\u00e3o no pa\u00eds, como \u201cProjetos inovadores de Educa\u00e7\u00e3o utilizando o Esporte e Arte\u201d, \u201cTransforma\u00e7\u00e3o digital nas escolas e o metaverso na educa\u00e7\u00e3o\u201d e \u201cOs impactos do 5G e a import\u00e2ncia das compet\u00eancias digitais na educa\u00e7\u00e3o\u201d.<\/p>\n\n\n\n<h2 class=\"wp-block-heading\">Por que as escolas devem participar dos eventos escolares?<\/h2>\n\n\n\n<p class=\"wp-block-paragraph\"><strong>A educa\u00e7\u00e3o est\u00e1 constantemente evoluindo<\/strong>. As escolas de hoje contam com metodologias, pr\u00e1ticas e tecnologias que eram inimagin\u00e1veis h\u00e1 poucos anos, e a transforma\u00e7\u00e3o n\u00e3o para. Esse \u00e9 o principal motivo para participar de <strong>eventos escolares.<\/strong><\/p>\n\n\n\n<p class=\"wp-block-paragraph\">\u00c9 importante ressaltar que bons eventos para escolas particulares abordam tamb\u00e9m assuntos de gest\u00e3o e podem ajudar nos resultados de sua institui\u00e7\u00e3o.&nbsp;<\/p>\n\n\n\n<p class=\"wp-block-paragraph\">Por meio de <strong>boas pr\u00e1ticas, discutidas em eventos escolares,<\/strong> \u00e9 poss\u00edvel evoluir na gest\u00e3o financeira como um todo. As palestras e participa\u00e7\u00f5es tamb\u00e9m apresentam formas de reduzir a evas\u00e3o escolar, al\u00e9m das t\u00e9cnicas para aumentar a produtividade em equipe, reduzindo o trabalho manual e a perda de tempo.<\/p>\n","protected":false},"excerpt":{"rendered":"<p>Os eventos escolares s\u00e3o muito importantes para a comunidade acad\u00eamica como um todo, reunindo a escola, os alunos e seus familiares em uma situa\u00e7\u00e3o positiva.&hellip;<\/p>\n","protected":false},"author":1,"featured_media":4120,"comment_status":"open","ping_status":"open","sticky":false,"template":"","format":"standard","meta":{"footnotes":""},"categories":[390,259],"tags":[],"class_list":["post-4119","post","type-post","status-publish","format-standard","has-post-thumbnail","hentry","category-curiosidades","category-universo-pedagogico"],"yoast_head":"<!-- This site is optimized with the Yoast SEO plugin v28.4 - https:\/\/yoast.com\/product\/yoast-seo-wordpress\/ -->\n<title>Vejas os principais eventos educacionais de 2023<\/title>\n<meta name=\"description\" content=\"Eventos s\u00e3o uma \u00f3tima oportunidade de trocar experi\u00eancias e aprender sobre pr\u00e1ticas novas. Saiba quais s\u00e3o os eventos educacionais de 2023.\" \/>\n<meta name=\"robots\" content=\"index, follow, max-snippet:-1, max-image-preview:large, max-video-preview:-1\" \/>\n<link rel=\"canonical\" href=\"https:\/\/www.melhorescola.com.br\/blog\/eventos-educacionais-2023\/\" \/>\n<meta property=\"og:locale\" content=\"pt_BR\" \/>\n<meta property=\"og:type\" content=\"article\" \/>\n<meta property=\"og:title\" content=\"Vejas os principais eventos educacionais de 2023\" \/>\n<meta property=\"og:description\" content=\"Eventos s\u00e3o uma \u00f3tima oportunidade de trocar experi\u00eancias e aprender sobre pr\u00e1ticas novas. Saiba quais s\u00e3o os eventos educacionais de 2023.\" \/>\n<meta property=\"og:url\" content=\"https:\/\/www.melhorescola.com.br\/blog\/eventos-educacionais-2023\/\" \/>\n<meta property=\"og:site_name\" content=\"Blog do Melhor Escola\" \/>\n<meta property=\"article:published_time\" content=\"2023-02-22T17:56:48+00:00\" \/>\n<meta property=\"article:modified_time\" content=\"2023-02-22T17:56:49+00:00\" \/>\n<meta property=\"og:image\" content=\"https:\/\/www.melhorescola.com.br\/blog\/wp-content\/uploads\/2023\/02\/eventos-educacionais-de-2023.jpg\" \/>\n\t<meta property=\"og:image:width\" content=\"1000\" \/>\n\t<meta property=\"og:image:height\" content=\"667\" \/>\n\t<meta property=\"og:image:type\" content=\"image\/jpeg\" \/>\n<meta name=\"author\" content=\"Equipe Melhor Escola\" \/>\n<meta name=\"twitter:card\" content=\"summary_large_image\" \/>\n<meta name=\"twitter:label1\" content=\"Escrito por\" \/>\n\t<meta name=\"twitter:data1\" content=\"Equipe Melhor Escola\" \/>\n\t<meta name=\"twitter:label2\" content=\"Est. tempo de leitura\" \/>\n\t<meta name=\"twitter:data2\" content=\"6 minutos\" \/>\n<script type=\"application\/ld+json\" class=\"yoast-schema-graph\">{\"@context\":\"https:\\\/\\\/schema.org\",\"@graph\":[{\"@type\":\"Article\",\"@id\":\"https:\\\/\\\/www.melhorescola.com.br\\\/blog\\\/eventos-educacionais-2023\\\/#article\",\"isPartOf\":{\"@id\":\"https:\\\/\\\/www.melhorescola.com.br\\\/blog\\\/eventos-educacionais-2023\\\/\"},\"author\":{\"name\":\"Equipe Melhor Escola\",\"@id\":\"https:\\\/\\\/www.melhorescola.com.br\\\/blog\\\/#\\\/schema\\\/person\\\/69f6bcf370e4d691499bb39773ead514\"},\"headline\":\"Vejas os principais eventos educacionais de 2023\",\"datePublished\":\"2023-02-22T17:56:48+00:00\",\"dateModified\":\"2023-02-22T17:56:49+00:00\",\"mainEntityOfPage\":{\"@id\":\"https:\\\/\\\/www.melhorescola.com.br\\\/blog\\\/eventos-educacionais-2023\\\/\"},\"wordCount\":1063,\"commentCount\":0,\"publisher\":{\"@id\":\"https:\\\/\\\/www.melhorescola.com.br\\\/blog\\\/#organization\"},\"image\":{\"@id\":\"https:\\\/\\\/www.melhorescola.com.br\\\/blog\\\/eventos-educacionais-2023\\\/#primaryimage\"},\"thumbnailUrl\":\"https:\\\/\\\/www.melhorescola.com.br\\\/blog\\\/wp-content\\\/uploads\\\/2023\\\/02\\\/eventos-educacionais-de-2023.jpg\",\"articleSection\":[\"Curiosidades\",\"Universo pedag\u00f3gico\"],\"inLanguage\":\"pt-BR\",\"potentialAction\":[{\"@type\":\"CommentAction\",\"name\":\"Comment\",\"target\":[\"https:\\\/\\\/www.melhorescola.com.br\\\/blog\\\/eventos-educacionais-2023\\\/#respond\"]}]},{\"@type\":\"WebPage\",\"@id\":\"https:\\\/\\\/www.melhorescola.com.br\\\/blog\\\/eventos-educacionais-2023\\\/\",\"url\":\"https:\\\/\\\/www.melhorescola.com.br\\\/blog\\\/eventos-educacionais-2023\\\/\",\"name\":\"Vejas os principais eventos educacionais de 2023\",\"isPartOf\":{\"@id\":\"https:\\\/\\\/www.melhorescola.com.br\\\/blog\\\/#website\"},\"primaryImageOfPage\":{\"@id\":\"https:\\\/\\\/www.melhorescola.com.br\\\/blog\\\/eventos-educacionais-2023\\\/#primaryimage\"},\"image\":{\"@id\":\"https:\\\/\\\/www.melhorescola.com.br\\\/blog\\\/eventos-educacionais-2023\\\/#primaryimage\"},\"thumbnailUrl\":\"https:\\\/\\\/www.melhorescola.com.br\\\/blog\\\/wp-content\\\/uploads\\\/2023\\\/02\\\/eventos-educacionais-de-2023.jpg\",\"datePublished\":\"2023-02-22T17:56:48+00:00\",\"dateModified\":\"2023-02-22T17:56:49+00:00\",\"description\":\"Eventos s\u00e3o uma \u00f3tima oportunidade de trocar experi\u00eancias e aprender sobre pr\u00e1ticas novas. Saiba quais s\u00e3o os eventos educacionais de 2023.\",\"breadcrumb\":{\"@id\":\"https:\\\/\\\/www.melhorescola.com.br\\\/blog\\\/eventos-educacionais-2023\\\/#breadcrumb\"},\"inLanguage\":\"pt-BR\",\"potentialAction\":[{\"@type\":\"ReadAction\",\"target\":[\"https:\\\/\\\/www.melhorescola.com.br\\\/blog\\\/eventos-educacionais-2023\\\/\"]}]},{\"@type\":\"ImageObject\",\"inLanguage\":\"pt-BR\",\"@id\":\"https:\\\/\\\/www.melhorescola.com.br\\\/blog\\\/eventos-educacionais-2023\\\/#primaryimage\",\"url\":\"https:\\\/\\\/www.melhorescola.com.br\\\/blog\\\/wp-content\\\/uploads\\\/2023\\\/02\\\/eventos-educacionais-de-2023.jpg\",\"contentUrl\":\"https:\\\/\\\/www.melhorescola.com.br\\\/blog\\\/wp-content\\\/uploads\\\/2023\\\/02\\\/eventos-educacionais-de-2023.jpg\",\"width\":1000,\"height\":667,\"caption\":\"pessoas em um evento\"},{\"@type\":\"BreadcrumbList\",\"@id\":\"https:\\\/\\\/www.melhorescola.com.br\\\/blog\\\/eventos-educacionais-2023\\\/#breadcrumb\",\"itemListElement\":[{\"@type\":\"ListItem\",\"position\":1,\"name\":\"In\u00edcio\",\"item\":\"https:\\\/\\\/www.melhorescola.com.br\\\/blog\\\/\"},{\"@type\":\"ListItem\",\"position\":2,\"name\":\"Vejas os principais eventos educacionais de 2023\"}]},{\"@type\":\"WebSite\",\"@id\":\"https:\\\/\\\/www.melhorescola.com.br\\\/blog\\\/#website\",\"url\":\"https:\\\/\\\/www.melhorescola.com.br\\\/blog\\\/\",\"name\":\"Blog do Melhor Escola\",\"description\":\"Veja conte\u00fados sobre capta\u00e7\u00e3o de alunos, gest\u00e3o escolar, marketing educacional, universo pedag\u00f3gico e muito mais!\",\"publisher\":{\"@id\":\"https:\\\/\\\/www.melhorescola.com.br\\\/blog\\\/#organization\"},\"potentialAction\":[{\"@type\":\"SearchAction\",\"target\":{\"@type\":\"EntryPoint\",\"urlTemplate\":\"https:\\\/\\\/www.melhorescola.com.br\\\/blog\\\/?s={search_term_string}\"},\"query-input\":{\"@type\":\"PropertyValueSpecification\",\"valueRequired\":true,\"valueName\":\"search_term_string\"}}],\"inLanguage\":\"pt-BR\"},{\"@type\":\"Organization\",\"@id\":\"https:\\\/\\\/www.melhorescola.com.br\\\/blog\\\/#organization\",\"name\":\"Melhor Escola B2B\",\"url\":\"https:\\\/\\\/www.melhorescola.com.br\\\/blog\\\/\",\"logo\":{\"@type\":\"ImageObject\",\"inLanguage\":\"pt-BR\",\"@id\":\"https:\\\/\\\/www.melhorescola.com.br\\\/blog\\\/#\\\/schema\\\/logo\\\/image\\\/\",\"url\":\"https:\\\/\\\/www.melhorescola.com.br\\\/blog\\\/wp-content\\\/uploads\\\/2024\\\/06\\\/images-removebg-preview-2.png\",\"contentUrl\":\"https:\\\/\\\/www.melhorescola.com.br\\\/blog\\\/wp-content\\\/uploads\\\/2024\\\/06\\\/images-removebg-preview-2.png\",\"width\":148,\"height\":148,\"caption\":\"Melhor Escola B2B\"},\"image\":{\"@id\":\"https:\\\/\\\/www.melhorescola.com.br\\\/blog\\\/#\\\/schema\\\/logo\\\/image\\\/\"}},{\"@type\":\"Person\",\"@id\":\"https:\\\/\\\/www.melhorescola.com.br\\\/blog\\\/#\\\/schema\\\/person\\\/69f6bcf370e4d691499bb39773ead514\",\"name\":\"Equipe Melhor Escola\",\"image\":{\"@type\":\"ImageObject\",\"inLanguage\":\"pt-BR\",\"@id\":\"https:\\\/\\\/secure.gravatar.com\\\/avatar\\\/4d53de8f53c588556476a7dac8aa5945729971f4e08e861b32f5788f918aa2b7?s=96&d=mm&r=g\",\"url\":\"https:\\\/\\\/secure.gravatar.com\\\/avatar\\\/4d53de8f53c588556476a7dac8aa5945729971f4e08e861b32f5788f918aa2b7?s=96&d=mm&r=g\",\"contentUrl\":\"https:\\\/\\\/secure.gravatar.com\\\/avatar\\\/4d53de8f53c588556476a7dac8aa5945729971f4e08e861b32f5788f918aa2b7?s=96&d=mm&r=g\",\"caption\":\"Equipe Melhor Escola\"},\"url\":\"https:\\\/\\\/www.melhorescola.com.br\\\/blog\\\/author\\\/corporativomelhorescola-net\\\/\"}]}<\/script>\n<!-- \/ Yoast SEO plugin. -->","yoast_head_json":{"title":"Vejas os principais eventos educacionais de 2023","description":"Eventos s\u00e3o uma \u00f3tima oportunidade de trocar experi\u00eancias e aprender sobre pr\u00e1ticas novas. Saiba quais s\u00e3o os eventos educacionais de 2023.","robots":{"index":"index","follow":"follow","max-snippet":"max-snippet:-1","max-image-preview":"max-image-preview:large","max-video-preview":"max-video-preview:-1"},"canonical":"https:\/\/www.melhorescola.com.br\/blog\/eventos-educacionais-2023\/","og_locale":"pt_BR","og_type":"article","og_title":"Vejas os principais eventos educacionais de 2023","og_description":"Eventos s\u00e3o uma \u00f3tima oportunidade de trocar experi\u00eancias e aprender sobre pr\u00e1ticas novas. Saiba quais s\u00e3o os eventos educacionais de 2023.","og_url":"https:\/\/www.melhorescola.com.br\/blog\/eventos-educacionais-2023\/","og_site_name":"Blog do Melhor Escola","article_published_time":"2023-02-22T17:56:48+00:00","article_modified_time":"2023-02-22T17:56:49+00:00","og_image":[{"width":1000,"height":667,"url":"https:\/\/www.melhorescola.com.br\/blog\/wp-content\/uploads\/2023\/02\/eventos-educacionais-de-2023.jpg","type":"image\/jpeg"}],"author":"Equipe Melhor Escola","twitter_card":"summary_large_image","twitter_misc":{"Escrito por":"Equipe Melhor Escola","Est. tempo de leitura":"6 minutos"},"schema":{"@context":"https:\/\/schema.org","@graph":[{"@type":"Article","@id":"https:\/\/www.melhorescola.com.br\/blog\/eventos-educacionais-2023\/#article","isPartOf":{"@id":"https:\/\/www.melhorescola.com.br\/blog\/eventos-educacionais-2023\/"},"author":{"name":"Equipe Melhor Escola","@id":"https:\/\/www.melhorescola.com.br\/blog\/#\/schema\/person\/69f6bcf370e4d691499bb39773ead514"},"headline":"Vejas os principais eventos educacionais de 2023","datePublished":"2023-02-22T17:56:48+00:00","dateModified":"2023-02-22T17:56:49+00:00","mainEntityOfPage":{"@id":"https:\/\/www.melhorescola.com.br\/blog\/eventos-educacionais-2023\/"},"wordCount":1063,"commentCount":0,"publisher":{"@id":"https:\/\/www.melhorescola.com.br\/blog\/#organization"},"image":{"@id":"https:\/\/www.melhorescola.com.br\/blog\/eventos-educacionais-2023\/#primaryimage"},"thumbnailUrl":"https:\/\/www.melhorescola.com.br\/blog\/wp-content\/uploads\/2023\/02\/eventos-educacionais-de-2023.jpg","articleSection":["Curiosidades","Universo pedag\u00f3gico"],"inLanguage":"pt-BR","potentialAction":[{"@type":"CommentAction","name":"Comment","target":["https:\/\/www.melhorescola.com.br\/blog\/eventos-educacionais-2023\/#respond"]}]},{"@type":"WebPage","@id":"https:\/\/www.melhorescola.com.br\/blog\/eventos-educacionais-2023\/","url":"https:\/\/www.melhorescola.com.br\/blog\/eventos-educacionais-2023\/","name":"Vejas os principais eventos educacionais de 2023","isPartOf":{"@id":"https:\/\/www.melhorescola.com.br\/blog\/#website"},"primaryImageOfPage":{"@id":"https:\/\/www.melhorescola.com.br\/blog\/eventos-educacionais-2023\/#primaryimage"},"image":{"@id":"https:\/\/www.melhorescola.com.br\/blog\/eventos-educacionais-2023\/#primaryimage"},"thumbnailUrl":"https:\/\/www.melhorescola.com.br\/blog\/wp-content\/uploads\/2023\/02\/eventos-educacionais-de-2023.jpg","datePublished":"2023-02-22T17:56:48+00:00","dateModified":"2023-02-22T17:56:49+00:00","description":"Eventos s\u00e3o uma \u00f3tima oportunidade de trocar experi\u00eancias e aprender sobre pr\u00e1ticas novas. Saiba quais s\u00e3o os eventos educacionais de 2023.","breadcrumb":{"@id":"https:\/\/www.melhorescola.com.br\/blog\/eventos-educacionais-2023\/#breadcrumb"},"inLanguage":"pt-BR","potentialAction":[{"@type":"ReadAction","target":["https:\/\/www.melhorescola.com.br\/blog\/eventos-educacionais-2023\/"]}]},{"@type":"ImageObject","inLanguage":"pt-BR","@id":"https:\/\/www.melhorescola.com.br\/blog\/eventos-educacionais-2023\/#primaryimage","url":"https:\/\/www.melhorescola.com.br\/blog\/wp-content\/uploads\/2023\/02\/eventos-educacionais-de-2023.jpg","contentUrl":"https:\/\/www.melhorescola.com.br\/blog\/wp-content\/uploads\/2023\/02\/eventos-educacionais-de-2023.jpg","width":1000,"height":667,"caption":"pessoas em um evento"},{"@type":"BreadcrumbList","@id":"https:\/\/www.melhorescola.com.br\/blog\/eventos-educacionais-2023\/#breadcrumb","itemListElement":[{"@type":"ListItem","position":1,"name":"In\u00edcio","item":"https:\/\/www.melhorescola.com.br\/blog\/"},{"@type":"ListItem","position":2,"name":"Vejas os principais eventos educacionais de 2023"}]},{"@type":"WebSite","@id":"https:\/\/www.melhorescola.com.br\/blog\/#website","url":"https:\/\/www.melhorescola.com.br\/blog\/","name":"Blog do Melhor Escola","description":"Veja conte\u00fados sobre capta\u00e7\u00e3o de alunos, gest\u00e3o escolar, marketing educacional, universo pedag\u00f3gico e muito mais!","publisher":{"@id":"https:\/\/www.melhorescola.com.br\/blog\/#organization"},"potentialAction":[{"@type":"SearchAction","target":{"@type":"EntryPoint","urlTemplate":"https:\/\/www.melhorescola.com.br\/blog\/?s={search_term_string}"},"query-input":{"@type":"PropertyValueSpecification","valueRequired":true,"valueName":"search_term_string"}}],"inLanguage":"pt-BR"},{"@type":"Organization","@id":"https:\/\/www.melhorescola.com.br\/blog\/#organization","name":"Melhor Escola B2B","url":"https:\/\/www.melhorescola.com.br\/blog\/","logo":{"@type":"ImageObject","inLanguage":"pt-BR","@id":"https:\/\/www.melhorescola.com.br\/blog\/#\/schema\/logo\/image\/","url":"https:\/\/www.melhorescola.com.br\/blog\/wp-content\/uploads\/2024\/06\/images-removebg-preview-2.png","contentUrl":"https:\/\/www.melhorescola.com.br\/blog\/wp-content\/uploads\/2024\/06\/images-removebg-preview-2.png","width":148,"height":148,"caption":"Melhor Escola B2B"},"image":{"@id":"https:\/\/www.melhorescola.com.br\/blog\/#\/schema\/logo\/image\/"}},{"@type":"Person","@id":"https:\/\/www.melhorescola.com.br\/blog\/#\/schema\/person\/69f6bcf370e4d691499bb39773ead514","name":"Equipe Melhor Escola","image":{"@type":"ImageObject","inLanguage":"pt-BR","@id":"https:\/\/secure.gravatar.com\/avatar\/4d53de8f53c588556476a7dac8aa5945729971f4e08e861b32f5788f918aa2b7?s=96&d=mm&r=g","url":"https:\/\/secure.gravatar.com\/avatar\/4d53de8f53c588556476a7dac8aa5945729971f4e08e861b32f5788f918aa2b7?s=96&d=mm&r=g","contentUrl":"https:\/\/secure.gravatar.com\/avatar\/4d53de8f53c588556476a7dac8aa5945729971f4e08e861b32f5788f918aa2b7?s=96&d=mm&r=g","caption":"Equipe Melhor Escola"},"url":"https:\/\/www.melhorescola.com.br\/blog\/author\/corporativomelhorescola-net\/"}]}},"_links":{"self":[{"href":"https:\/\/www.melhorescola.com.br\/blog\/wp-json\/wp\/v2\/posts\/4119","targetHints":{"allow":["GET"]}}],"collection":[{"href":"https:\/\/www.melhorescola.com.br\/blog\/wp-json\/wp\/v2\/posts"}],"about":[{"href":"https:\/\/www.melhorescola.com.br\/blog\/wp-json\/wp\/v2\/types\/post"}],"author":[{"embeddable":true,"href":"https:\/\/www.melhorescola.com.br\/blog\/wp-json\/wp\/v2\/users\/1"}],"replies":[{"embeddable":true,"href":"https:\/\/www.melhorescola.com.br\/blog\/wp-json\/wp\/v2\/comments?post=4119"}],"version-history":[{"count":1,"href":"https:\/\/www.melhorescola.com.br\/blog\/wp-json\/wp\/v2\/posts\/4119\/revisions"}],"predecessor-version":[{"id":4121,"href":"https:\/\/www.melhorescola.com.br\/blog\/wp-json\/wp\/v2\/posts\/4119\/revisions\/4121"}],"wp:featuredmedia":[{"embeddable":true,"href":"https:\/\/www.melhorescola.com.br\/blog\/wp-json\/wp\/v2\/media\/4120"}],"wp:attachment":[{"href":"https:\/\/www.melhorescola.com.br\/blog\/wp-json\/wp\/v2\/media?parent=4119"}],"wp:term":[{"taxonomy":"category","embeddable":true,"href":"https:\/\/www.melhorescola.com.br\/blog\/wp-json\/wp\/v2\/categories?post=4119"},{"taxonomy":"post_tag","embeddable":true,"href":"https:\/\/www.melhorescola.com.br\/blog\/wp-json\/wp\/v2\/tags?post=4119"}],"curies":[{"name":"wp","href":"https:\/\/api.w.org\/{rel}","templated":true}]}}