{"id":3498,"date":"2021-10-04T16:06:47","date_gmt":"2021-10-04T19:06:47","guid":{"rendered":"https:\/\/www.melhorescola.com.br\/blog\/?p=3498"},"modified":"2024-07-10T16:35:52","modified_gmt":"2024-07-10T19:35:52","slug":"novo-ensino-medio","status":"publish","type":"post","link":"https:\/\/www.melhorescola.com.br\/blog\/novo-ensino-medio\/","title":{"rendered":"Novo Ensino M\u00e9dio: o que \u00e9 e como preparar a sua escola?"},"content":{"rendered":"\n<p>Texto atualizado em 10\/07\/2024.<\/p>\n\n\n\n<p>Em 2017 foi criada a <a href=\"http:\/\/www.planalto.gov.br\/ccivil_03\/_ato2015-2018\/2017\/lei\/l13415.htm\">Lei 13.415\/2017<\/a> que prop\u00f5e uma<strong> reforma no ensino m\u00e9dio.<\/strong> \u00c9 assim que surge o Novo Ensino M\u00e9dio, apresentando algumas mudan\u00e7as dentro da antiga grade curricular. Tais mudan\u00e7as v\u00eam com a proposta de<strong> melhorar a aprendizagem dos brasileiros<\/strong>, entretanto, est\u00e3o sendo um desafio para professores, gestores e alunos das escolas.\u00a0<\/p>\n\n\n\n<p>Foram muitos os motivos para realizar tal mudan\u00e7a. O primeiro deles \u00e9 que notou-se que os alunos saiam sem <strong>habilidades <\/strong>para o mercado de trabalho ao conclu\u00edrem o ensino m\u00e9dio.<\/p>\n\n\n\n<p>Al\u00e9m disso, o<strong> n\u00famero de evas\u00e3o <\/strong>e a taxa de reprova\u00e7\u00e3o de alunos no ensino m\u00e9dio era muito maior do que nas outras s\u00e9ries.\u00a0<\/p>\n\n\n\n<p>As institui\u00e7\u00f5es j\u00e1 est\u00e3o come\u00e7ando a se adaptar a essa reforma. Mas, se voc\u00ea ainda tem d\u00favidas de como fazer a readequa\u00e7\u00e3o, neste artigo vamos apresentar as principais quest\u00f5es que giram em torno de t\u00e3o pol\u00eamico tema.\u00a0<\/p>\n\n\n\n<h2 class=\"wp-block-heading\"><strong>O que \u00e9 o Novo Ensino M\u00e9dio?\u00a0<\/strong><\/h2>\n\n\n\n<p>Criado com o intuito de melhorar a aprendizagem dos brasileiros, essa nova organiza\u00e7\u00e3o torna a<strong> grade curricular do ensino m\u00e9dio mais flex\u00edvel.<\/strong> Com ela, os estudantes ter\u00e3o diferentes possibilidades de escolhas. Ou seja, eles poder\u00e3o escolher o que querem estudar.\u00a0<\/p>\n\n\n\n<p>Assim, essa reforma do ensino m\u00e9dio traz o aluno como protagonista do processo de aprendizagem.<\/p>\n\n\n\n<h2 class=\"wp-block-heading\"><strong>O que muda com a vers\u00e3o final do Novo Ensino M\u00e9dio?\u00a0<\/strong><\/h2>\n\n\n\n<p>O <a href=\"https:\/\/wakke.co\/novo-ensino-medio-2022-saiba-o-que-muda\/\" target=\"_blank\" rel=\"noreferrer noopener\">Novo Ensino M\u00e9dio<\/a>, aprovado durante o governo Michel Temer (PMDB), gerou muita pol\u00eamica principalmente no que dizia respeito aos itiner\u00e1rios formativos e tamb\u00e9m em rela\u00e7\u00e3o \u00e0 carga hor\u00e1ria. Dessa forma, na \u00faltima ter\u00e7a-feira, dia 09 de junho de 2024, a C\u00e2mara dos Deputados aprovou a vers\u00e3o final da proposta para o Novo Ensino M\u00e9dio. <\/p>\n\n\n\n<p>Veja tamb\u00e9m:<\/p>\n\n\n\n<ul class=\"wp-block-list\">\n<li><a href=\"https:\/\/www.melhorescola.com.br\/blog\/itinerarios-formativos-as-polemicas-adaptacoes-do-novo-ensino-medio\/\"><strong>Itiner\u00e1rios formativos: as pol\u00eamicas adapta\u00e7\u00f5es do Novo Ensino M\u00e9dio.<\/strong><\/a><\/li>\n<\/ul>\n\n\n\n<p>A seguir, voc\u00ea confere as principais mudan\u00e7as:<\/p>\n\n\n\n<h3 class=\"wp-block-heading\">Carga hor\u00e1ria <\/h3>\n\n\n\n<p>Em rela\u00e7\u00e3o ao aumento da carga hor\u00e1ria, <strong>atualmente o Ensino M\u00e9dio<\/strong> se encontra dividido da seguinte forma:<\/p>\n\n\n\n<ul class=\"wp-block-list\">\n<li>1.800 horas para disciplinas obrigat\u00f3rias (previstas na Base Nacional Comum Curricular \u2013 BNCC).<\/li>\n\n\n\n<li>1.200 horas para disciplinas optativas (itiner\u00e1rios formativos escolhidos pelo aluno ou curso t\u00e9cnico).<\/li>\n<\/ul>\n\n\n\n<p>Com<strong> proposta aprovada, a carga hor\u00e1ria obrigat\u00f3ria ficar\u00e1 assim:<\/strong><\/p>\n\n\n\n<ul class=\"wp-block-list\">\n<li>2.400 horas para disciplinas obrigat\u00f3rias.<\/li>\n\n\n\n<li>600 horas para disciplinas optativas.<\/li>\n<\/ul>\n\n\n\n<h3 class=\"wp-block-heading\">Disciplinas obrigat\u00f3rias<\/h3>\n\n\n\n<p>As disciplinas obrigat\u00f3rias continuar\u00e3o as mesmas, sendo elas:<\/p>\n\n\n\n<ol class=\"wp-block-list\">\n<li>Portugu\u00eas;<\/li>\n\n\n\n<li>Ingl\u00eas;<\/li>\n\n\n\n<li>Artes;<\/li>\n\n\n\n<li>Educa\u00e7\u00e3o f\u00edsica;<\/li>\n\n\n\n<li>Matem\u00e1tica;<\/li>\n\n\n\n<li>Biologia;<\/li>\n\n\n\n<li>F\u00edsica;<\/li>\n\n\n\n<li>Qu\u00edmica;<\/li>\n\n\n\n<li>Filosofia;<\/li>\n\n\n\n<li>Geografia;<\/li>\n\n\n\n<li>Hist\u00f3ria;<\/li>\n\n\n\n<li>Sociologia.<\/li>\n<\/ol>\n\n\n\n<p>O Espanhol fica como ensino facultativo para as escolas.<\/p>\n\n\n\n<h3 class=\"wp-block-heading\">Itiner\u00e1rios formativos<\/h3>\n\n\n\n<p>Como dito anteriormente, a carga hor\u00e1ria para os itiner\u00e1rios formativos ser\u00e3o reduzidas de 1.200 para 600 horas. <\/p>\n\n\n\n<p>Atualmente as escolas que definem a quantidade e o tipo de itiner\u00e1rios formativos oferecidos. Por\u00e9m, com a nova mudan\u00e7a, cada rede de ensino dever\u00e1 ofertar no m\u00ednimo dois itiner\u00e1rios (exceto aquelas que oferecem ensino t\u00e9cnico).<\/p>\n\n\n\n<p>Al\u00e9m disso, as disciplinas optativas no ensino m\u00e9dio dever\u00e3o estar relacionais a um dos quatro itiner\u00e1rios formativos:<\/p>\n\n\n\n<ul class=\"wp-block-list\">\n<li>Linguagens e suas tecnologias;<\/li>\n\n\n\n<li>Matem\u00e1tica e suas tecnologias;<\/li>\n\n\n\n<li>Ci\u00eancias da natureza e suas tecnologias;<\/li>\n\n\n\n<li>Ci\u00eancias humanas e sociais aplicadas.<\/li>\n<\/ul>\n\n\n\n<h3 class=\"wp-block-heading\">Ensino T\u00e9cnico<\/h3>\n\n\n\n<p>As disciplinas obrigat\u00f3rias no ensino t\u00e9cnico passar\u00e3o de 1.800 horas para 2.100 horas, com 300 podendo ser destinadas a conte\u00fados da Base Nacional Comum Curricular (BNCC) relacionados \u00e0 forma\u00e7\u00e3o t\u00e9cnica. J\u00e1 as horas de curso profissionalizante poder\u00e3o ir de 900 a 1,2 mil horas.<\/p>\n\n\n\n<h3 class=\"wp-block-heading\">Ensino \u00e0 dist\u00e2ncia<\/h3>\n\n\n\n<p>Atualmente a legisla\u00e7\u00e3o permite atividades online e conv\u00eanios com institui\u00e7\u00f5es de educa\u00e7\u00e3o \u00e0 dist\u00e2ncia. Por\u00e9m, com a renova\u00e7\u00e3o, a carga hor\u00e1ria da forma\u00e7\u00e3o geral b\u00e1sica deve ser oferecida presencialmente, com <strong>ensino mediado por tecnologia permitido em casos excepcionais.<\/strong><\/p>\n\n\n\n<h2 class=\"wp-block-heading\"><strong>Quando as escolas precisam se adaptar?\u00a0<\/strong><\/h2>\n\n\n\n<p>O projeto aprovado estabelece a aplica\u00e7\u00e3o de todas as mudan\u00e7as j\u00e1 para 2025 no caso de alunos que ir\u00e3o entrar no ensino m\u00e9dio. Agora aqueles que j\u00e1 estiverem no ensino m\u00e9dio ter\u00e3o um per\u00edodo de adapta\u00e7\u00e3o.<\/p>\n\n\n\n<h2 class=\"wp-block-heading\"><strong>Como preparar a sua escola para o Novo Ensino M\u00e9dio?<\/strong><\/h2>\n\n\n\n<p>Apesar de muitas escolas j\u00e1 estarem se adaptando ao Novo Ensino M\u00e9dio, tem muitas outras que ainda est\u00e3o precisando de ajuda. Pensando nisso, listamos algumas formas para voc\u00ea se preparar para a mudan\u00e7a:<\/p>\n\n\n\n<ul class=\"wp-block-list\">\n<li>Fa\u00e7a uma an\u00e1lise de como est\u00e1 o curr\u00edculo, o Plano Pedag\u00f3gico e os hor\u00e1rios da sua escola. Com isso, \u00e9 poss\u00edvel planejar como adapt\u00e1-los;\u00a0<\/li>\n\n\n\n<li>Realize uma an\u00e1lise de como est\u00e1 o espa\u00e7o f\u00edsico da sua escola. Se pergunte se h\u00e1 salas e espa\u00e7os para as novas atividades;<\/li>\n\n\n\n<li>Verifique se ser\u00e1 necess\u00e1rio comprar novos materiais para os alunos utilizaram em sala;<\/li>\n\n\n\n<li>Fa\u00e7a um levantamento se ser\u00e1 necess\u00e1rio novas contrata\u00e7\u00f5es;<\/li>\n\n\n\n<li>Converse com outras escolas! A troca de experi\u00eancia \u00e9 essencial nesse momento de mudan\u00e7a, veja como eles est\u00e3o se adaptando.\u00a0<\/li>\n<\/ul>\n\n\n\n<p>Para manter-se sempre atualizado e ter outras orienta\u00e7\u00f5es fundamentais, fa\u00e7a parte da maior comunidade de gestores escolares do Brasil. <a href=\"https:\/\/conteudo.melhorescola.com.br\/clube-dos-diretores\">Clique aqui<\/a> e entre para o Clube dos Diretores e tenha acesso<strong> a mais de 40 horas <\/strong>de videoaulas com os maiores especialistas em educa\u00e7\u00e3o do Brasil.<\/p>\n","protected":false},"excerpt":{"rendered":"<p>Texto atualizado em 10\/07\/2024. Em 2017 foi criada a Lei 13.415\/2017 que prop\u00f5e uma reforma no ensino m\u00e9dio. \u00c9 assim que surge o Novo Ensino&hellip;<\/p>\n","protected":false},"author":16,"featured_media":3499,"comment_status":"open","ping_status":"open","sticky":false,"template":"","format":"standard","meta":{"footnotes":""},"categories":[259],"tags":[424,296,248],"class_list":["post-3498","post","type-post","status-publish","format-standard","has-post-thumbnail","hentry","category-universo-pedagogico","tag-adaptacao-ao-novo-ensino-medio","tag-ensino-medio","tag-novo-ensino-medio"],"yoast_head":"<!-- This site is optimized with the Yoast SEO plugin v27.5 - https:\/\/yoast.com\/product\/yoast-seo-wordpress\/ -->\n<title>Novo Ensino M\u00e9dio: o que \u00e9 e como preparar a sua escola? - Blog do Melhor Escola<\/title>\n<meta name=\"description\" content=\"Muitas escolas j\u00e1 est\u00e3o se adaptando ao Novo Ensino M\u00e9dio. Mas, voc\u00ea sabe como preparar a sua escola? Leia esse artigo para saber mais.\" \/>\n<meta name=\"robots\" content=\"index, follow, max-snippet:-1, max-image-preview:large, max-video-preview:-1\" \/>\n<link rel=\"canonical\" href=\"https:\/\/www.melhorescola.com.br\/blog\/novo-ensino-medio\/\" \/>\n<meta property=\"og:locale\" content=\"pt_BR\" \/>\n<meta property=\"og:type\" content=\"article\" \/>\n<meta property=\"og:title\" content=\"Novo Ensino M\u00e9dio: o que \u00e9 e como preparar a sua escola? - Blog do Melhor Escola\" \/>\n<meta property=\"og:description\" content=\"Muitas escolas j\u00e1 est\u00e3o se adaptando ao Novo Ensino M\u00e9dio. Mas, voc\u00ea sabe como preparar a sua escola? Leia esse artigo para saber mais.\" \/>\n<meta property=\"og:url\" content=\"https:\/\/www.melhorescola.com.br\/blog\/novo-ensino-medio\/\" \/>\n<meta property=\"og:site_name\" content=\"Blog do Melhor Escola\" \/>\n<meta property=\"article:published_time\" content=\"2021-10-04T19:06:47+00:00\" \/>\n<meta property=\"article:modified_time\" content=\"2024-07-10T19:35:52+00:00\" \/>\n<meta property=\"og:image\" content=\"https:\/\/www.melhorescola.com.br\/blog\/wp-content\/uploads\/2021\/10\/high-school-students-in-the-new-normal-studying-on-stairway-1.jpg\" \/>\n\t<meta property=\"og:image:width\" content=\"1500\" \/>\n\t<meta property=\"og:image:height\" content=\"1030\" \/>\n\t<meta property=\"og:image:type\" content=\"image\/jpeg\" \/>\n<meta name=\"author\" content=\"Yuri Marques\" \/>\n<meta name=\"twitter:card\" content=\"summary_large_image\" \/>\n<meta name=\"twitter:label1\" content=\"Escrito por\" \/>\n\t<meta name=\"twitter:data1\" content=\"Yuri Marques\" \/>\n\t<meta name=\"twitter:label2\" content=\"Est. tempo de leitura\" \/>\n\t<meta name=\"twitter:data2\" content=\"5 minutos\" \/>\n<script type=\"application\/ld+json\" class=\"yoast-schema-graph\">{\"@context\":\"https:\\\/\\\/schema.org\",\"@graph\":[{\"@type\":\"Article\",\"@id\":\"https:\\\/\\\/www.melhorescola.com.br\\\/blog\\\/novo-ensino-medio\\\/#article\",\"isPartOf\":{\"@id\":\"https:\\\/\\\/www.melhorescola.com.br\\\/blog\\\/novo-ensino-medio\\\/\"},\"author\":{\"name\":\"Yuri Marques\",\"@id\":\"https:\\\/\\\/www.melhorescola.com.br\\\/blog\\\/#\\\/schema\\\/person\\\/47eedb6390eb4de0971d8bca312cb45f\"},\"headline\":\"Novo Ensino M\u00e9dio: o que \u00e9 e como preparar a sua escola?\",\"datePublished\":\"2021-10-04T19:06:47+00:00\",\"dateModified\":\"2024-07-10T19:35:52+00:00\",\"mainEntityOfPage\":{\"@id\":\"https:\\\/\\\/www.melhorescola.com.br\\\/blog\\\/novo-ensino-medio\\\/\"},\"wordCount\":916,\"commentCount\":0,\"publisher\":{\"@id\":\"https:\\\/\\\/www.melhorescola.com.br\\\/blog\\\/#organization\"},\"image\":{\"@id\":\"https:\\\/\\\/www.melhorescola.com.br\\\/blog\\\/novo-ensino-medio\\\/#primaryimage\"},\"thumbnailUrl\":\"https:\\\/\\\/www.melhorescola.com.br\\\/blog\\\/wp-content\\\/uploads\\\/2021\\\/10\\\/high-school-students-in-the-new-normal-studying-on-stairway-1.jpg\",\"keywords\":[\"adapta\u00e7\u00e3o ao novo ensino m\u00e9dio\",\"ensino m\u00e9dio\",\"novo ensino m\u00e9dio\"],\"articleSection\":[\"Universo pedag\u00f3gico\"],\"inLanguage\":\"pt-BR\",\"potentialAction\":[{\"@type\":\"CommentAction\",\"name\":\"Comment\",\"target\":[\"https:\\\/\\\/www.melhorescola.com.br\\\/blog\\\/novo-ensino-medio\\\/#respond\"]}]},{\"@type\":\"WebPage\",\"@id\":\"https:\\\/\\\/www.melhorescola.com.br\\\/blog\\\/novo-ensino-medio\\\/\",\"url\":\"https:\\\/\\\/www.melhorescola.com.br\\\/blog\\\/novo-ensino-medio\\\/\",\"name\":\"Novo Ensino M\u00e9dio: o que \u00e9 e como preparar a sua escola? - Blog do Melhor Escola\",\"isPartOf\":{\"@id\":\"https:\\\/\\\/www.melhorescola.com.br\\\/blog\\\/#website\"},\"primaryImageOfPage\":{\"@id\":\"https:\\\/\\\/www.melhorescola.com.br\\\/blog\\\/novo-ensino-medio\\\/#primaryimage\"},\"image\":{\"@id\":\"https:\\\/\\\/www.melhorescola.com.br\\\/blog\\\/novo-ensino-medio\\\/#primaryimage\"},\"thumbnailUrl\":\"https:\\\/\\\/www.melhorescola.com.br\\\/blog\\\/wp-content\\\/uploads\\\/2021\\\/10\\\/high-school-students-in-the-new-normal-studying-on-stairway-1.jpg\",\"datePublished\":\"2021-10-04T19:06:47+00:00\",\"dateModified\":\"2024-07-10T19:35:52+00:00\",\"description\":\"Muitas escolas j\u00e1 est\u00e3o se adaptando ao Novo Ensino M\u00e9dio. Mas, voc\u00ea sabe como preparar a sua escola? Leia esse artigo para saber mais.\",\"breadcrumb\":{\"@id\":\"https:\\\/\\\/www.melhorescola.com.br\\\/blog\\\/novo-ensino-medio\\\/#breadcrumb\"},\"inLanguage\":\"pt-BR\",\"potentialAction\":[{\"@type\":\"ReadAction\",\"target\":[\"https:\\\/\\\/www.melhorescola.com.br\\\/blog\\\/novo-ensino-medio\\\/\"]}]},{\"@type\":\"ImageObject\",\"inLanguage\":\"pt-BR\",\"@id\":\"https:\\\/\\\/www.melhorescola.com.br\\\/blog\\\/novo-ensino-medio\\\/#primaryimage\",\"url\":\"https:\\\/\\\/www.melhorescola.com.br\\\/blog\\\/wp-content\\\/uploads\\\/2021\\\/10\\\/high-school-students-in-the-new-normal-studying-on-stairway-1.jpg\",\"contentUrl\":\"https:\\\/\\\/www.melhorescola.com.br\\\/blog\\\/wp-content\\\/uploads\\\/2021\\\/10\\\/high-school-students-in-the-new-normal-studying-on-stairway-1.jpg\",\"width\":1500,\"height\":1030,\"caption\":\"Novo Ensino M\u00e9dio: O que \u00e9 e como preparar a sua escola?\"},{\"@type\":\"BreadcrumbList\",\"@id\":\"https:\\\/\\\/www.melhorescola.com.br\\\/blog\\\/novo-ensino-medio\\\/#breadcrumb\",\"itemListElement\":[{\"@type\":\"ListItem\",\"position\":1,\"name\":\"In\u00edcio\",\"item\":\"https:\\\/\\\/www.melhorescola.com.br\\\/blog\\\/\"},{\"@type\":\"ListItem\",\"position\":2,\"name\":\"Novo Ensino M\u00e9dio: o que \u00e9 e como preparar a sua escola?\"}]},{\"@type\":\"WebSite\",\"@id\":\"https:\\\/\\\/www.melhorescola.com.br\\\/blog\\\/#website\",\"url\":\"https:\\\/\\\/www.melhorescola.com.br\\\/blog\\\/\",\"name\":\"Blog do Melhor Escola\",\"description\":\"Veja conte\u00fados sobre capta\u00e7\u00e3o de alunos, gest\u00e3o escolar, marketing educacional, universo pedag\u00f3gico e muito mais!\",\"publisher\":{\"@id\":\"https:\\\/\\\/www.melhorescola.com.br\\\/blog\\\/#organization\"},\"potentialAction\":[{\"@type\":\"SearchAction\",\"target\":{\"@type\":\"EntryPoint\",\"urlTemplate\":\"https:\\\/\\\/www.melhorescola.com.br\\\/blog\\\/?s={search_term_string}\"},\"query-input\":{\"@type\":\"PropertyValueSpecification\",\"valueRequired\":true,\"valueName\":\"search_term_string\"}}],\"inLanguage\":\"pt-BR\"},{\"@type\":\"Organization\",\"@id\":\"https:\\\/\\\/www.melhorescola.com.br\\\/blog\\\/#organization\",\"name\":\"Melhor Escola B2B\",\"url\":\"https:\\\/\\\/www.melhorescola.com.br\\\/blog\\\/\",\"logo\":{\"@type\":\"ImageObject\",\"inLanguage\":\"pt-BR\",\"@id\":\"https:\\\/\\\/www.melhorescola.com.br\\\/blog\\\/#\\\/schema\\\/logo\\\/image\\\/\",\"url\":\"https:\\\/\\\/www.melhorescola.com.br\\\/blog\\\/wp-content\\\/uploads\\\/2024\\\/06\\\/images-removebg-preview-2.png\",\"contentUrl\":\"https:\\\/\\\/www.melhorescola.com.br\\\/blog\\\/wp-content\\\/uploads\\\/2024\\\/06\\\/images-removebg-preview-2.png\",\"width\":148,\"height\":148,\"caption\":\"Melhor Escola B2B\"},\"image\":{\"@id\":\"https:\\\/\\\/www.melhorescola.com.br\\\/blog\\\/#\\\/schema\\\/logo\\\/image\\\/\"}},{\"@type\":\"Person\",\"@id\":\"https:\\\/\\\/www.melhorescola.com.br\\\/blog\\\/#\\\/schema\\\/person\\\/47eedb6390eb4de0971d8bca312cb45f\",\"name\":\"Yuri Marques\",\"image\":{\"@type\":\"ImageObject\",\"inLanguage\":\"pt-BR\",\"@id\":\"https:\\\/\\\/secure.gravatar.com\\\/avatar\\\/a3899e9b10387d9bebbea889d84b639d183171305265918755f276cb99450013?s=96&d=mm&r=g\",\"url\":\"https:\\\/\\\/secure.gravatar.com\\\/avatar\\\/a3899e9b10387d9bebbea889d84b639d183171305265918755f276cb99450013?s=96&d=mm&r=g\",\"contentUrl\":\"https:\\\/\\\/secure.gravatar.com\\\/avatar\\\/a3899e9b10387d9bebbea889d84b639d183171305265918755f276cb99450013?s=96&d=mm&r=g\",\"caption\":\"Yuri Marques\"},\"url\":\"https:\\\/\\\/www.melhorescola.com.br\\\/blog\\\/author\\\/yuri-marques\\\/\"}]}<\/script>\n<!-- \/ Yoast SEO plugin. -->","yoast_head_json":{"title":"Novo Ensino M\u00e9dio: o que \u00e9 e como preparar a sua escola? - Blog do Melhor Escola","description":"Muitas escolas j\u00e1 est\u00e3o se adaptando ao Novo Ensino M\u00e9dio. Mas, voc\u00ea sabe como preparar a sua escola? Leia esse artigo para saber mais.","robots":{"index":"index","follow":"follow","max-snippet":"max-snippet:-1","max-image-preview":"max-image-preview:large","max-video-preview":"max-video-preview:-1"},"canonical":"https:\/\/www.melhorescola.com.br\/blog\/novo-ensino-medio\/","og_locale":"pt_BR","og_type":"article","og_title":"Novo Ensino M\u00e9dio: o que \u00e9 e como preparar a sua escola? - Blog do Melhor Escola","og_description":"Muitas escolas j\u00e1 est\u00e3o se adaptando ao Novo Ensino M\u00e9dio. Mas, voc\u00ea sabe como preparar a sua escola? Leia esse artigo para saber mais.","og_url":"https:\/\/www.melhorescola.com.br\/blog\/novo-ensino-medio\/","og_site_name":"Blog do Melhor Escola","article_published_time":"2021-10-04T19:06:47+00:00","article_modified_time":"2024-07-10T19:35:52+00:00","og_image":[{"width":1500,"height":1030,"url":"https:\/\/www.melhorescola.com.br\/blog\/wp-content\/uploads\/2021\/10\/high-school-students-in-the-new-normal-studying-on-stairway-1.jpg","type":"image\/jpeg"}],"author":"Yuri Marques","twitter_card":"summary_large_image","twitter_misc":{"Escrito por":"Yuri Marques","Est. tempo de leitura":"5 minutos"},"schema":{"@context":"https:\/\/schema.org","@graph":[{"@type":"Article","@id":"https:\/\/www.melhorescola.com.br\/blog\/novo-ensino-medio\/#article","isPartOf":{"@id":"https:\/\/www.melhorescola.com.br\/blog\/novo-ensino-medio\/"},"author":{"name":"Yuri Marques","@id":"https:\/\/www.melhorescola.com.br\/blog\/#\/schema\/person\/47eedb6390eb4de0971d8bca312cb45f"},"headline":"Novo Ensino M\u00e9dio: o que \u00e9 e como preparar a sua escola?","datePublished":"2021-10-04T19:06:47+00:00","dateModified":"2024-07-10T19:35:52+00:00","mainEntityOfPage":{"@id":"https:\/\/www.melhorescola.com.br\/blog\/novo-ensino-medio\/"},"wordCount":916,"commentCount":0,"publisher":{"@id":"https:\/\/www.melhorescola.com.br\/blog\/#organization"},"image":{"@id":"https:\/\/www.melhorescola.com.br\/blog\/novo-ensino-medio\/#primaryimage"},"thumbnailUrl":"https:\/\/www.melhorescola.com.br\/blog\/wp-content\/uploads\/2021\/10\/high-school-students-in-the-new-normal-studying-on-stairway-1.jpg","keywords":["adapta\u00e7\u00e3o ao novo ensino m\u00e9dio","ensino m\u00e9dio","novo ensino m\u00e9dio"],"articleSection":["Universo pedag\u00f3gico"],"inLanguage":"pt-BR","potentialAction":[{"@type":"CommentAction","name":"Comment","target":["https:\/\/www.melhorescola.com.br\/blog\/novo-ensino-medio\/#respond"]}]},{"@type":"WebPage","@id":"https:\/\/www.melhorescola.com.br\/blog\/novo-ensino-medio\/","url":"https:\/\/www.melhorescola.com.br\/blog\/novo-ensino-medio\/","name":"Novo Ensino M\u00e9dio: o que \u00e9 e como preparar a sua escola? - Blog do Melhor Escola","isPartOf":{"@id":"https:\/\/www.melhorescola.com.br\/blog\/#website"},"primaryImageOfPage":{"@id":"https:\/\/www.melhorescola.com.br\/blog\/novo-ensino-medio\/#primaryimage"},"image":{"@id":"https:\/\/www.melhorescola.com.br\/blog\/novo-ensino-medio\/#primaryimage"},"thumbnailUrl":"https:\/\/www.melhorescola.com.br\/blog\/wp-content\/uploads\/2021\/10\/high-school-students-in-the-new-normal-studying-on-stairway-1.jpg","datePublished":"2021-10-04T19:06:47+00:00","dateModified":"2024-07-10T19:35:52+00:00","description":"Muitas escolas j\u00e1 est\u00e3o se adaptando ao Novo Ensino M\u00e9dio. Mas, voc\u00ea sabe como preparar a sua escola? Leia esse artigo para saber mais.","breadcrumb":{"@id":"https:\/\/www.melhorescola.com.br\/blog\/novo-ensino-medio\/#breadcrumb"},"inLanguage":"pt-BR","potentialAction":[{"@type":"ReadAction","target":["https:\/\/www.melhorescola.com.br\/blog\/novo-ensino-medio\/"]}]},{"@type":"ImageObject","inLanguage":"pt-BR","@id":"https:\/\/www.melhorescola.com.br\/blog\/novo-ensino-medio\/#primaryimage","url":"https:\/\/www.melhorescola.com.br\/blog\/wp-content\/uploads\/2021\/10\/high-school-students-in-the-new-normal-studying-on-stairway-1.jpg","contentUrl":"https:\/\/www.melhorescola.com.br\/blog\/wp-content\/uploads\/2021\/10\/high-school-students-in-the-new-normal-studying-on-stairway-1.jpg","width":1500,"height":1030,"caption":"Novo Ensino M\u00e9dio: O que \u00e9 e como preparar a sua escola?"},{"@type":"BreadcrumbList","@id":"https:\/\/www.melhorescola.com.br\/blog\/novo-ensino-medio\/#breadcrumb","itemListElement":[{"@type":"ListItem","position":1,"name":"In\u00edcio","item":"https:\/\/www.melhorescola.com.br\/blog\/"},{"@type":"ListItem","position":2,"name":"Novo Ensino M\u00e9dio: o que \u00e9 e como preparar a sua escola?"}]},{"@type":"WebSite","@id":"https:\/\/www.melhorescola.com.br\/blog\/#website","url":"https:\/\/www.melhorescola.com.br\/blog\/","name":"Blog do Melhor Escola","description":"Veja conte\u00fados sobre capta\u00e7\u00e3o de alunos, gest\u00e3o escolar, marketing educacional, universo pedag\u00f3gico e muito mais!","publisher":{"@id":"https:\/\/www.melhorescola.com.br\/blog\/#organization"},"potentialAction":[{"@type":"SearchAction","target":{"@type":"EntryPoint","urlTemplate":"https:\/\/www.melhorescola.com.br\/blog\/?s={search_term_string}"},"query-input":{"@type":"PropertyValueSpecification","valueRequired":true,"valueName":"search_term_string"}}],"inLanguage":"pt-BR"},{"@type":"Organization","@id":"https:\/\/www.melhorescola.com.br\/blog\/#organization","name":"Melhor Escola B2B","url":"https:\/\/www.melhorescola.com.br\/blog\/","logo":{"@type":"ImageObject","inLanguage":"pt-BR","@id":"https:\/\/www.melhorescola.com.br\/blog\/#\/schema\/logo\/image\/","url":"https:\/\/www.melhorescola.com.br\/blog\/wp-content\/uploads\/2024\/06\/images-removebg-preview-2.png","contentUrl":"https:\/\/www.melhorescola.com.br\/blog\/wp-content\/uploads\/2024\/06\/images-removebg-preview-2.png","width":148,"height":148,"caption":"Melhor Escola B2B"},"image":{"@id":"https:\/\/www.melhorescola.com.br\/blog\/#\/schema\/logo\/image\/"}},{"@type":"Person","@id":"https:\/\/www.melhorescola.com.br\/blog\/#\/schema\/person\/47eedb6390eb4de0971d8bca312cb45f","name":"Yuri Marques","image":{"@type":"ImageObject","inLanguage":"pt-BR","@id":"https:\/\/secure.gravatar.com\/avatar\/a3899e9b10387d9bebbea889d84b639d183171305265918755f276cb99450013?s=96&d=mm&r=g","url":"https:\/\/secure.gravatar.com\/avatar\/a3899e9b10387d9bebbea889d84b639d183171305265918755f276cb99450013?s=96&d=mm&r=g","contentUrl":"https:\/\/secure.gravatar.com\/avatar\/a3899e9b10387d9bebbea889d84b639d183171305265918755f276cb99450013?s=96&d=mm&r=g","caption":"Yuri Marques"},"url":"https:\/\/www.melhorescola.com.br\/blog\/author\/yuri-marques\/"}]}},"_links":{"self":[{"href":"https:\/\/www.melhorescola.com.br\/blog\/wp-json\/wp\/v2\/posts\/3498","targetHints":{"allow":["GET"]}}],"collection":[{"href":"https:\/\/www.melhorescola.com.br\/blog\/wp-json\/wp\/v2\/posts"}],"about":[{"href":"https:\/\/www.melhorescola.com.br\/blog\/wp-json\/wp\/v2\/types\/post"}],"author":[{"embeddable":true,"href":"https:\/\/www.melhorescola.com.br\/blog\/wp-json\/wp\/v2\/users\/16"}],"replies":[{"embeddable":true,"href":"https:\/\/www.melhorescola.com.br\/blog\/wp-json\/wp\/v2\/comments?post=3498"}],"version-history":[{"count":6,"href":"https:\/\/www.melhorescola.com.br\/blog\/wp-json\/wp\/v2\/posts\/3498\/revisions"}],"predecessor-version":[{"id":23516,"href":"https:\/\/www.melhorescola.com.br\/blog\/wp-json\/wp\/v2\/posts\/3498\/revisions\/23516"}],"wp:featuredmedia":[{"embeddable":true,"href":"https:\/\/www.melhorescola.com.br\/blog\/wp-json\/wp\/v2\/media\/3499"}],"wp:attachment":[{"href":"https:\/\/www.melhorescola.com.br\/blog\/wp-json\/wp\/v2\/media?parent=3498"}],"wp:term":[{"taxonomy":"category","embeddable":true,"href":"https:\/\/www.melhorescola.com.br\/blog\/wp-json\/wp\/v2\/categories?post=3498"},{"taxonomy":"post_tag","embeddable":true,"href":"https:\/\/www.melhorescola.com.br\/blog\/wp-json\/wp\/v2\/tags?post=3498"}],"curies":[{"name":"wp","href":"https:\/\/api.w.org\/{rel}","templated":true}]}}