{"id":3305,"date":"2021-06-23T08:49:24","date_gmt":"2021-06-23T11:49:24","guid":{"rendered":"https:\/\/www.melhorescola.com.br\/blog\/?p=3305"},"modified":"2021-06-23T08:49:26","modified_gmt":"2021-06-23T11:49:26","slug":"vacinacao-em-profissionais-da-educacao-no-maranhao","status":"publish","type":"post","link":"https:\/\/www.melhorescola.com.br\/blog\/vacinacao-em-profissionais-da-educacao-no-maranhao\/","title":{"rendered":"Experi\u00eancia no Maranh\u00e3o mostra que \u00e9 poss\u00edvel sim acelerar a vacina\u00e7\u00e3o de educadores."},"content":{"rendered":"\n<p class=\"wp-block-paragraph\">Pesquisa realizada pelo site Melhor Escola revelou que 65% dos educadores do ensino b\u00e1sico no estado do Maranh\u00e3o receberam pelo menos 1 dose da vacina, enquanto a m\u00e9dia brasileira \u00e9 de 16% de educadores vacinados. <a href=\"https:\/\/www.melhorescola.com.br\/vacinacao-ensino-basico.pdf\">Veja a Pesquisa de Vacina\u00e7\u00e3o da Educa\u00e7\u00e3o B\u00e1sica<\/a>.<\/p>\n\n\n\n<p class=\"wp-block-paragraph\">A pesquisa confirma a viabilidade de imunizar educadores com maior velocidade e assim diminuir o impacto da pandemia na educa\u00e7\u00e3o.<\/p>\n\n\n\n<p class=\"wp-block-paragraph\">O estado do Maranh\u00e3o iniciou a vacina\u00e7\u00e3o em massa de educadores em 20 de abril de 2021 e em 20 de maio, ou seja, em um m\u00eas, j\u00e1 havia vacinado mais de 100 mil educadores, segundo dados do pr\u00f3prio estado.<\/p>\n\n\n\n<p class=\"wp-block-paragraph\">A vacina\u00e7\u00e3o deste p\u00fablico nos deixa ainda mais otimistas, uma vez que temos dado passos cada vez mais promissores no combate ao coronav\u00edrus\u201d, disse o vice-governador Carlos Brand\u00e3o.<\/p>\n\n\n\n<p class=\"wp-block-paragraph\">N\u00f3s do Melhor Escola somos a favor da prioriza\u00e7\u00e3o dos educadores na vacina\u00e7\u00e3o contra Covid-19 para que o impacto da pandemia na educa\u00e7\u00e3o n\u00e3o seja ainda mais agravado. Se voc\u00ea tamb\u00e9m \u00e9 a favor compartilhe esse texto e cobre os pol\u00edticos do seu alcance.<\/p>\n\n\n\n<p class=\"wp-block-paragraph\">#educacao\u00e9linhadefrente<\/p>\n","protected":false},"excerpt":{"rendered":"<p>Velocidade de vacina\u00e7\u00e3o dos profissionais da educa\u00e7\u00e3o no Maranh\u00e3o surpreende outros estados<\/p>\n","protected":false},"author":1,"featured_media":3306,"comment_status":"open","ping_status":"open","sticky":false,"template":"","format":"standard","meta":{"footnotes":""},"categories":[322],"tags":[],"class_list":["post-3305","post","type-post","status-publish","format-standard","has-post-thumbnail","hentry","category-noticias"],"yoast_head":"<!-- This site is optimized with the Yoast SEO plugin v28.4 - https:\/\/yoast.com\/product\/yoast-seo-wordpress\/ -->\n<title>Experi\u00eancia no Maranh\u00e3o mostra que \u00e9 poss\u00edvel sim acelerar a vacina\u00e7\u00e3o de educadores. - Blog do Melhor Escola<\/title>\n<meta name=\"description\" content=\"Velocidade de vacina\u00e7\u00e3o nos profissionais da educa\u00e7\u00e3o \u00e9 eficaz e surpreende outros estados brasileiros.\" \/>\n<meta name=\"robots\" content=\"index, follow, max-snippet:-1, max-image-preview:large, max-video-preview:-1\" \/>\n<link rel=\"canonical\" href=\"https:\/\/www.melhorescola.com.br\/blog\/vacinacao-em-profissionais-da-educacao-no-maranhao\/\" \/>\n<meta property=\"og:locale\" content=\"pt_BR\" \/>\n<meta property=\"og:type\" content=\"article\" \/>\n<meta property=\"og:title\" content=\"Experi\u00eancia no Maranh\u00e3o mostra que \u00e9 poss\u00edvel sim acelerar a vacina\u00e7\u00e3o de educadores. - Blog do Melhor Escola\" \/>\n<meta property=\"og:description\" content=\"Velocidade de vacina\u00e7\u00e3o nos profissionais da educa\u00e7\u00e3o \u00e9 eficaz e surpreende outros estados brasileiros.\" \/>\n<meta property=\"og:url\" content=\"https:\/\/www.melhorescola.com.br\/blog\/vacinacao-em-profissionais-da-educacao-no-maranhao\/\" \/>\n<meta property=\"og:site_name\" content=\"Blog do Melhor Escola\" \/>\n<meta property=\"article:published_time\" content=\"2021-06-23T11:49:24+00:00\" \/>\n<meta property=\"article:modified_time\" content=\"2021-06-23T11:49:26+00:00\" \/>\n<meta property=\"og:image\" content=\"https:\/\/www.melhorescola.com.br\/blog\/wp-content\/uploads\/2021\/06\/vacina-professora.png\" \/>\n\t<meta property=\"og:image:width\" content=\"601\" \/>\n\t<meta property=\"og:image:height\" content=\"399\" \/>\n\t<meta property=\"og:image:type\" content=\"image\/png\" \/>\n<meta name=\"author\" content=\"Equipe Melhor Escola\" \/>\n<meta name=\"twitter:card\" content=\"summary_large_image\" \/>\n<meta name=\"twitter:label1\" content=\"Escrito por\" \/>\n\t<meta name=\"twitter:data1\" content=\"Equipe Melhor Escola\" \/>\n\t<meta name=\"twitter:label2\" content=\"Est. tempo de leitura\" \/>\n\t<meta name=\"twitter:data2\" content=\"1 minuto\" \/>\n<script type=\"application\/ld+json\" class=\"yoast-schema-graph\">{\"@context\":\"https:\\\/\\\/schema.org\",\"@graph\":[{\"@type\":\"Article\",\"@id\":\"https:\\\/\\\/www.melhorescola.com.br\\\/blog\\\/vacinacao-em-profissionais-da-educacao-no-maranhao\\\/#article\",\"isPartOf\":{\"@id\":\"https:\\\/\\\/www.melhorescola.com.br\\\/blog\\\/vacinacao-em-profissionais-da-educacao-no-maranhao\\\/\"},\"author\":{\"name\":\"Equipe Melhor Escola\",\"@id\":\"https:\\\/\\\/www.melhorescola.com.br\\\/blog\\\/#\\\/schema\\\/person\\\/69f6bcf370e4d691499bb39773ead514\"},\"headline\":\"Experi\u00eancia no Maranh\u00e3o mostra que \u00e9 poss\u00edvel sim acelerar a vacina\u00e7\u00e3o de educadores.\",\"datePublished\":\"2021-06-23T11:49:24+00:00\",\"dateModified\":\"2021-06-23T11:49:26+00:00\",\"mainEntityOfPage\":{\"@id\":\"https:\\\/\\\/www.melhorescola.com.br\\\/blog\\\/vacinacao-em-profissionais-da-educacao-no-maranhao\\\/\"},\"wordCount\":206,\"commentCount\":0,\"publisher\":{\"@id\":\"https:\\\/\\\/www.melhorescola.com.br\\\/blog\\\/#organization\"},\"image\":{\"@id\":\"https:\\\/\\\/www.melhorescola.com.br\\\/blog\\\/vacinacao-em-profissionais-da-educacao-no-maranhao\\\/#primaryimage\"},\"thumbnailUrl\":\"https:\\\/\\\/www.melhorescola.com.br\\\/blog\\\/wp-content\\\/uploads\\\/2021\\\/06\\\/vacina-professora.png\",\"articleSection\":[\"Not\u00edcias\"],\"inLanguage\":\"pt-BR\",\"potentialAction\":[{\"@type\":\"CommentAction\",\"name\":\"Comment\",\"target\":[\"https:\\\/\\\/www.melhorescola.com.br\\\/blog\\\/vacinacao-em-profissionais-da-educacao-no-maranhao\\\/#respond\"]}]},{\"@type\":\"WebPage\",\"@id\":\"https:\\\/\\\/www.melhorescola.com.br\\\/blog\\\/vacinacao-em-profissionais-da-educacao-no-maranhao\\\/\",\"url\":\"https:\\\/\\\/www.melhorescola.com.br\\\/blog\\\/vacinacao-em-profissionais-da-educacao-no-maranhao\\\/\",\"name\":\"Experi\u00eancia no Maranh\u00e3o mostra que \u00e9 poss\u00edvel sim acelerar a vacina\u00e7\u00e3o de educadores. - Blog do Melhor Escola\",\"isPartOf\":{\"@id\":\"https:\\\/\\\/www.melhorescola.com.br\\\/blog\\\/#website\"},\"primaryImageOfPage\":{\"@id\":\"https:\\\/\\\/www.melhorescola.com.br\\\/blog\\\/vacinacao-em-profissionais-da-educacao-no-maranhao\\\/#primaryimage\"},\"image\":{\"@id\":\"https:\\\/\\\/www.melhorescola.com.br\\\/blog\\\/vacinacao-em-profissionais-da-educacao-no-maranhao\\\/#primaryimage\"},\"thumbnailUrl\":\"https:\\\/\\\/www.melhorescola.com.br\\\/blog\\\/wp-content\\\/uploads\\\/2021\\\/06\\\/vacina-professora.png\",\"datePublished\":\"2021-06-23T11:49:24+00:00\",\"dateModified\":\"2021-06-23T11:49:26+00:00\",\"description\":\"Velocidade de vacina\u00e7\u00e3o nos profissionais da educa\u00e7\u00e3o \u00e9 eficaz e surpreende outros estados brasileiros.\",\"breadcrumb\":{\"@id\":\"https:\\\/\\\/www.melhorescola.com.br\\\/blog\\\/vacinacao-em-profissionais-da-educacao-no-maranhao\\\/#breadcrumb\"},\"inLanguage\":\"pt-BR\",\"potentialAction\":[{\"@type\":\"ReadAction\",\"target\":[\"https:\\\/\\\/www.melhorescola.com.br\\\/blog\\\/vacinacao-em-profissionais-da-educacao-no-maranhao\\\/\"]}]},{\"@type\":\"ImageObject\",\"inLanguage\":\"pt-BR\",\"@id\":\"https:\\\/\\\/www.melhorescola.com.br\\\/blog\\\/vacinacao-em-profissionais-da-educacao-no-maranhao\\\/#primaryimage\",\"url\":\"https:\\\/\\\/www.melhorescola.com.br\\\/blog\\\/wp-content\\\/uploads\\\/2021\\\/06\\\/vacina-professora.png\",\"contentUrl\":\"https:\\\/\\\/www.melhorescola.com.br\\\/blog\\\/wp-content\\\/uploads\\\/2021\\\/06\\\/vacina-professora.png\",\"width\":601,\"height\":399},{\"@type\":\"BreadcrumbList\",\"@id\":\"https:\\\/\\\/www.melhorescola.com.br\\\/blog\\\/vacinacao-em-profissionais-da-educacao-no-maranhao\\\/#breadcrumb\",\"itemListElement\":[{\"@type\":\"ListItem\",\"position\":1,\"name\":\"In\u00edcio\",\"item\":\"https:\\\/\\\/www.melhorescola.com.br\\\/blog\\\/\"},{\"@type\":\"ListItem\",\"position\":2,\"name\":\"Experi\u00eancia no Maranh\u00e3o mostra que \u00e9 poss\u00edvel sim acelerar a vacina\u00e7\u00e3o de educadores.\"}]},{\"@type\":\"WebSite\",\"@id\":\"https:\\\/\\\/www.melhorescola.com.br\\\/blog\\\/#website\",\"url\":\"https:\\\/\\\/www.melhorescola.com.br\\\/blog\\\/\",\"name\":\"Blog do Melhor Escola\",\"description\":\"Veja conte\u00fados sobre capta\u00e7\u00e3o de alunos, gest\u00e3o escolar, marketing educacional, universo pedag\u00f3gico e muito mais!\",\"publisher\":{\"@id\":\"https:\\\/\\\/www.melhorescola.com.br\\\/blog\\\/#organization\"},\"potentialAction\":[{\"@type\":\"SearchAction\",\"target\":{\"@type\":\"EntryPoint\",\"urlTemplate\":\"https:\\\/\\\/www.melhorescola.com.br\\\/blog\\\/?s={search_term_string}\"},\"query-input\":{\"@type\":\"PropertyValueSpecification\",\"valueRequired\":true,\"valueName\":\"search_term_string\"}}],\"inLanguage\":\"pt-BR\"},{\"@type\":\"Organization\",\"@id\":\"https:\\\/\\\/www.melhorescola.com.br\\\/blog\\\/#organization\",\"name\":\"Melhor Escola B2B\",\"url\":\"https:\\\/\\\/www.melhorescola.com.br\\\/blog\\\/\",\"logo\":{\"@type\":\"ImageObject\",\"inLanguage\":\"pt-BR\",\"@id\":\"https:\\\/\\\/www.melhorescola.com.br\\\/blog\\\/#\\\/schema\\\/logo\\\/image\\\/\",\"url\":\"https:\\\/\\\/www.melhorescola.com.br\\\/blog\\\/wp-content\\\/uploads\\\/2024\\\/06\\\/images-removebg-preview-2.png\",\"contentUrl\":\"https:\\\/\\\/www.melhorescola.com.br\\\/blog\\\/wp-content\\\/uploads\\\/2024\\\/06\\\/images-removebg-preview-2.png\",\"width\":148,\"height\":148,\"caption\":\"Melhor Escola B2B\"},\"image\":{\"@id\":\"https:\\\/\\\/www.melhorescola.com.br\\\/blog\\\/#\\\/schema\\\/logo\\\/image\\\/\"}},{\"@type\":\"Person\",\"@id\":\"https:\\\/\\\/www.melhorescola.com.br\\\/blog\\\/#\\\/schema\\\/person\\\/69f6bcf370e4d691499bb39773ead514\",\"name\":\"Equipe Melhor Escola\",\"image\":{\"@type\":\"ImageObject\",\"inLanguage\":\"pt-BR\",\"@id\":\"https:\\\/\\\/secure.gravatar.com\\\/avatar\\\/4d53de8f53c588556476a7dac8aa5945729971f4e08e861b32f5788f918aa2b7?s=96&d=mm&r=g\",\"url\":\"https:\\\/\\\/secure.gravatar.com\\\/avatar\\\/4d53de8f53c588556476a7dac8aa5945729971f4e08e861b32f5788f918aa2b7?s=96&d=mm&r=g\",\"contentUrl\":\"https:\\\/\\\/secure.gravatar.com\\\/avatar\\\/4d53de8f53c588556476a7dac8aa5945729971f4e08e861b32f5788f918aa2b7?s=96&d=mm&r=g\",\"caption\":\"Equipe Melhor Escola\"},\"url\":\"https:\\\/\\\/www.melhorescola.com.br\\\/blog\\\/author\\\/corporativomelhorescola-net\\\/\"}]}<\/script>\n<!-- \/ Yoast SEO plugin. -->","yoast_head_json":{"title":"Experi\u00eancia no Maranh\u00e3o mostra que \u00e9 poss\u00edvel sim acelerar a vacina\u00e7\u00e3o de educadores. - Blog do Melhor Escola","description":"Velocidade de vacina\u00e7\u00e3o nos profissionais da educa\u00e7\u00e3o \u00e9 eficaz e surpreende outros estados brasileiros.","robots":{"index":"index","follow":"follow","max-snippet":"max-snippet:-1","max-image-preview":"max-image-preview:large","max-video-preview":"max-video-preview:-1"},"canonical":"https:\/\/www.melhorescola.com.br\/blog\/vacinacao-em-profissionais-da-educacao-no-maranhao\/","og_locale":"pt_BR","og_type":"article","og_title":"Experi\u00eancia no Maranh\u00e3o mostra que \u00e9 poss\u00edvel sim acelerar a vacina\u00e7\u00e3o de educadores. - Blog do Melhor Escola","og_description":"Velocidade de vacina\u00e7\u00e3o nos profissionais da educa\u00e7\u00e3o \u00e9 eficaz e surpreende outros estados brasileiros.","og_url":"https:\/\/www.melhorescola.com.br\/blog\/vacinacao-em-profissionais-da-educacao-no-maranhao\/","og_site_name":"Blog do Melhor Escola","article_published_time":"2021-06-23T11:49:24+00:00","article_modified_time":"2021-06-23T11:49:26+00:00","og_image":[{"width":601,"height":399,"url":"https:\/\/www.melhorescola.com.br\/blog\/wp-content\/uploads\/2021\/06\/vacina-professora.png","type":"image\/png"}],"author":"Equipe Melhor Escola","twitter_card":"summary_large_image","twitter_misc":{"Escrito por":"Equipe Melhor Escola","Est. tempo de leitura":"1 minuto"},"schema":{"@context":"https:\/\/schema.org","@graph":[{"@type":"Article","@id":"https:\/\/www.melhorescola.com.br\/blog\/vacinacao-em-profissionais-da-educacao-no-maranhao\/#article","isPartOf":{"@id":"https:\/\/www.melhorescola.com.br\/blog\/vacinacao-em-profissionais-da-educacao-no-maranhao\/"},"author":{"name":"Equipe Melhor Escola","@id":"https:\/\/www.melhorescola.com.br\/blog\/#\/schema\/person\/69f6bcf370e4d691499bb39773ead514"},"headline":"Experi\u00eancia no Maranh\u00e3o mostra que \u00e9 poss\u00edvel sim acelerar a vacina\u00e7\u00e3o de educadores.","datePublished":"2021-06-23T11:49:24+00:00","dateModified":"2021-06-23T11:49:26+00:00","mainEntityOfPage":{"@id":"https:\/\/www.melhorescola.com.br\/blog\/vacinacao-em-profissionais-da-educacao-no-maranhao\/"},"wordCount":206,"commentCount":0,"publisher":{"@id":"https:\/\/www.melhorescola.com.br\/blog\/#organization"},"image":{"@id":"https:\/\/www.melhorescola.com.br\/blog\/vacinacao-em-profissionais-da-educacao-no-maranhao\/#primaryimage"},"thumbnailUrl":"https:\/\/www.melhorescola.com.br\/blog\/wp-content\/uploads\/2021\/06\/vacina-professora.png","articleSection":["Not\u00edcias"],"inLanguage":"pt-BR","potentialAction":[{"@type":"CommentAction","name":"Comment","target":["https:\/\/www.melhorescola.com.br\/blog\/vacinacao-em-profissionais-da-educacao-no-maranhao\/#respond"]}]},{"@type":"WebPage","@id":"https:\/\/www.melhorescola.com.br\/blog\/vacinacao-em-profissionais-da-educacao-no-maranhao\/","url":"https:\/\/www.melhorescola.com.br\/blog\/vacinacao-em-profissionais-da-educacao-no-maranhao\/","name":"Experi\u00eancia no Maranh\u00e3o mostra que \u00e9 poss\u00edvel sim acelerar a vacina\u00e7\u00e3o de educadores. - Blog do Melhor Escola","isPartOf":{"@id":"https:\/\/www.melhorescola.com.br\/blog\/#website"},"primaryImageOfPage":{"@id":"https:\/\/www.melhorescola.com.br\/blog\/vacinacao-em-profissionais-da-educacao-no-maranhao\/#primaryimage"},"image":{"@id":"https:\/\/www.melhorescola.com.br\/blog\/vacinacao-em-profissionais-da-educacao-no-maranhao\/#primaryimage"},"thumbnailUrl":"https:\/\/www.melhorescola.com.br\/blog\/wp-content\/uploads\/2021\/06\/vacina-professora.png","datePublished":"2021-06-23T11:49:24+00:00","dateModified":"2021-06-23T11:49:26+00:00","description":"Velocidade de vacina\u00e7\u00e3o nos profissionais da educa\u00e7\u00e3o \u00e9 eficaz e surpreende outros estados brasileiros.","breadcrumb":{"@id":"https:\/\/www.melhorescola.com.br\/blog\/vacinacao-em-profissionais-da-educacao-no-maranhao\/#breadcrumb"},"inLanguage":"pt-BR","potentialAction":[{"@type":"ReadAction","target":["https:\/\/www.melhorescola.com.br\/blog\/vacinacao-em-profissionais-da-educacao-no-maranhao\/"]}]},{"@type":"ImageObject","inLanguage":"pt-BR","@id":"https:\/\/www.melhorescola.com.br\/blog\/vacinacao-em-profissionais-da-educacao-no-maranhao\/#primaryimage","url":"https:\/\/www.melhorescola.com.br\/blog\/wp-content\/uploads\/2021\/06\/vacina-professora.png","contentUrl":"https:\/\/www.melhorescola.com.br\/blog\/wp-content\/uploads\/2021\/06\/vacina-professora.png","width":601,"height":399},{"@type":"BreadcrumbList","@id":"https:\/\/www.melhorescola.com.br\/blog\/vacinacao-em-profissionais-da-educacao-no-maranhao\/#breadcrumb","itemListElement":[{"@type":"ListItem","position":1,"name":"In\u00edcio","item":"https:\/\/www.melhorescola.com.br\/blog\/"},{"@type":"ListItem","position":2,"name":"Experi\u00eancia no Maranh\u00e3o mostra que \u00e9 poss\u00edvel sim acelerar a vacina\u00e7\u00e3o de educadores."}]},{"@type":"WebSite","@id":"https:\/\/www.melhorescola.com.br\/blog\/#website","url":"https:\/\/www.melhorescola.com.br\/blog\/","name":"Blog do Melhor Escola","description":"Veja conte\u00fados sobre capta\u00e7\u00e3o de alunos, gest\u00e3o escolar, marketing educacional, universo pedag\u00f3gico e muito mais!","publisher":{"@id":"https:\/\/www.melhorescola.com.br\/blog\/#organization"},"potentialAction":[{"@type":"SearchAction","target":{"@type":"EntryPoint","urlTemplate":"https:\/\/www.melhorescola.com.br\/blog\/?s={search_term_string}"},"query-input":{"@type":"PropertyValueSpecification","valueRequired":true,"valueName":"search_term_string"}}],"inLanguage":"pt-BR"},{"@type":"Organization","@id":"https:\/\/www.melhorescola.com.br\/blog\/#organization","name":"Melhor Escola B2B","url":"https:\/\/www.melhorescola.com.br\/blog\/","logo":{"@type":"ImageObject","inLanguage":"pt-BR","@id":"https:\/\/www.melhorescola.com.br\/blog\/#\/schema\/logo\/image\/","url":"https:\/\/www.melhorescola.com.br\/blog\/wp-content\/uploads\/2024\/06\/images-removebg-preview-2.png","contentUrl":"https:\/\/www.melhorescola.com.br\/blog\/wp-content\/uploads\/2024\/06\/images-removebg-preview-2.png","width":148,"height":148,"caption":"Melhor Escola B2B"},"image":{"@id":"https:\/\/www.melhorescola.com.br\/blog\/#\/schema\/logo\/image\/"}},{"@type":"Person","@id":"https:\/\/www.melhorescola.com.br\/blog\/#\/schema\/person\/69f6bcf370e4d691499bb39773ead514","name":"Equipe Melhor Escola","image":{"@type":"ImageObject","inLanguage":"pt-BR","@id":"https:\/\/secure.gravatar.com\/avatar\/4d53de8f53c588556476a7dac8aa5945729971f4e08e861b32f5788f918aa2b7?s=96&d=mm&r=g","url":"https:\/\/secure.gravatar.com\/avatar\/4d53de8f53c588556476a7dac8aa5945729971f4e08e861b32f5788f918aa2b7?s=96&d=mm&r=g","contentUrl":"https:\/\/secure.gravatar.com\/avatar\/4d53de8f53c588556476a7dac8aa5945729971f4e08e861b32f5788f918aa2b7?s=96&d=mm&r=g","caption":"Equipe Melhor Escola"},"url":"https:\/\/www.melhorescola.com.br\/blog\/author\/corporativomelhorescola-net\/"}]}},"_links":{"self":[{"href":"https:\/\/www.melhorescola.com.br\/blog\/wp-json\/wp\/v2\/posts\/3305","targetHints":{"allow":["GET"]}}],"collection":[{"href":"https:\/\/www.melhorescola.com.br\/blog\/wp-json\/wp\/v2\/posts"}],"about":[{"href":"https:\/\/www.melhorescola.com.br\/blog\/wp-json\/wp\/v2\/types\/post"}],"author":[{"embeddable":true,"href":"https:\/\/www.melhorescola.com.br\/blog\/wp-json\/wp\/v2\/users\/1"}],"replies":[{"embeddable":true,"href":"https:\/\/www.melhorescola.com.br\/blog\/wp-json\/wp\/v2\/comments?post=3305"}],"version-history":[{"count":1,"href":"https:\/\/www.melhorescola.com.br\/blog\/wp-json\/wp\/v2\/posts\/3305\/revisions"}],"predecessor-version":[{"id":3307,"href":"https:\/\/www.melhorescola.com.br\/blog\/wp-json\/wp\/v2\/posts\/3305\/revisions\/3307"}],"wp:featuredmedia":[{"embeddable":true,"href":"https:\/\/www.melhorescola.com.br\/blog\/wp-json\/wp\/v2\/media\/3306"}],"wp:attachment":[{"href":"https:\/\/www.melhorescola.com.br\/blog\/wp-json\/wp\/v2\/media?parent=3305"}],"wp:term":[{"taxonomy":"category","embeddable":true,"href":"https:\/\/www.melhorescola.com.br\/blog\/wp-json\/wp\/v2\/categories?post=3305"},{"taxonomy":"post_tag","embeddable":true,"href":"https:\/\/www.melhorescola.com.br\/blog\/wp-json\/wp\/v2\/tags?post=3305"}],"curies":[{"name":"wp","href":"https:\/\/api.w.org\/{rel}","templated":true}]}}