{"id":3203,"date":"2021-02-23T15:44:52","date_gmt":"2021-02-23T18:44:52","guid":{"rendered":"https:\/\/www.melhorescola.com.br\/blog\/?p=3203"},"modified":"2021-03-05T09:16:42","modified_gmt":"2021-03-05T12:16:42","slug":"pesquisa-volta-as-aulas","status":"publish","type":"post","link":"https:\/\/www.melhorescola.com.br\/blog\/pesquisa-volta-as-aulas\/","title":{"rendered":"Pesquisa de Volta \u00e0s aulas em 2021 mostra inten\u00e7\u00e3o das fam\u00edlias no retorno presencial da educa\u00e7\u00e3o"},"content":{"rendered":"\n<p>Pesquisa do site Melhor Escola revelou que <strong>20% dos pais com filhos matriculados na educa\u00e7\u00e3o privada pretende migrar para o ensino p\u00fablico em 2021<\/strong><\/p>\n\n\n\n<p><strong>Motivos de migra\u00e7\u00e3o para o ensino p\u00fablico<\/strong><\/p>\n\n\n\n<p>Dos pais interessados em migrar para o ensino p\u00fablico, 71% justificaram a decis\u00e3o pela redu\u00e7\u00e3o da renda e 13,5% acreditam que as <a href=\"https:\/\/www.melhorescola.com.br\/blog\/os-alunos-estao-aprendendo-com-as-aulas-online\/\">aulas online<\/a> n\u00e3o valem a pena.&nbsp;<\/p>\n\n\n\n<div class=\"wp-block-image\"><figure class=\"aligncenter is-resized\"><img fetchpriority=\"high\" decoding=\"async\" src=\"https:\/\/www.melhorescola.com.br\/blog\/wp-content\/uploads\/2021\/02\/motivos-de-migracao-800x584-1.png\" alt=\"\" class=\"wp-image-3212\" width=\"358\" height=\"262\" srcset=\"https:\/\/www.melhorescola.com.br\/blog\/wp-content\/uploads\/2021\/02\/motivos-de-migracao-800x584-1.png 800w, https:\/\/www.melhorescola.com.br\/blog\/wp-content\/uploads\/2021\/02\/motivos-de-migracao-800x584-1-768x561.png 768w\" sizes=\"(max-width: 358px) 100vw, 358px\" \/><\/figure><\/div>\n\n\n\n<p><strong>Sazonalidade das matr\u00edculas <\/strong><\/p>\n\n\n\n<p>A pesquisa tamb\u00e9m revelou que em janeiro deste ano 67% dos pais j\u00e1 haviam matriculado seus filhos e outros 15% esperavam defini\u00e7\u00f5es sobre a Covid-19.<\/p>\n\n\n\n<div class=\"wp-block-image\"><figure class=\"aligncenter is-resized\"><img decoding=\"async\" data-src=\"https:\/\/www.melhorescola.com.br\/blog\/wp-content\/uploads\/2021\/02\/J\u00c1-MATRICULOU.png\" alt=\"23% dos pais ainda n\u00e3o matriculou o filho.\" class=\"wp-image-3205 lazyload\" width=\"424\" height=\"242\" data-srcset=\"https:\/\/www.melhorescola.com.br\/blog\/wp-content\/uploads\/2021\/02\/J\u00c1-MATRICULOU.png 1118w, https:\/\/www.melhorescola.com.br\/blog\/wp-content\/uploads\/2021\/02\/J\u00c1-MATRICULOU-800x459.png 800w, https:\/\/www.melhorescola.com.br\/blog\/wp-content\/uploads\/2021\/02\/J\u00c1-MATRICULOU-768x440.png 768w\" data-sizes=\"(max-width: 424px) 100vw, 424px\" src=\"data:image\/svg+xml;base64,PHN2ZyB3aWR0aD0iMSIgaGVpZ2h0PSIxIiB4bWxucz0iaHR0cDovL3d3dy53My5vcmcvMjAwMC9zdmciPjwvc3ZnPg==\" style=\"--smush-placeholder-width: 424px; --smush-placeholder-aspect-ratio: 424\/242;\" \/><\/figure><\/div>\n\n\n\n<p>A pesquisa ainda constatou uma poss\u00edvel mudan\u00e7a na sazonalidade das matr\u00edculas do ensino privado, provavelmente pelo impacto da pandemia da COVID -19.<\/p>\n\n\n\n<p>Neste ano, fevereiro passaria a ser o principal m\u00eas de matr\u00edculas.<\/p>\n\n\n\n<div class=\"wp-block-image\"><figure class=\"aligncenter is-resized\"><a href=\"https:\/\/conteudo.melhorescola.com.br\/pesquisa-volta-as-aulas-2021\"><img decoding=\"async\" data-src=\"https:\/\/www.melhorescola.com.br\/blog\/wp-content\/uploads\/2021\/02\/QUE-MES.png\" alt=\"Em que m\u00eas os pais pretendem matricular os filhos.\" class=\"wp-image-3206 lazyload\" width=\"382\" height=\"280\" data-srcset=\"https:\/\/www.melhorescola.com.br\/blog\/wp-content\/uploads\/2021\/02\/QUE-MES.png 1031w, https:\/\/www.melhorescola.com.br\/blog\/wp-content\/uploads\/2021\/02\/QUE-MES-800x588.png 800w, https:\/\/www.melhorescola.com.br\/blog\/wp-content\/uploads\/2021\/02\/QUE-MES-768x565.png 768w\" data-sizes=\"(max-width: 382px) 100vw, 382px\" src=\"data:image\/svg+xml;base64,PHN2ZyB3aWR0aD0iMSIgaGVpZ2h0PSIxIiB4bWxucz0iaHR0cDovL3d3dy53My5vcmcvMjAwMC9zdmciPjwvc3ZnPg==\" style=\"--smush-placeholder-width: 382px; --smush-placeholder-aspect-ratio: 382\/280;\" \/><\/a><\/figure><\/div>\n\n\n\n<p>Esse levantamento foi realizado de 25 a 27 de janeiro de 2021 e consultou 1259 respons\u00e1veis por alunos em idade escolar. Se voc\u00ea \u00e9 gestor de uma escola particular e deseja ter acesso a esse relat\u00f3rio completo, <a href=\"https:\/\/conteudo.melhorescola.com.br\/pesquisa-volta-as-aulas-2021\">clique aqui<\/a>.<\/p>\n","protected":false},"excerpt":{"rendered":"<p>Pesquisa do site Melhor Escola revelou que 20% dos pais com filhos matriculados na educa\u00e7\u00e3o privada pretende migrar para o ensino p\u00fablico em 2021 Motivos&hellip;<\/p>\n","protected":false},"author":10,"featured_media":2706,"comment_status":"open","ping_status":"open","sticky":false,"template":"","format":"standard","meta":{"footnotes":""},"categories":[322],"tags":[],"class_list":["post-3203","post","type-post","status-publish","format-standard","has-post-thumbnail","hentry","category-noticias"],"yoast_head":"<!-- This site is optimized with the Yoast SEO plugin v27.4 - https:\/\/yoast.com\/product\/yoast-seo-wordpress\/ -->\n<title>Pesquisa Volta \u00e0s Aulas 2021: inten\u00e7\u00f5es para o retorno presencial<\/title>\n<meta name=\"description\" content=\"Pesquisa do site Melhor Escola revelou que 20% dos pais com filhos matriculados na educa\u00e7\u00e3o privada pretende migrar para o ensino p\u00fablico em 2021.\" \/>\n<meta name=\"robots\" content=\"index, follow, max-snippet:-1, max-image-preview:large, max-video-preview:-1\" \/>\n<link rel=\"canonical\" href=\"https:\/\/www.melhorescola.com.br\/blog\/pesquisa-volta-as-aulas\/\" \/>\n<meta property=\"og:locale\" content=\"pt_BR\" \/>\n<meta property=\"og:type\" content=\"article\" \/>\n<meta property=\"og:title\" content=\"Pesquisa Volta \u00e0s Aulas 2021: inten\u00e7\u00f5es para o retorno presencial\" \/>\n<meta property=\"og:description\" content=\"Pesquisa do site Melhor Escola revelou que 20% dos pais com filhos matriculados na educa\u00e7\u00e3o privada pretende migrar para o ensino p\u00fablico em 2021.\" \/>\n<meta property=\"og:url\" content=\"https:\/\/www.melhorescola.com.br\/blog\/pesquisa-volta-as-aulas\/\" \/>\n<meta property=\"og:site_name\" content=\"Blog do Melhor Escola\" \/>\n<meta property=\"article:published_time\" content=\"2021-02-23T18:44:52+00:00\" \/>\n<meta property=\"article:modified_time\" content=\"2021-03-05T12:16:42+00:00\" \/>\n<meta property=\"og:image\" content=\"https:\/\/www.melhorescola.com.br\/blog\/wp-content\/uploads\/2020\/10\/pexels-ketut-subiyanto-4546132.jpg\" \/>\n\t<meta property=\"og:image:width\" content=\"1600\" \/>\n\t<meta property=\"og:image:height\" content=\"1131\" \/>\n\t<meta property=\"og:image:type\" content=\"image\/jpeg\" \/>\n<meta name=\"author\" content=\"Alessandro Nanini\" \/>\n<meta name=\"twitter:card\" content=\"summary_large_image\" \/>\n<meta name=\"twitter:label1\" content=\"Escrito por\" \/>\n\t<meta name=\"twitter:data1\" content=\"Alessandro Nanini\" \/>\n\t<meta name=\"twitter:label2\" content=\"Est. tempo de leitura\" \/>\n\t<meta name=\"twitter:data2\" content=\"2 minutos\" \/>\n<script type=\"application\/ld+json\" class=\"yoast-schema-graph\">{\"@context\":\"https:\\\/\\\/schema.org\",\"@graph\":[{\"@type\":\"Article\",\"@id\":\"https:\\\/\\\/www.melhorescola.com.br\\\/blog\\\/pesquisa-volta-as-aulas\\\/#article\",\"isPartOf\":{\"@id\":\"https:\\\/\\\/www.melhorescola.com.br\\\/blog\\\/pesquisa-volta-as-aulas\\\/\"},\"author\":{\"name\":\"Alessandro Nanini\",\"@id\":\"https:\\\/\\\/www.melhorescola.com.br\\\/blog\\\/#\\\/schema\\\/person\\\/e89811ef4f168c08cdb8f8a274642115\"},\"headline\":\"Pesquisa de Volta \u00e0s aulas em 2021 mostra inten\u00e7\u00e3o das fam\u00edlias no retorno presencial da educa\u00e7\u00e3o\",\"datePublished\":\"2021-02-23T18:44:52+00:00\",\"dateModified\":\"2021-03-05T12:16:42+00:00\",\"mainEntityOfPage\":{\"@id\":\"https:\\\/\\\/www.melhorescola.com.br\\\/blog\\\/pesquisa-volta-as-aulas\\\/\"},\"wordCount\":185,\"commentCount\":0,\"publisher\":{\"@id\":\"https:\\\/\\\/www.melhorescola.com.br\\\/blog\\\/#organization\"},\"image\":{\"@id\":\"https:\\\/\\\/www.melhorescola.com.br\\\/blog\\\/pesquisa-volta-as-aulas\\\/#primaryimage\"},\"thumbnailUrl\":\"https:\\\/\\\/www.melhorescola.com.br\\\/blog\\\/wp-content\\\/uploads\\\/2020\\\/10\\\/pexels-ketut-subiyanto-4546132.jpg\",\"articleSection\":[\"Not\u00edcias\"],\"inLanguage\":\"pt-BR\",\"potentialAction\":[{\"@type\":\"CommentAction\",\"name\":\"Comment\",\"target\":[\"https:\\\/\\\/www.melhorescola.com.br\\\/blog\\\/pesquisa-volta-as-aulas\\\/#respond\"]}]},{\"@type\":\"WebPage\",\"@id\":\"https:\\\/\\\/www.melhorescola.com.br\\\/blog\\\/pesquisa-volta-as-aulas\\\/\",\"url\":\"https:\\\/\\\/www.melhorescola.com.br\\\/blog\\\/pesquisa-volta-as-aulas\\\/\",\"name\":\"Pesquisa Volta \u00e0s Aulas 2021: inten\u00e7\u00f5es para o retorno presencial\",\"isPartOf\":{\"@id\":\"https:\\\/\\\/www.melhorescola.com.br\\\/blog\\\/#website\"},\"primaryImageOfPage\":{\"@id\":\"https:\\\/\\\/www.melhorescola.com.br\\\/blog\\\/pesquisa-volta-as-aulas\\\/#primaryimage\"},\"image\":{\"@id\":\"https:\\\/\\\/www.melhorescola.com.br\\\/blog\\\/pesquisa-volta-as-aulas\\\/#primaryimage\"},\"thumbnailUrl\":\"https:\\\/\\\/www.melhorescola.com.br\\\/blog\\\/wp-content\\\/uploads\\\/2020\\\/10\\\/pexels-ketut-subiyanto-4546132.jpg\",\"datePublished\":\"2021-02-23T18:44:52+00:00\",\"dateModified\":\"2021-03-05T12:16:42+00:00\",\"description\":\"Pesquisa do site Melhor Escola revelou que 20% dos pais com filhos matriculados na educa\u00e7\u00e3o privada pretende migrar para o ensino p\u00fablico em 2021.\",\"breadcrumb\":{\"@id\":\"https:\\\/\\\/www.melhorescola.com.br\\\/blog\\\/pesquisa-volta-as-aulas\\\/#breadcrumb\"},\"inLanguage\":\"pt-BR\",\"potentialAction\":[{\"@type\":\"ReadAction\",\"target\":[\"https:\\\/\\\/www.melhorescola.com.br\\\/blog\\\/pesquisa-volta-as-aulas\\\/\"]}]},{\"@type\":\"ImageObject\",\"inLanguage\":\"pt-BR\",\"@id\":\"https:\\\/\\\/www.melhorescola.com.br\\\/blog\\\/pesquisa-volta-as-aulas\\\/#primaryimage\",\"url\":\"https:\\\/\\\/www.melhorescola.com.br\\\/blog\\\/wp-content\\\/uploads\\\/2020\\\/10\\\/pexels-ketut-subiyanto-4546132.jpg\",\"contentUrl\":\"https:\\\/\\\/www.melhorescola.com.br\\\/blog\\\/wp-content\\\/uploads\\\/2020\\\/10\\\/pexels-ketut-subiyanto-4546132.jpg\",\"width\":1600,\"height\":1131,\"caption\":\"Retorno das aulas presenciais\"},{\"@type\":\"BreadcrumbList\",\"@id\":\"https:\\\/\\\/www.melhorescola.com.br\\\/blog\\\/pesquisa-volta-as-aulas\\\/#breadcrumb\",\"itemListElement\":[{\"@type\":\"ListItem\",\"position\":1,\"name\":\"In\u00edcio\",\"item\":\"https:\\\/\\\/www.melhorescola.com.br\\\/blog\\\/\"},{\"@type\":\"ListItem\",\"position\":2,\"name\":\"Pesquisa de Volta \u00e0s aulas em 2021 mostra inten\u00e7\u00e3o das fam\u00edlias no retorno presencial da educa\u00e7\u00e3o\"}]},{\"@type\":\"WebSite\",\"@id\":\"https:\\\/\\\/www.melhorescola.com.br\\\/blog\\\/#website\",\"url\":\"https:\\\/\\\/www.melhorescola.com.br\\\/blog\\\/\",\"name\":\"Blog do Melhor Escola\",\"description\":\"Veja conte\u00fados sobre capta\u00e7\u00e3o de alunos, gest\u00e3o escolar, marketing educacional, universo pedag\u00f3gico e muito mais!\",\"publisher\":{\"@id\":\"https:\\\/\\\/www.melhorescola.com.br\\\/blog\\\/#organization\"},\"potentialAction\":[{\"@type\":\"SearchAction\",\"target\":{\"@type\":\"EntryPoint\",\"urlTemplate\":\"https:\\\/\\\/www.melhorescola.com.br\\\/blog\\\/?s={search_term_string}\"},\"query-input\":{\"@type\":\"PropertyValueSpecification\",\"valueRequired\":true,\"valueName\":\"search_term_string\"}}],\"inLanguage\":\"pt-BR\"},{\"@type\":\"Organization\",\"@id\":\"https:\\\/\\\/www.melhorescola.com.br\\\/blog\\\/#organization\",\"name\":\"Melhor Escola B2B\",\"url\":\"https:\\\/\\\/www.melhorescola.com.br\\\/blog\\\/\",\"logo\":{\"@type\":\"ImageObject\",\"inLanguage\":\"pt-BR\",\"@id\":\"https:\\\/\\\/www.melhorescola.com.br\\\/blog\\\/#\\\/schema\\\/logo\\\/image\\\/\",\"url\":\"https:\\\/\\\/www.melhorescola.com.br\\\/blog\\\/wp-content\\\/uploads\\\/2024\\\/06\\\/images-removebg-preview-2.png\",\"contentUrl\":\"https:\\\/\\\/www.melhorescola.com.br\\\/blog\\\/wp-content\\\/uploads\\\/2024\\\/06\\\/images-removebg-preview-2.png\",\"width\":148,\"height\":148,\"caption\":\"Melhor Escola B2B\"},\"image\":{\"@id\":\"https:\\\/\\\/www.melhorescola.com.br\\\/blog\\\/#\\\/schema\\\/logo\\\/image\\\/\"}},{\"@type\":\"Person\",\"@id\":\"https:\\\/\\\/www.melhorescola.com.br\\\/blog\\\/#\\\/schema\\\/person\\\/e89811ef4f168c08cdb8f8a274642115\",\"name\":\"Alessandro Nanini\",\"image\":{\"@type\":\"ImageObject\",\"inLanguage\":\"pt-BR\",\"@id\":\"https:\\\/\\\/secure.gravatar.com\\\/avatar\\\/3d7f8cd908ce6dc570cfe8c4d74d265cf28a28e23ac4f6a9bc2970481e69be07?s=96&d=mm&r=g\",\"url\":\"https:\\\/\\\/secure.gravatar.com\\\/avatar\\\/3d7f8cd908ce6dc570cfe8c4d74d265cf28a28e23ac4f6a9bc2970481e69be07?s=96&d=mm&r=g\",\"contentUrl\":\"https:\\\/\\\/secure.gravatar.com\\\/avatar\\\/3d7f8cd908ce6dc570cfe8c4d74d265cf28a28e23ac4f6a9bc2970481e69be07?s=96&d=mm&r=g\",\"caption\":\"Alessandro Nanini\"},\"url\":\"https:\\\/\\\/www.melhorescola.com.br\\\/blog\\\/author\\\/alessandro-nanini\\\/\"}]}<\/script>\n<!-- \/ Yoast SEO plugin. -->","yoast_head_json":{"title":"Pesquisa Volta \u00e0s Aulas 2021: inten\u00e7\u00f5es para o retorno presencial","description":"Pesquisa do site Melhor Escola revelou que 20% dos pais com filhos matriculados na educa\u00e7\u00e3o privada pretende migrar para o ensino p\u00fablico em 2021.","robots":{"index":"index","follow":"follow","max-snippet":"max-snippet:-1","max-image-preview":"max-image-preview:large","max-video-preview":"max-video-preview:-1"},"canonical":"https:\/\/www.melhorescola.com.br\/blog\/pesquisa-volta-as-aulas\/","og_locale":"pt_BR","og_type":"article","og_title":"Pesquisa Volta \u00e0s Aulas 2021: inten\u00e7\u00f5es para o retorno presencial","og_description":"Pesquisa do site Melhor Escola revelou que 20% dos pais com filhos matriculados na educa\u00e7\u00e3o privada pretende migrar para o ensino p\u00fablico em 2021.","og_url":"https:\/\/www.melhorescola.com.br\/blog\/pesquisa-volta-as-aulas\/","og_site_name":"Blog do Melhor Escola","article_published_time":"2021-02-23T18:44:52+00:00","article_modified_time":"2021-03-05T12:16:42+00:00","og_image":[{"width":1600,"height":1131,"url":"https:\/\/www.melhorescola.com.br\/blog\/wp-content\/uploads\/2020\/10\/pexels-ketut-subiyanto-4546132.jpg","type":"image\/jpeg"}],"author":"Alessandro Nanini","twitter_card":"summary_large_image","twitter_misc":{"Escrito por":"Alessandro Nanini","Est. tempo de leitura":"2 minutos"},"schema":{"@context":"https:\/\/schema.org","@graph":[{"@type":"Article","@id":"https:\/\/www.melhorescola.com.br\/blog\/pesquisa-volta-as-aulas\/#article","isPartOf":{"@id":"https:\/\/www.melhorescola.com.br\/blog\/pesquisa-volta-as-aulas\/"},"author":{"name":"Alessandro Nanini","@id":"https:\/\/www.melhorescola.com.br\/blog\/#\/schema\/person\/e89811ef4f168c08cdb8f8a274642115"},"headline":"Pesquisa de Volta \u00e0s aulas em 2021 mostra inten\u00e7\u00e3o das fam\u00edlias no retorno presencial da educa\u00e7\u00e3o","datePublished":"2021-02-23T18:44:52+00:00","dateModified":"2021-03-05T12:16:42+00:00","mainEntityOfPage":{"@id":"https:\/\/www.melhorescola.com.br\/blog\/pesquisa-volta-as-aulas\/"},"wordCount":185,"commentCount":0,"publisher":{"@id":"https:\/\/www.melhorescola.com.br\/blog\/#organization"},"image":{"@id":"https:\/\/www.melhorescola.com.br\/blog\/pesquisa-volta-as-aulas\/#primaryimage"},"thumbnailUrl":"https:\/\/www.melhorescola.com.br\/blog\/wp-content\/uploads\/2020\/10\/pexels-ketut-subiyanto-4546132.jpg","articleSection":["Not\u00edcias"],"inLanguage":"pt-BR","potentialAction":[{"@type":"CommentAction","name":"Comment","target":["https:\/\/www.melhorescola.com.br\/blog\/pesquisa-volta-as-aulas\/#respond"]}]},{"@type":"WebPage","@id":"https:\/\/www.melhorescola.com.br\/blog\/pesquisa-volta-as-aulas\/","url":"https:\/\/www.melhorescola.com.br\/blog\/pesquisa-volta-as-aulas\/","name":"Pesquisa Volta \u00e0s Aulas 2021: inten\u00e7\u00f5es para o retorno presencial","isPartOf":{"@id":"https:\/\/www.melhorescola.com.br\/blog\/#website"},"primaryImageOfPage":{"@id":"https:\/\/www.melhorescola.com.br\/blog\/pesquisa-volta-as-aulas\/#primaryimage"},"image":{"@id":"https:\/\/www.melhorescola.com.br\/blog\/pesquisa-volta-as-aulas\/#primaryimage"},"thumbnailUrl":"https:\/\/www.melhorescola.com.br\/blog\/wp-content\/uploads\/2020\/10\/pexels-ketut-subiyanto-4546132.jpg","datePublished":"2021-02-23T18:44:52+00:00","dateModified":"2021-03-05T12:16:42+00:00","description":"Pesquisa do site Melhor Escola revelou que 20% dos pais com filhos matriculados na educa\u00e7\u00e3o privada pretende migrar para o ensino p\u00fablico em 2021.","breadcrumb":{"@id":"https:\/\/www.melhorescola.com.br\/blog\/pesquisa-volta-as-aulas\/#breadcrumb"},"inLanguage":"pt-BR","potentialAction":[{"@type":"ReadAction","target":["https:\/\/www.melhorescola.com.br\/blog\/pesquisa-volta-as-aulas\/"]}]},{"@type":"ImageObject","inLanguage":"pt-BR","@id":"https:\/\/www.melhorescola.com.br\/blog\/pesquisa-volta-as-aulas\/#primaryimage","url":"https:\/\/www.melhorescola.com.br\/blog\/wp-content\/uploads\/2020\/10\/pexels-ketut-subiyanto-4546132.jpg","contentUrl":"https:\/\/www.melhorescola.com.br\/blog\/wp-content\/uploads\/2020\/10\/pexels-ketut-subiyanto-4546132.jpg","width":1600,"height":1131,"caption":"Retorno das aulas presenciais"},{"@type":"BreadcrumbList","@id":"https:\/\/www.melhorescola.com.br\/blog\/pesquisa-volta-as-aulas\/#breadcrumb","itemListElement":[{"@type":"ListItem","position":1,"name":"In\u00edcio","item":"https:\/\/www.melhorescola.com.br\/blog\/"},{"@type":"ListItem","position":2,"name":"Pesquisa de Volta \u00e0s aulas em 2021 mostra inten\u00e7\u00e3o das fam\u00edlias no retorno presencial da educa\u00e7\u00e3o"}]},{"@type":"WebSite","@id":"https:\/\/www.melhorescola.com.br\/blog\/#website","url":"https:\/\/www.melhorescola.com.br\/blog\/","name":"Blog do Melhor Escola","description":"Veja conte\u00fados sobre capta\u00e7\u00e3o de alunos, gest\u00e3o escolar, marketing educacional, universo pedag\u00f3gico e muito mais!","publisher":{"@id":"https:\/\/www.melhorescola.com.br\/blog\/#organization"},"potentialAction":[{"@type":"SearchAction","target":{"@type":"EntryPoint","urlTemplate":"https:\/\/www.melhorescola.com.br\/blog\/?s={search_term_string}"},"query-input":{"@type":"PropertyValueSpecification","valueRequired":true,"valueName":"search_term_string"}}],"inLanguage":"pt-BR"},{"@type":"Organization","@id":"https:\/\/www.melhorescola.com.br\/blog\/#organization","name":"Melhor Escola B2B","url":"https:\/\/www.melhorescola.com.br\/blog\/","logo":{"@type":"ImageObject","inLanguage":"pt-BR","@id":"https:\/\/www.melhorescola.com.br\/blog\/#\/schema\/logo\/image\/","url":"https:\/\/www.melhorescola.com.br\/blog\/wp-content\/uploads\/2024\/06\/images-removebg-preview-2.png","contentUrl":"https:\/\/www.melhorescola.com.br\/blog\/wp-content\/uploads\/2024\/06\/images-removebg-preview-2.png","width":148,"height":148,"caption":"Melhor Escola B2B"},"image":{"@id":"https:\/\/www.melhorescola.com.br\/blog\/#\/schema\/logo\/image\/"}},{"@type":"Person","@id":"https:\/\/www.melhorescola.com.br\/blog\/#\/schema\/person\/e89811ef4f168c08cdb8f8a274642115","name":"Alessandro Nanini","image":{"@type":"ImageObject","inLanguage":"pt-BR","@id":"https:\/\/secure.gravatar.com\/avatar\/3d7f8cd908ce6dc570cfe8c4d74d265cf28a28e23ac4f6a9bc2970481e69be07?s=96&d=mm&r=g","url":"https:\/\/secure.gravatar.com\/avatar\/3d7f8cd908ce6dc570cfe8c4d74d265cf28a28e23ac4f6a9bc2970481e69be07?s=96&d=mm&r=g","contentUrl":"https:\/\/secure.gravatar.com\/avatar\/3d7f8cd908ce6dc570cfe8c4d74d265cf28a28e23ac4f6a9bc2970481e69be07?s=96&d=mm&r=g","caption":"Alessandro Nanini"},"url":"https:\/\/www.melhorescola.com.br\/blog\/author\/alessandro-nanini\/"}]}},"_links":{"self":[{"href":"https:\/\/www.melhorescola.com.br\/blog\/wp-json\/wp\/v2\/posts\/3203","targetHints":{"allow":["GET"]}}],"collection":[{"href":"https:\/\/www.melhorescola.com.br\/blog\/wp-json\/wp\/v2\/posts"}],"about":[{"href":"https:\/\/www.melhorescola.com.br\/blog\/wp-json\/wp\/v2\/types\/post"}],"author":[{"embeddable":true,"href":"https:\/\/www.melhorescola.com.br\/blog\/wp-json\/wp\/v2\/users\/10"}],"replies":[{"embeddable":true,"href":"https:\/\/www.melhorescola.com.br\/blog\/wp-json\/wp\/v2\/comments?post=3203"}],"version-history":[{"count":9,"href":"https:\/\/www.melhorescola.com.br\/blog\/wp-json\/wp\/v2\/posts\/3203\/revisions"}],"predecessor-version":[{"id":3223,"href":"https:\/\/www.melhorescola.com.br\/blog\/wp-json\/wp\/v2\/posts\/3203\/revisions\/3223"}],"wp:featuredmedia":[{"embeddable":true,"href":"https:\/\/www.melhorescola.com.br\/blog\/wp-json\/wp\/v2\/media\/2706"}],"wp:attachment":[{"href":"https:\/\/www.melhorescola.com.br\/blog\/wp-json\/wp\/v2\/media?parent=3203"}],"wp:term":[{"taxonomy":"category","embeddable":true,"href":"https:\/\/www.melhorescola.com.br\/blog\/wp-json\/wp\/v2\/categories?post=3203"},{"taxonomy":"post_tag","embeddable":true,"href":"https:\/\/www.melhorescola.com.br\/blog\/wp-json\/wp\/v2\/tags?post=3203"}],"curies":[{"name":"wp","href":"https:\/\/api.w.org\/{rel}","templated":true}]}}