{"id":3173,"date":"2021-01-29T17:14:40","date_gmt":"2021-01-29T20:14:40","guid":{"rendered":"https:\/\/www.melhorescola.com.br\/blog\/?p=3173"},"modified":"2024-05-27T14:22:42","modified_gmt":"2024-05-27T17:22:42","slug":"jornada-da-matricula-como-ser-a-principal-opcao-dos-pais-em-2021","status":"publish","type":"post","link":"https:\/\/www.melhorescola.com.br\/blog\/jornada-da-matricula-como-ser-a-principal-opcao-dos-pais-em-2021\/","title":{"rendered":"Jornada da Matr\u00edcula: como ser a principal op\u00e7\u00e3o dos pais em 2021"},"content":{"rendered":"\n<p class=\"wp-block-paragraph\">Durante o processo de pesquisa por uma nova escola, as fam\u00edlias conhecem v\u00e1rias institui\u00e7\u00f5es e consideram in\u00fameros fatores antes de tomar uma decis\u00e3o: pre\u00e7o, estrutura, material did\u00e1tico, sistemas utilizados, carga hor\u00e1ria extracurricular, etc. Em meio \u00e0s v\u00e1rias op\u00e7\u00f5es, o que sua escola precisa fazer para se destacar na e conquistar as fam\u00edlias na jornada da matr\u00edcula? Como apresentar seus diferenciais para ser a escolha ideal? Separamos para voc\u00ea alguns pontos importantes para sua escola se destacar entre as outras e conquistar a confian\u00e7a dos pais.<\/p>\n\n\n\n<p class=\"wp-block-paragraph\">Leia tamb\u00e9m:<\/p>\n\n\n\n<p class=\"has-text-color wp-block-paragraph\" style=\"color:#f6911b\"><strong>+ <a href=\"https:\/\/www.melhorescola.com.br\/blog\/como-monitorar-os-sintomas-de-covid-19-na-escola\/\" target=\"_blank\" rel=\"noreferrer noopener\" aria-label=\" (abre numa nova aba)\">Como monitorar os sintomas de COVID-19 na escola<\/a> <\/strong><\/p>\n\n\n\n<p class=\"wp-block-paragraph\"> Sabemos que a capta\u00e7\u00e3o de alunos 2022 est\u00e1 sendo bastante desafiadora. Apesar do cen\u00e1rio positivo, com o aumento da vacina\u00e7\u00e3o da popula\u00e7\u00e3o, muitas fam\u00edlias ainda se encontram inseguras com rela\u00e7\u00e3o ao retorno das escolas.<\/p>\n\n\n\n<p class=\"wp-block-paragraph\"> Isso significa que muitos pais e respons\u00e1veis ainda est\u00e3o indecisos sobre qual escola escolher e voc\u00ea deve desenvolver um trabalho focado na convers\u00e3o dessa d\u00favida em matr\u00edcula. Vale ter em mente que a matr\u00edcula escolar \u00e9 obrigat\u00f3ria para crian\u00e7as a partir de 4 anos de acordo com a <strong><a href=\"http:\/\/www.planalto.gov.br\/ccivil_03\/leis\/l9394.htm\" target=\"_blank\" rel=\"noreferrer noopener\" aria-label=\" (abre numa nova aba)\">Lei de Diretrizes e Bases da Educa\u00e7\u00e3o (LDB)<\/a><\/strong>. Dessa forma, a tomada de decis\u00e3o vai acontecer, mesmo que seja mais tardiamente do que de costume.&nbsp;<br><\/p>\n\n\n<div class=\"wp-block-image\">\n<figure class=\"aligncenter\"><a href=\"https:\/\/conteudo.melhorescola.com.br\/mercado-educacao-pesquisa-taxa-de-rematricula?utm_source=blog&amp;utm_medium=banner&amp;utm_campaign=taxa-de-rematricula\" target=\"_blank\" rel=\"noreferrer noopener\"><img fetchpriority=\"high\" decoding=\"async\" width=\"1321\" height=\"381\" src=\"https:\/\/www.melhorescola.com.br\/blog\/wp-content\/uploads\/2021\/01\/Mercado-e-Educa\u00e7\u00e3o-Pesquisa-Rematr\u00edcula.png\" alt=\"Mercado e Educa\u00e7\u00e3o - Pesquisa Rematr\u00edcula\" class=\"wp-image-3025\" srcset=\"https:\/\/www.melhorescola.com.br\/blog\/wp-content\/uploads\/2021\/01\/Mercado-e-Educa\u00e7\u00e3o-Pesquisa-Rematr\u00edcula.png 1321w, https:\/\/www.melhorescola.com.br\/blog\/wp-content\/uploads\/2021\/01\/Mercado-e-Educa\u00e7\u00e3o-Pesquisa-Rematr\u00edcula-800x231.png 800w, https:\/\/www.melhorescola.com.br\/blog\/wp-content\/uploads\/2021\/01\/Mercado-e-Educa\u00e7\u00e3o-Pesquisa-Rematr\u00edcula-768x222.png 768w\" sizes=\"(max-width: 1321px) 100vw, 1321px\" \/><\/a><\/figure>\n<\/div>\n\n\n<h2 class=\"wp-block-heading\">Seja destaque entre as op\u00e7\u00f5es e conquiste as fam\u00edlias na jornada da matr\u00edcula<\/h2>\n\n\n\n<p class=\"wp-block-paragraph\">Em um contexto de normalidade, os diferenciais que sua institui\u00e7\u00e3o oferece seriam os fatores decisivos no momento da escolha das fam\u00edlias. Entretanto, por conta da pandemia do coronav\u00edrus, uma grande preocupa\u00e7\u00e3o \u00e9 em rela\u00e7\u00e3o a capacidade da escola em oferecer um ambiente seguro para os alunos. Assim, al\u00e9m de destacar as qualidades do servi\u00e7o educacional, voc\u00ea tamb\u00e9m dever\u00e1 conquistar a confian\u00e7a dos pais e respons\u00e1veis quanto ao cumprimento dos protocolos sanit\u00e1rios.&nbsp;<\/p>\n\n\n\n<p class=\"wp-block-paragraph\">Na jornada da matr\u00edcula o trabalho de convers\u00e3o requer bastante trabalho e aten\u00e7\u00e3o. Por isso, separamos aqui alguns pontos focais para que a sua estrat\u00e9gia de divulga\u00e7\u00e3o converta um grande n\u00famero de matr\u00edculas.&nbsp;<br><\/p>\n\n\n\n<h3 class=\"wp-block-heading\">Apresenta\u00e7\u00e3o da escola nos canais digitais<\/h3>\n\n\n\n<p class=\"wp-block-paragraph\"> <strong><a href=\"https:\/\/www.melhorescola.com.br\/blog\/presenca-online-minha-escola-precisa-disso\/\" target=\"_blank\" rel=\"noreferrer noopener\" aria-label=\" (abre numa nova aba)\">A apresenta\u00e7\u00e3o da sua escola na internet<\/a><\/strong> \u00e9 muito importante. Hoje, mais do que nunca, as fam\u00edlias buscam pelo m\u00e1ximo de informa\u00e7\u00f5es poss\u00edveis antes de marcar uma visita. Desse modo, a institui\u00e7\u00e3o precisa ser encontrada na internet, seja nas redes sociais, em marketplaces de educa\u00e7\u00e3o, atrav\u00e9s do pr\u00f3prio site, ou ainda por meio de todas essas op\u00e7\u00f5es.<\/p>\n\n\n\n<p class=\"wp-block-paragraph\">\u00c9 fundamental que seus canais digitais estejam com as informa\u00e7\u00f5es atualizadas, sejam atrativos para as fam\u00edlias e respondam a todas as d\u00favidas que elas tiverem. Utilize fotos de alta qualidade, escolha um design atraente e organize as informa\u00e7\u00f5es de uma maneira que facilite a compreens\u00e3o do leitor.<\/p>\n\n\n\n<p class=\"wp-block-paragraph\">As ferramentas digitais oferecem muitas possibilidades para expor a sua escola. Portanto, fa\u00e7a uso dos canais digitais para alcan\u00e7ar o seu p\u00fablico de interesse e convencer as fam\u00edlias de que voc\u00ea \u00e9 a melhor op\u00e7\u00e3o.<\/p>\n\n\n\n<h3 class=\"wp-block-heading\">Material did\u00e1tico e sistemas utilizados pela escola<\/h3>\n\n\n\n<p class=\"wp-block-paragraph\">\tO material did\u00e1tico \u00e9 uma pe\u00e7a muito importante dentro da estrat\u00e9gia pedag\u00f3gica, especialmente neste momento de pandemia e aulas remotas. Nos \u00faltimos meses, a equipe pedag\u00f3gica aprendeu com as circunst\u00e2ncias e tirou o melhor proveito do que poderia ser trabalhado com os alunos dentro do curr\u00edculo, certo? Ent\u00e3o mostre para as fam\u00edlias como os desafios foram superados e quais resultados foram obtidos.<\/p>\n\n\n\n<p class=\"wp-block-paragraph\">Divulgue para as fam\u00edlias o planejamento pedag\u00f3gico para o ano letivo 2022, incluindo as adapta\u00e7\u00f5es na grade curricular, as plataformas utilizadas para realiza\u00e7\u00e3o das aulas remotas (Google Sala de Aula, Zoom, Microsoft Teams ou AVA), as ferramentas pedag\u00f3gicas e o planejamento de atividade presenciais.<\/p>\n\n\n\n<p class=\"wp-block-paragraph\">Al\u00e9m disso, cabe tamb\u00e9m divulgar o plano de avalia\u00e7\u00f5es e como ser\u00e1 verificada a aprendizagem do ano letivo de 2020. Considerando que muitos alunos possam estar vindo de outra institui\u00e7\u00e3o, \u00e9 importante mostrar \u00e0s fam\u00edlias que qualquer preju\u00edzo do ano passado ser\u00e1 recuperado neste ano.<\/p>\n\n\n\n<p class=\"wp-block-paragraph\">\tSe sua escola utiliza um software de agenda virtual, boletim escolar digital ou gest\u00e3o administrativa, isso significa que seus processos s\u00e3o otimizados e modernos. Esses diferenciais facilitam a rotina di\u00e1ria e garantem economia de tempo para ser investido em outros aspectos escolares.&nbsp;<\/p>\n\n\n\n<p class=\"wp-block-paragraph\">Mas lembre-se, pouco adianta ter os recursos e ferramentas se elas s\u00e3o mal utilizadas no dia-a-dia. Invista em treinamentos para que o corpo docente e demais funcion\u00e1rios n\u00e3o tenham dificuldades para utilizar as ferramentas. Um quadro de funcion\u00e1rios capacitados e em constante desenvolvimento garantem confian\u00e7a para as fam\u00edlias.<\/p>\n\n\n\n<h3 class=\"wp-block-heading\">Pre\u00e7o e pol\u00edtica de desconto<\/h3>\n\n\n\n<p class=\"wp-block-paragraph\">\tVoc\u00ea j\u00e1 ouviu falar no conceito curva de demanda? O conceito da administra\u00e7\u00e3o explica que voc\u00ea deve encontrar a disposi\u00e7\u00e3o a pagar dos clientes, sem focar exclusivamente nos custos que a empresa tem para vender determinado servi\u00e7o ou produto. Em outras palavras, o pre\u00e7o da mensalidade da sua escola n\u00e3o est\u00e1 diretamente ligado com os custos que voc\u00ea tem para manter as portas abertas.<\/p>\n\n\n\n<p class=\"wp-block-paragraph\">\tNesse sentido, voc\u00ea deve encontrar o valor m\u00e1ximo que o maior n\u00famero de clientes est\u00e1 disposto a pagar para trabalhar com uma margem de pre\u00e7os, e n\u00e3o um \u00fanico valor de mensalidade para todos os alunos de uma mesma turma. Assim, voc\u00ea consegue ter uma curva de demanda que conquista um n\u00famero maior de alunos e consequentemente gera uma maior receita.<\/p>\n\n\n\n<p class=\"wp-block-paragraph\">\tEntretanto, para orientar essa capta\u00e7\u00e3o de alunos pagando diferentes valores, \u00e9 preciso ter uma pol\u00edtica de desconto bem organizada. Ao estabelecer crit\u00e9rios para a concess\u00e3o de desconto, voc\u00ea fideliza as matr\u00edculas sem gerar problemas no relacionamento com as fam\u00edlias.<br><\/p>\n\n\n\n<h3 class=\"wp-block-heading\">Infraestrutura para cumprimento dos protocolos sanit\u00e1rios<\/h3>\n\n\n\n<p class=\"wp-block-paragraph\"> As condi\u00e7\u00f5es f\u00edsicas do pr\u00e9dio ter\u00e3o grande valor na jornada da matr\u00edcula por conta dos protocolos de biosseguran\u00e7a. Portanto, <a href=\"https:\/\/www.melhorescola.com.br\/blog\/de-olho-nos-protocolos-sanitarios-de-volta-as-aulas\/\" target=\"_blank\" rel=\"noreferrer noopener\" aria-label=\" (abre numa nova aba)\">mostre para as fam\u00edlias que sua escola est\u00e1 atenta \u00e0s diretrizes municipais e estaduais<\/a>, tendo condi\u00e7\u00f5es de oferecer um ambiente seguro para o retorno das aulas presenciais.&nbsp;<\/p>\n\n\n\n<p class=\"wp-block-paragraph\">Para ajudar as escolas a seguirem os protocolos de seguran\u00e7a, elaboramos um kit de ferramentas para preven\u00e7\u00e3o do coronav\u00edrus na volta \u00e0s aulas. Para ter acesso a ele, basta <a href=\"https:\/\/conteudo.melhorescola.com.br\/kit-volta-as-aulas\">clicar aqui<\/a>. Os materiais foram elaborados com base&nbsp; nos protocolos de diretrizes para redu\u00e7\u00e3o de cont\u00e1gio elaborados pelo Governo de S\u00e3o Paulo. Por\u00e9m, as recomenda\u00e7\u00f5es s\u00e3o abrangentes e voc\u00ea pode utiliz\u00e1-las mesmo que sua escola n\u00e3o esteja no estado.<\/p>\n\n\n\n<h3 class=\"wp-block-heading\">Avalia\u00e7\u00e3o de outras fam\u00edlias<\/h3>\n\n\n\n<p class=\"wp-block-paragraph\">\tO marketing boca-a-boca ainda \u00e9 uma parte extremamente importante da jornada de matr\u00edcula, podendo ser determinante em muitos casos. Desse modo, \u00e9 importante estar atento \u00e0s avalia\u00e7\u00f5es das fam\u00edlias. O que os pais t\u00eam a dizer sobre a sua escola? Eles recomendam a escola para amigos e conhecidos? Qual \u00e9 o n\u00edvel de satisfa\u00e7\u00e3o dos alunos matriculados?&nbsp;<\/p>\n\n\n\n<p class=\"wp-block-paragraph\">Esses dados podem ser facilmente obtidos por meio de uma pesquisa de satisfa\u00e7\u00e3o e, a partir dos resultados, voc\u00ea pode fazer campanhas de incentivo \u00e0 indica\u00e7\u00e3o. As fam\u00edlias que fizerem indica\u00e7\u00f5es da escola podem ganhar brindes ou descontos, por exemplo. Fique de olho nas avalia\u00e7\u00f5es e aproveite os benef\u00edcio que o marketing boca-a-boca pode fazer para a sua capta\u00e7\u00e3o de alunos.<\/p>\n","protected":false},"excerpt":{"rendered":"<p>Durante o processo de pesquisa por uma nova escola, as fam\u00edlias conhecem v\u00e1rias institui\u00e7\u00f5es e consideram in\u00fameros fatores antes de tomar uma decis\u00e3o: pre\u00e7o, estrutura,&hellip;<\/p>\n","protected":false},"author":7,"featured_media":3175,"comment_status":"open","ping_status":"open","sticky":false,"template":"","format":"standard","meta":{"footnotes":""},"categories":[260],"tags":[168,335,396],"class_list":["post-3173","post","type-post","status-publish","format-standard","has-post-thumbnail","hentry","category-captacao","tag-captacao-de-alunos","tag-cenario-pos-pandemia","tag-jornada-da-matricula"],"yoast_head":"<!-- This site is optimized with the Yoast SEO plugin v28.4 - https:\/\/yoast.com\/product\/yoast-seo-wordpress\/ -->\n<title>Jornada da Matr\u00edcula: como ser a principal op\u00e7\u00e3o dos pais em 2021 - Blog do Melhor Escola<\/title>\n<meta name=\"description\" content=\"Em meio a tantas op\u00e7\u00f5es, ser a escolha das fam\u00edlias na jornada da matr\u00edcula n\u00e3o \u00e9 uma tarefa f\u00e1cil. No novo normal, vamos fazer uma nova capta\u00e7\u00e3o de alunos.\" \/>\n<meta name=\"robots\" content=\"index, follow, max-snippet:-1, max-image-preview:large, max-video-preview:-1\" \/>\n<link rel=\"canonical\" href=\"https:\/\/www.melhorescola.com.br\/blog\/jornada-da-matricula-como-ser-a-principal-opcao-dos-pais-em-2021\/\" \/>\n<meta property=\"og:locale\" content=\"pt_BR\" \/>\n<meta property=\"og:type\" content=\"article\" \/>\n<meta property=\"og:title\" content=\"Jornada da Matr\u00edcula: como ser a principal op\u00e7\u00e3o dos pais em 2021 - Blog do Melhor Escola\" \/>\n<meta property=\"og:description\" content=\"Em meio a tantas op\u00e7\u00f5es, ser a escolha das fam\u00edlias na jornada da matr\u00edcula n\u00e3o \u00e9 uma tarefa f\u00e1cil. No novo normal, vamos fazer uma nova capta\u00e7\u00e3o de alunos.\" \/>\n<meta property=\"og:url\" content=\"https:\/\/www.melhorescola.com.br\/blog\/jornada-da-matricula-como-ser-a-principal-opcao-dos-pais-em-2021\/\" \/>\n<meta property=\"og:site_name\" content=\"Blog do Melhor Escola\" \/>\n<meta property=\"article:published_time\" content=\"2021-01-29T20:14:40+00:00\" \/>\n<meta property=\"article:modified_time\" content=\"2024-05-27T17:22:42+00:00\" \/>\n<meta property=\"og:image\" content=\"https:\/\/www.melhorescola.com.br\/blog\/wp-content\/uploads\/2021\/01\/little-girl-being-home-schooled-while-on-quarantine.jpg\" \/>\n\t<meta property=\"og:image:width\" content=\"1660\" \/>\n\t<meta property=\"og:image:height\" content=\"1155\" \/>\n\t<meta property=\"og:image:type\" content=\"image\/jpeg\" \/>\n<meta name=\"author\" content=\"Giovanna Cornelio\" \/>\n<meta name=\"twitter:card\" content=\"summary_large_image\" \/>\n<meta name=\"twitter:label1\" content=\"Escrito por\" \/>\n\t<meta name=\"twitter:data1\" content=\"Giovanna Cornelio\" \/>\n\t<meta name=\"twitter:label2\" content=\"Est. tempo de leitura\" \/>\n\t<meta name=\"twitter:data2\" content=\"7 minutos\" \/>\n<script type=\"application\/ld+json\" class=\"yoast-schema-graph\">{\"@context\":\"https:\\\/\\\/schema.org\",\"@graph\":[{\"@type\":\"Article\",\"@id\":\"https:\\\/\\\/www.melhorescola.com.br\\\/blog\\\/jornada-da-matricula-como-ser-a-principal-opcao-dos-pais-em-2021\\\/#article\",\"isPartOf\":{\"@id\":\"https:\\\/\\\/www.melhorescola.com.br\\\/blog\\\/jornada-da-matricula-como-ser-a-principal-opcao-dos-pais-em-2021\\\/\"},\"author\":{\"name\":\"Giovanna Cornelio\",\"@id\":\"https:\\\/\\\/www.melhorescola.com.br\\\/blog\\\/#\\\/schema\\\/person\\\/a8130f642d970c5c243b071e1e097903\"},\"headline\":\"Jornada da Matr\u00edcula: como ser a principal op\u00e7\u00e3o dos pais em 2021\",\"datePublished\":\"2021-01-29T20:14:40+00:00\",\"dateModified\":\"2024-05-27T17:22:42+00:00\",\"mainEntityOfPage\":{\"@id\":\"https:\\\/\\\/www.melhorescola.com.br\\\/blog\\\/jornada-da-matricula-como-ser-a-principal-opcao-dos-pais-em-2021\\\/\"},\"wordCount\":1282,\"commentCount\":0,\"publisher\":{\"@id\":\"https:\\\/\\\/www.melhorescola.com.br\\\/blog\\\/#organization\"},\"image\":{\"@id\":\"https:\\\/\\\/www.melhorescola.com.br\\\/blog\\\/jornada-da-matricula-como-ser-a-principal-opcao-dos-pais-em-2021\\\/#primaryimage\"},\"thumbnailUrl\":\"https:\\\/\\\/www.melhorescola.com.br\\\/blog\\\/wp-content\\\/uploads\\\/2021\\\/01\\\/little-girl-being-home-schooled-while-on-quarantine.jpg\",\"keywords\":[\"Capta\u00e7\u00e3o de Alunos\",\"cen\u00e1rio p\u00f3s-pandemia\",\"jornada da matr\u00edcula\"],\"articleSection\":[\"Capta\u00e7\u00e3o de alunos\"],\"inLanguage\":\"pt-BR\",\"potentialAction\":[{\"@type\":\"CommentAction\",\"name\":\"Comment\",\"target\":[\"https:\\\/\\\/www.melhorescola.com.br\\\/blog\\\/jornada-da-matricula-como-ser-a-principal-opcao-dos-pais-em-2021\\\/#respond\"]}]},{\"@type\":\"WebPage\",\"@id\":\"https:\\\/\\\/www.melhorescola.com.br\\\/blog\\\/jornada-da-matricula-como-ser-a-principal-opcao-dos-pais-em-2021\\\/\",\"url\":\"https:\\\/\\\/www.melhorescola.com.br\\\/blog\\\/jornada-da-matricula-como-ser-a-principal-opcao-dos-pais-em-2021\\\/\",\"name\":\"Jornada da Matr\u00edcula: como ser a principal op\u00e7\u00e3o dos pais em 2021 - Blog do Melhor Escola\",\"isPartOf\":{\"@id\":\"https:\\\/\\\/www.melhorescola.com.br\\\/blog\\\/#website\"},\"primaryImageOfPage\":{\"@id\":\"https:\\\/\\\/www.melhorescola.com.br\\\/blog\\\/jornada-da-matricula-como-ser-a-principal-opcao-dos-pais-em-2021\\\/#primaryimage\"},\"image\":{\"@id\":\"https:\\\/\\\/www.melhorescola.com.br\\\/blog\\\/jornada-da-matricula-como-ser-a-principal-opcao-dos-pais-em-2021\\\/#primaryimage\"},\"thumbnailUrl\":\"https:\\\/\\\/www.melhorescola.com.br\\\/blog\\\/wp-content\\\/uploads\\\/2021\\\/01\\\/little-girl-being-home-schooled-while-on-quarantine.jpg\",\"datePublished\":\"2021-01-29T20:14:40+00:00\",\"dateModified\":\"2024-05-27T17:22:42+00:00\",\"description\":\"Em meio a tantas op\u00e7\u00f5es, ser a escolha das fam\u00edlias na jornada da matr\u00edcula n\u00e3o \u00e9 uma tarefa f\u00e1cil. No novo normal, vamos fazer uma nova capta\u00e7\u00e3o de alunos.\",\"breadcrumb\":{\"@id\":\"https:\\\/\\\/www.melhorescola.com.br\\\/blog\\\/jornada-da-matricula-como-ser-a-principal-opcao-dos-pais-em-2021\\\/#breadcrumb\"},\"inLanguage\":\"pt-BR\",\"potentialAction\":[{\"@type\":\"ReadAction\",\"target\":[\"https:\\\/\\\/www.melhorescola.com.br\\\/blog\\\/jornada-da-matricula-como-ser-a-principal-opcao-dos-pais-em-2021\\\/\"]}]},{\"@type\":\"ImageObject\",\"inLanguage\":\"pt-BR\",\"@id\":\"https:\\\/\\\/www.melhorescola.com.br\\\/blog\\\/jornada-da-matricula-como-ser-a-principal-opcao-dos-pais-em-2021\\\/#primaryimage\",\"url\":\"https:\\\/\\\/www.melhorescola.com.br\\\/blog\\\/wp-content\\\/uploads\\\/2021\\\/01\\\/little-girl-being-home-schooled-while-on-quarantine.jpg\",\"contentUrl\":\"https:\\\/\\\/www.melhorescola.com.br\\\/blog\\\/wp-content\\\/uploads\\\/2021\\\/01\\\/little-girl-being-home-schooled-while-on-quarantine.jpg\",\"width\":1660,\"height\":1155,\"caption\":\"Jornada da Matr\u00edcula: como ser a principal op\u00e7\u00e3o dos pais em 2021\"},{\"@type\":\"BreadcrumbList\",\"@id\":\"https:\\\/\\\/www.melhorescola.com.br\\\/blog\\\/jornada-da-matricula-como-ser-a-principal-opcao-dos-pais-em-2021\\\/#breadcrumb\",\"itemListElement\":[{\"@type\":\"ListItem\",\"position\":1,\"name\":\"In\u00edcio\",\"item\":\"https:\\\/\\\/www.melhorescola.com.br\\\/blog\\\/\"},{\"@type\":\"ListItem\",\"position\":2,\"name\":\"Jornada da Matr\u00edcula: como ser a principal op\u00e7\u00e3o dos pais em 2021\"}]},{\"@type\":\"WebSite\",\"@id\":\"https:\\\/\\\/www.melhorescola.com.br\\\/blog\\\/#website\",\"url\":\"https:\\\/\\\/www.melhorescola.com.br\\\/blog\\\/\",\"name\":\"Blog do Melhor Escola\",\"description\":\"Veja conte\u00fados sobre capta\u00e7\u00e3o de alunos, gest\u00e3o escolar, marketing educacional, universo pedag\u00f3gico e muito mais!\",\"publisher\":{\"@id\":\"https:\\\/\\\/www.melhorescola.com.br\\\/blog\\\/#organization\"},\"potentialAction\":[{\"@type\":\"SearchAction\",\"target\":{\"@type\":\"EntryPoint\",\"urlTemplate\":\"https:\\\/\\\/www.melhorescola.com.br\\\/blog\\\/?s={search_term_string}\"},\"query-input\":{\"@type\":\"PropertyValueSpecification\",\"valueRequired\":true,\"valueName\":\"search_term_string\"}}],\"inLanguage\":\"pt-BR\"},{\"@type\":\"Organization\",\"@id\":\"https:\\\/\\\/www.melhorescola.com.br\\\/blog\\\/#organization\",\"name\":\"Melhor Escola B2B\",\"url\":\"https:\\\/\\\/www.melhorescola.com.br\\\/blog\\\/\",\"logo\":{\"@type\":\"ImageObject\",\"inLanguage\":\"pt-BR\",\"@id\":\"https:\\\/\\\/www.melhorescola.com.br\\\/blog\\\/#\\\/schema\\\/logo\\\/image\\\/\",\"url\":\"https:\\\/\\\/www.melhorescola.com.br\\\/blog\\\/wp-content\\\/uploads\\\/2024\\\/06\\\/images-removebg-preview-2.png\",\"contentUrl\":\"https:\\\/\\\/www.melhorescola.com.br\\\/blog\\\/wp-content\\\/uploads\\\/2024\\\/06\\\/images-removebg-preview-2.png\",\"width\":148,\"height\":148,\"caption\":\"Melhor Escola B2B\"},\"image\":{\"@id\":\"https:\\\/\\\/www.melhorescola.com.br\\\/blog\\\/#\\\/schema\\\/logo\\\/image\\\/\"}},{\"@type\":\"Person\",\"@id\":\"https:\\\/\\\/www.melhorescola.com.br\\\/blog\\\/#\\\/schema\\\/person\\\/a8130f642d970c5c243b071e1e097903\",\"name\":\"Giovanna Cornelio\",\"image\":{\"@type\":\"ImageObject\",\"inLanguage\":\"pt-BR\",\"@id\":\"https:\\\/\\\/secure.gravatar.com\\\/avatar\\\/071456c625eefd564a4918e1e82867d8b866a613c726d360bd83fd57ad104f49?s=96&d=mm&r=g\",\"url\":\"https:\\\/\\\/secure.gravatar.com\\\/avatar\\\/071456c625eefd564a4918e1e82867d8b866a613c726d360bd83fd57ad104f49?s=96&d=mm&r=g\",\"contentUrl\":\"https:\\\/\\\/secure.gravatar.com\\\/avatar\\\/071456c625eefd564a4918e1e82867d8b866a613c726d360bd83fd57ad104f49?s=96&d=mm&r=g\",\"caption\":\"Giovanna Cornelio\"},\"description\":\"Jornalista por dentro e por fora. Acredito que o conhecimento leva o ser humano a descobertas que transformam sua pr\u00f3pria exist\u00eancia.\",\"url\":\"https:\\\/\\\/www.melhorescola.com.br\\\/blog\\\/author\\\/giovanna-oliveira\\\/\"}]}<\/script>\n<!-- \/ Yoast SEO plugin. -->","yoast_head_json":{"title":"Jornada da Matr\u00edcula: como ser a principal op\u00e7\u00e3o dos pais em 2021 - Blog do Melhor Escola","description":"Em meio a tantas op\u00e7\u00f5es, ser a escolha das fam\u00edlias na jornada da matr\u00edcula n\u00e3o \u00e9 uma tarefa f\u00e1cil. No novo normal, vamos fazer uma nova capta\u00e7\u00e3o de alunos.","robots":{"index":"index","follow":"follow","max-snippet":"max-snippet:-1","max-image-preview":"max-image-preview:large","max-video-preview":"max-video-preview:-1"},"canonical":"https:\/\/www.melhorescola.com.br\/blog\/jornada-da-matricula-como-ser-a-principal-opcao-dos-pais-em-2021\/","og_locale":"pt_BR","og_type":"article","og_title":"Jornada da Matr\u00edcula: como ser a principal op\u00e7\u00e3o dos pais em 2021 - Blog do Melhor Escola","og_description":"Em meio a tantas op\u00e7\u00f5es, ser a escolha das fam\u00edlias na jornada da matr\u00edcula n\u00e3o \u00e9 uma tarefa f\u00e1cil. No novo normal, vamos fazer uma nova capta\u00e7\u00e3o de alunos.","og_url":"https:\/\/www.melhorescola.com.br\/blog\/jornada-da-matricula-como-ser-a-principal-opcao-dos-pais-em-2021\/","og_site_name":"Blog do Melhor Escola","article_published_time":"2021-01-29T20:14:40+00:00","article_modified_time":"2024-05-27T17:22:42+00:00","og_image":[{"width":1660,"height":1155,"url":"https:\/\/www.melhorescola.com.br\/blog\/wp-content\/uploads\/2021\/01\/little-girl-being-home-schooled-while-on-quarantine.jpg","type":"image\/jpeg"}],"author":"Giovanna Cornelio","twitter_card":"summary_large_image","twitter_misc":{"Escrito por":"Giovanna Cornelio","Est. tempo de leitura":"7 minutos"},"schema":{"@context":"https:\/\/schema.org","@graph":[{"@type":"Article","@id":"https:\/\/www.melhorescola.com.br\/blog\/jornada-da-matricula-como-ser-a-principal-opcao-dos-pais-em-2021\/#article","isPartOf":{"@id":"https:\/\/www.melhorescola.com.br\/blog\/jornada-da-matricula-como-ser-a-principal-opcao-dos-pais-em-2021\/"},"author":{"name":"Giovanna Cornelio","@id":"https:\/\/www.melhorescola.com.br\/blog\/#\/schema\/person\/a8130f642d970c5c243b071e1e097903"},"headline":"Jornada da Matr\u00edcula: como ser a principal op\u00e7\u00e3o dos pais em 2021","datePublished":"2021-01-29T20:14:40+00:00","dateModified":"2024-05-27T17:22:42+00:00","mainEntityOfPage":{"@id":"https:\/\/www.melhorescola.com.br\/blog\/jornada-da-matricula-como-ser-a-principal-opcao-dos-pais-em-2021\/"},"wordCount":1282,"commentCount":0,"publisher":{"@id":"https:\/\/www.melhorescola.com.br\/blog\/#organization"},"image":{"@id":"https:\/\/www.melhorescola.com.br\/blog\/jornada-da-matricula-como-ser-a-principal-opcao-dos-pais-em-2021\/#primaryimage"},"thumbnailUrl":"https:\/\/www.melhorescola.com.br\/blog\/wp-content\/uploads\/2021\/01\/little-girl-being-home-schooled-while-on-quarantine.jpg","keywords":["Capta\u00e7\u00e3o de Alunos","cen\u00e1rio p\u00f3s-pandemia","jornada da matr\u00edcula"],"articleSection":["Capta\u00e7\u00e3o de alunos"],"inLanguage":"pt-BR","potentialAction":[{"@type":"CommentAction","name":"Comment","target":["https:\/\/www.melhorescola.com.br\/blog\/jornada-da-matricula-como-ser-a-principal-opcao-dos-pais-em-2021\/#respond"]}]},{"@type":"WebPage","@id":"https:\/\/www.melhorescola.com.br\/blog\/jornada-da-matricula-como-ser-a-principal-opcao-dos-pais-em-2021\/","url":"https:\/\/www.melhorescola.com.br\/blog\/jornada-da-matricula-como-ser-a-principal-opcao-dos-pais-em-2021\/","name":"Jornada da Matr\u00edcula: como ser a principal op\u00e7\u00e3o dos pais em 2021 - Blog do Melhor Escola","isPartOf":{"@id":"https:\/\/www.melhorescola.com.br\/blog\/#website"},"primaryImageOfPage":{"@id":"https:\/\/www.melhorescola.com.br\/blog\/jornada-da-matricula-como-ser-a-principal-opcao-dos-pais-em-2021\/#primaryimage"},"image":{"@id":"https:\/\/www.melhorescola.com.br\/blog\/jornada-da-matricula-como-ser-a-principal-opcao-dos-pais-em-2021\/#primaryimage"},"thumbnailUrl":"https:\/\/www.melhorescola.com.br\/blog\/wp-content\/uploads\/2021\/01\/little-girl-being-home-schooled-while-on-quarantine.jpg","datePublished":"2021-01-29T20:14:40+00:00","dateModified":"2024-05-27T17:22:42+00:00","description":"Em meio a tantas op\u00e7\u00f5es, ser a escolha das fam\u00edlias na jornada da matr\u00edcula n\u00e3o \u00e9 uma tarefa f\u00e1cil. No novo normal, vamos fazer uma nova capta\u00e7\u00e3o de alunos.","breadcrumb":{"@id":"https:\/\/www.melhorescola.com.br\/blog\/jornada-da-matricula-como-ser-a-principal-opcao-dos-pais-em-2021\/#breadcrumb"},"inLanguage":"pt-BR","potentialAction":[{"@type":"ReadAction","target":["https:\/\/www.melhorescola.com.br\/blog\/jornada-da-matricula-como-ser-a-principal-opcao-dos-pais-em-2021\/"]}]},{"@type":"ImageObject","inLanguage":"pt-BR","@id":"https:\/\/www.melhorescola.com.br\/blog\/jornada-da-matricula-como-ser-a-principal-opcao-dos-pais-em-2021\/#primaryimage","url":"https:\/\/www.melhorescola.com.br\/blog\/wp-content\/uploads\/2021\/01\/little-girl-being-home-schooled-while-on-quarantine.jpg","contentUrl":"https:\/\/www.melhorescola.com.br\/blog\/wp-content\/uploads\/2021\/01\/little-girl-being-home-schooled-while-on-quarantine.jpg","width":1660,"height":1155,"caption":"Jornada da Matr\u00edcula: como ser a principal op\u00e7\u00e3o dos pais em 2021"},{"@type":"BreadcrumbList","@id":"https:\/\/www.melhorescola.com.br\/blog\/jornada-da-matricula-como-ser-a-principal-opcao-dos-pais-em-2021\/#breadcrumb","itemListElement":[{"@type":"ListItem","position":1,"name":"In\u00edcio","item":"https:\/\/www.melhorescola.com.br\/blog\/"},{"@type":"ListItem","position":2,"name":"Jornada da Matr\u00edcula: como ser a principal op\u00e7\u00e3o dos pais em 2021"}]},{"@type":"WebSite","@id":"https:\/\/www.melhorescola.com.br\/blog\/#website","url":"https:\/\/www.melhorescola.com.br\/blog\/","name":"Blog do Melhor Escola","description":"Veja conte\u00fados sobre capta\u00e7\u00e3o de alunos, gest\u00e3o escolar, marketing educacional, universo pedag\u00f3gico e muito mais!","publisher":{"@id":"https:\/\/www.melhorescola.com.br\/blog\/#organization"},"potentialAction":[{"@type":"SearchAction","target":{"@type":"EntryPoint","urlTemplate":"https:\/\/www.melhorescola.com.br\/blog\/?s={search_term_string}"},"query-input":{"@type":"PropertyValueSpecification","valueRequired":true,"valueName":"search_term_string"}}],"inLanguage":"pt-BR"},{"@type":"Organization","@id":"https:\/\/www.melhorescola.com.br\/blog\/#organization","name":"Melhor Escola B2B","url":"https:\/\/www.melhorescola.com.br\/blog\/","logo":{"@type":"ImageObject","inLanguage":"pt-BR","@id":"https:\/\/www.melhorescola.com.br\/blog\/#\/schema\/logo\/image\/","url":"https:\/\/www.melhorescola.com.br\/blog\/wp-content\/uploads\/2024\/06\/images-removebg-preview-2.png","contentUrl":"https:\/\/www.melhorescola.com.br\/blog\/wp-content\/uploads\/2024\/06\/images-removebg-preview-2.png","width":148,"height":148,"caption":"Melhor Escola B2B"},"image":{"@id":"https:\/\/www.melhorescola.com.br\/blog\/#\/schema\/logo\/image\/"}},{"@type":"Person","@id":"https:\/\/www.melhorescola.com.br\/blog\/#\/schema\/person\/a8130f642d970c5c243b071e1e097903","name":"Giovanna Cornelio","image":{"@type":"ImageObject","inLanguage":"pt-BR","@id":"https:\/\/secure.gravatar.com\/avatar\/071456c625eefd564a4918e1e82867d8b866a613c726d360bd83fd57ad104f49?s=96&d=mm&r=g","url":"https:\/\/secure.gravatar.com\/avatar\/071456c625eefd564a4918e1e82867d8b866a613c726d360bd83fd57ad104f49?s=96&d=mm&r=g","contentUrl":"https:\/\/secure.gravatar.com\/avatar\/071456c625eefd564a4918e1e82867d8b866a613c726d360bd83fd57ad104f49?s=96&d=mm&r=g","caption":"Giovanna Cornelio"},"description":"Jornalista por dentro e por fora. Acredito que o conhecimento leva o ser humano a descobertas que transformam sua pr\u00f3pria exist\u00eancia.","url":"https:\/\/www.melhorescola.com.br\/blog\/author\/giovanna-oliveira\/"}]}},"_links":{"self":[{"href":"https:\/\/www.melhorescola.com.br\/blog\/wp-json\/wp\/v2\/posts\/3173","targetHints":{"allow":["GET"]}}],"collection":[{"href":"https:\/\/www.melhorescola.com.br\/blog\/wp-json\/wp\/v2\/posts"}],"about":[{"href":"https:\/\/www.melhorescola.com.br\/blog\/wp-json\/wp\/v2\/types\/post"}],"author":[{"embeddable":true,"href":"https:\/\/www.melhorescola.com.br\/blog\/wp-json\/wp\/v2\/users\/7"}],"replies":[{"embeddable":true,"href":"https:\/\/www.melhorescola.com.br\/blog\/wp-json\/wp\/v2\/comments?post=3173"}],"version-history":[{"count":7,"href":"https:\/\/www.melhorescola.com.br\/blog\/wp-json\/wp\/v2\/posts\/3173\/revisions"}],"predecessor-version":[{"id":23303,"href":"https:\/\/www.melhorescola.com.br\/blog\/wp-json\/wp\/v2\/posts\/3173\/revisions\/23303"}],"wp:featuredmedia":[{"embeddable":true,"href":"https:\/\/www.melhorescola.com.br\/blog\/wp-json\/wp\/v2\/media\/3175"}],"wp:attachment":[{"href":"https:\/\/www.melhorescola.com.br\/blog\/wp-json\/wp\/v2\/media?parent=3173"}],"wp:term":[{"taxonomy":"category","embeddable":true,"href":"https:\/\/www.melhorescola.com.br\/blog\/wp-json\/wp\/v2\/categories?post=3173"},{"taxonomy":"post_tag","embeddable":true,"href":"https:\/\/www.melhorescola.com.br\/blog\/wp-json\/wp\/v2\/tags?post=3173"}],"curies":[{"name":"wp","href":"https:\/\/api.w.org\/{rel}","templated":true}]}}