{"id":3010,"date":"2020-12-28T16:36:11","date_gmt":"2020-12-28T19:36:11","guid":{"rendered":"https:\/\/www.melhorescola.com.br\/blog\/?p=3010"},"modified":"2024-05-27T14:03:18","modified_gmt":"2024-05-27T17:03:18","slug":"boletim-escolar-retrospectiva-2020","status":"publish","type":"post","link":"https:\/\/www.melhorescola.com.br\/blog\/boletim-escolar-retrospectiva-2020\/","title":{"rendered":"Boletim Escolar: retrospectiva 2020"},"content":{"rendered":"\n<p>O <strong>Boletim Escolar <\/strong>\u00e9 o seu resumo semanal de not\u00edcias sobre o mercado educacional.  Na \u00faltima edi\u00e7\u00e3o de 2020, trouxemos uma retrospectiva de 2020. Em um ano marcado pelo fechamento das escolas, foi preciso muito trabalho, planejamento e empenho dos gestores escolares para garantir que a educa\u00e7\u00e3o continuasse chegando aos alunos.&nbsp;<\/p>\n\n\n\n<p> Ainda que <strong><a href=\"https:\/\/www.melhorescola.com.br\/blog\/ensino-a-distancia-um-pode-ser-opcao-durante-a-quarentena-de-coronovirus\/\" target=\"_blank\" rel=\"noreferrer noopener\" aria-label=\" (abre numa nova aba)\">o ensino a dist\u00e2ncia<\/a><\/strong> fosse considerado uma possibilidade para a educa\u00e7\u00e3o b\u00e1sica, ningu\u00e9m esperava que a implanta\u00e7\u00e3o desse m\u00e9todo de ensino ocorresse de maneira t\u00e3o r\u00e1pida. Em car\u00e1ter de urg\u00eancia, gestores, professores e coordenadores pedag\u00f3gicos juntaram for\u00e7as para planejar um formato de aula que pudesse acontecer de casa para casa. Ou seja, da casa dos docentes para a casa dos alunos.<\/p>\n\n\n\n<p> Nesse sentido, a necessidade de ado\u00e7\u00e3o do ensino remoto escancarou as desigualdades de acesso \u00e0 educa\u00e7\u00e3o e \u00e0s ferramentas tecnol\u00f3gicas para continuidade da aprendizagem. Na rede p\u00fablica de ensino, somente em outubro, mais de<strong><a href=\"https:\/\/g1.globo.com\/educacao\/noticia\/2020\/12\/01\/mais-de-6-milhoes-de-estudantes-nao-tiveram-acesso-a-atividades-escolares-em-outubro-aponta-ibge.ghtml\" target=\"_blank\" rel=\"noreferrer noopener\" aria-label=\" (abre numa nova aba)\"> 6 milh\u00f5es de estudantes entre 6 e 29 anos<\/a><\/strong>, da educa\u00e7\u00e3o b\u00e1sica e do ensino superior, n\u00e3o tiveram acesso a atividades escolares.<\/p>\n\n\n\n<p>\tPor outro lado, na rede privada de ensino, a oferta de ensino no modelo a dist\u00e2ncia n\u00e3o esteve t\u00e3o relacionada ao acesso, mas sim a exig\u00eancia de desconto na presta\u00e7\u00e3o de servi\u00e7o educacional. Projetos de Lei tramitaram nas C\u00e2maras dos Deputados exigindo a obrigatoriedade da oferta de desconto na mensalidade escolar, j\u00e1 que as aulas n\u00e3o estavam acontecendo presencialmente.<\/p>\n\n\n\n<p> Os PL n\u00e3o foram aprovados, mas os \u00f3rg\u00e3os de prote\u00e7\u00e3o aos direitos do consumidor, como o <strong><a href=\"https:\/\/www.melhorescola.com.br\/blog\/procon-sp-sugere-desconto-na-mensalidade-escolar\/\" target=\"_blank\" rel=\"noreferrer noopener\" aria-label=\" (abre numa nova aba)\">Procon-SP, sugeriram que o desconto fosse ofertado<\/a>.<\/strong> Uma vez que a pandemia tamb\u00e9m trouxe a crise econ\u00f4mica, a recomenda\u00e7\u00e3o do \u00f3rg\u00e3o foi que tanto escolas quanto fam\u00edlias usassem bom senso no momento da negocia\u00e7\u00e3o.<\/p>\n\n\n\n<h2 class=\"wp-block-heading\">Continuidade do ensino remoto<\/h2>\n\n\n\n<p> Dentre os ciclos de ensino, a <strong><a rel=\"noreferrer noopener\" aria-label=\" (abre numa nova aba)\" href=\"https:\/\/www.melhorescola.com.br\/blog\/como-usar-a-tecnologia-na-educacao-infantil\/\" target=\"_blank\">educa\u00e7\u00e3o infantil<\/a><\/strong> foi o mais afetado pela suspens\u00e3o das aulas presenciais. As escolas sentiram o aumento nas taxas de evas\u00e3o e <a href=\"https:\/\/www.melhorescola.com.br\/blog\/inadimplencia-na-pandemia-como-lidar\/\"><strong>inadimpl\u00eancia<\/strong><\/a>, sendo preciso adotar novas <strong><a href=\"https:\/\/conteudo.melhorescola.com.br\/direitos-e-deveres-da-escola?utm_source=blog&amp;utm_medium=e-book&amp;utm_campaign=direito_escolar\" target=\"_blank\" rel=\"noreferrer noopener\" aria-label=\" (abre numa nova aba)\">pr\u00e1ticas jur\u00eddicas<\/a><\/strong> para se adequar ao momento. Al\u00e9m disso, a incerteza sobre a reabertura das escolas dificultou o planejamento escolar e a capta\u00e7\u00e3o de alunos.<\/p>\n\n\n\n<p> Em outubro, o Conselho Nacional de Educa\u00e7\u00e3o (CNE) aprovou uma resolu\u00e7\u00e3o que previa a <strong><a href=\"https:\/\/www.melhorescola.com.br\/blog\/entenda-a-proposta-de-ano-letivo-unificado\/\" target=\"_blank\" rel=\"noreferrer noopener\" aria-label=\" (abre numa nova aba)\">unifica\u00e7\u00e3o dos anos letivos de 2020 e de 2021<\/a><\/strong>, al\u00e9m de garantir a continuidade do ensino remoto at\u00e9 dezembro do ano que vem. A decis\u00e3o foi tomada tendo como base a necessidade de adotar o ensino h\u00edbrido at\u00e9 que a vacina contra a COVID-19 seja aprovada e amplamente aplicada na popula\u00e7\u00e3o.<\/p>\n\n\n\n<p>\tO&nbsp; Minist\u00e9rio da Educa\u00e7\u00e3o (MEC) n\u00e3o abordou o assunto at\u00e9 dezembro, quando optou por n\u00e3o homologar a resolu\u00e7\u00e3o. O CNE elaborou um novo texto excluindo a data-limite de 2021. Dessa forma, a nova regra autoriza as aulas no modelo a dist\u00e2ncia enquanto durar a pandemia.<\/p>\n\n\n\n<h2 class=\"wp-block-heading\">Pol\u00eamicas envolvendo o MEC<\/h2>\n\n\n\n<p>No meio do caos gerado pela pandemia, o&nbsp; Minist\u00e9rio da Educa\u00e7\u00e3o esteve envolvido em esc\u00e2ndalos pol\u00edticos por conta do ent\u00e3o ministro Abraham Weintraub, o que levou \u00e0 sa\u00edda dele em junho. Al\u00e9m de ser suspeito de violar o princ\u00edpio de impessoalidade na corre\u00e7\u00e3o do ENEM, Weintraub foi investigado por racismo contra a China ao insinuar que o pa\u00eds se beneficiou da pandemia. O ex-ministro tamb\u00e9m foi investigado por inj\u00faria e cal\u00fania contra os ministros do Supremo Tribunal Federal (STF) ao cham\u00e1-los de vagabundos e dizer que deveriam ser presos.&nbsp;<\/p>\n\n\n\n<p>A pasta anunciou um nome para assumir o cargo, mas a indica\u00e7\u00e3o pediu demiss\u00e3o antes mesmo de tomar posse. Ap\u00f3s a pol\u00eamica, o pastor presbiteriano Milton Ribeiro se tornou Ministro da Educa\u00e7\u00e3o, em julho.<\/p>\n\n\n\n<p>E por falar no MEC, no come\u00e7o de 2020, a corre\u00e7\u00e3o do a corre\u00e7\u00e3o do Enem 2019&nbsp; gerou muitos problemas para cerca de 6 mil candidatos. Problemas na leitura do cart\u00e3o de resposta dos candidatos fizeram com que <strong><a href=\"https:\/\/g1.globo.com\/educacao\/noticia\/2020\/01\/28\/sisu-2020-resultado-e-liberado.ghtml\" target=\"_blank\" rel=\"noreferrer noopener\" aria-label=\" (abre numa nova aba)\">os resultados do Sistema de Sele\u00e7\u00e3o Unificado (Sisu) fossem suspensos<\/a><\/strong>.<\/p>\n\n\n\n<p>Na sequ\u00eancia, com o avan\u00e7o da pandemia, a edi\u00e7\u00e3o 2020 do ENEM precisou ser adiada. Uma enquete enviada para os alunos trazia como sugest\u00e3o as datas em dezembro de 2020, janeiro e maio de 2021. A maioria dos candidatos votou na op\u00e7\u00e3o de prova em maio de 2021, mas o governo decidiu realizar a prova em janeiro para n\u00e3o atrasar os cronogramas de aulas no ensino superior.&nbsp;<\/p>\n\n\n\n<p>As provas do ENEM 2020 t\u00eam previs\u00e3o para acontecer nos dias 17 e 24 de janeiro (prova impressa) e 31 de janeiro e 7 de fevereiro (prova digital). Os resultados ser\u00e3o divulgados em 29 de mar\u00e7o.<\/p>\n\n\n\n<!--more-->\n\n\n\n<p class=\"has-text-color\" style=\"color:#f6911b\">+ <strong><a rel=\"noreferrer noopener\" aria-label=\" (abre numa nova aba)\" href=\"https:\/\/www.melhorescola.com.br\/blog\/o-papel-da-escola-no-combate-ao-racismo\/\" target=\"_blank\">O papel da escola no combate ao racismo<\/a><\/strong><\/p>\n\n\n\n<p class=\"has-text-color\" style=\"color:#f6911b\"><strong>+ <a href=\"https:\/\/www.melhorescola.com.br\/blog\/pesquisa-de-satisfacao-com-pais-e-alunos\/\" target=\"_blank\" rel=\"noreferrer noopener\" aria-label=\" (abre numa nova aba)\">Pesquisa de satisfa\u00e7\u00e3o com pais e alunos: como fazer<\/a><\/strong><br><\/p>\n\n\n\n<h2 class=\"wp-block-heading\">Aprova\u00e7\u00e3o do novo Fundeb<\/h2>\n\n\n\n<p>\tN\u00e3o s\u00f3 de desafios se fez 2020 para a educa\u00e7\u00e3o, especialmente para a rede p\u00fablica de ensino. O novo Fundeb (Fundo de Manuten\u00e7\u00e3o e Desenvolvimento da Educa\u00e7\u00e3o B\u00e1sica e de Valoriza\u00e7\u00e3o dos Profissionais da Educa\u00e7\u00e3o) foi aprovado e se tornou permanente.&nbsp;<\/p>\n\n\n\n<p> Criado em janeiro de 2007 de maneira tempor\u00e1ria, o Fundeb \u00e9 um conjunto de 27 fundos (26 estaduais e 1 do Distrito Federal) que redistribui recursos destinados \u00e0 Educa\u00e7\u00e3o B\u00e1sica. Em outras palavras, trata-se de uma reserva especial usada para o desenvolvimento e manuten\u00e7\u00e3o de todas as etapas da Educa\u00e7\u00e3o B\u00e1sica . No texto anterior, o Fundeb teria validade at\u00e9 dia 31 de dezembro de 2020.&nbsp;<\/p>\n\n\n\n<p>\tDurante a tramita\u00e7\u00e3o do projeto no Congresso Nacional, deputados chegaram a aprovar&nbsp; uma vers\u00e3o que poderia retirar cerca de R$16 bilh\u00f5es da rede p\u00fablica de educa\u00e7\u00e3o. Esse texto abriria espa\u00e7o para que escolas privadas sem fins lucrativos, de base filantr\u00f3pica ou religiosa, recebessem um repasse p\u00fablico.<\/p>\n\n\n\n<p> O Senado rejeitou a mudan\u00e7a e com isso a proposta original foi resgatada e aprovada definitivamente. O presidente da rep\u00fablica Jair Bolsonaro assinou na semana passada a lei que sanciona o novo Fundeb.<\/p>\n\n\n\n<p>Leia tamb\u00e9m: <\/p>\n\n\n\n<p class=\"has-text-color\" style=\"color:#f6911b\"><strong>+ <\/strong><a href=\"https:\/\/www.melhorescola.com.br\/blog\/efeitos-da-pandemia-na-saude-emocional\/\"><strong>Efeitos da pandemia na sa\u00fade emocional<\/strong><\/a><\/p>\n\n\n\n<p class=\"has-text-color\" style=\"color:#f6911b\"><strong>+ <\/strong><a href=\"https:\/\/www.melhorescola.com.br\/blog\/parceria-familia-e-escola-no-cenario-pos-pandemia\/\"><strong>Parceria fam\u00edlia e escola no cen\u00e1rio p\u00f3s-pandemia<\/strong><\/a><\/p>\n\n\n\n<h2 class=\"wp-block-heading\">Nova Pol\u00edtica Nacional de Educa\u00e7\u00e3o Especial (PNEE)<\/h2>\n\n\n\n<p>\tOutra decis\u00e3o federal que causou muito desagrado foi a nova Pol\u00edtica Nacional de Educa\u00e7\u00e3o Especial. Chamado de decreto da exclus\u00e3o, a PNEE foi duramente criticada por entidades e especialistas ligados ao ensino inclusivo. Em resumo, a medida tira da escola comum a obrigatoriedade de realizar a matr\u00edcula desses alunos e permite a volta do ensino regular em escolas especializadas.&nbsp;<\/p>\n\n\n\n<p>De acordo com especialistas, a ideia de separar os alunos com defici\u00eancia em turmas e escolas especializadas vai contra a proposta de inclus\u00e3o. Com as novas regras, o Minist\u00e9rio da Educa\u00e7\u00e3o alterou uma norma que j\u00e1 vinha sendo adotada desde 2008.<\/p>\n\n\n\n<p>Deputados federais apresentaram projetos de decreto legislativo para derrubar o decreto da PNEE no Congresso. O tema chegou ao STF e a Advocacia Geral da Uni\u00e3o (AGU) negou que o decreto representaria uma pol\u00edtica de segrega\u00e7\u00e3o. No \u00faltimo dia 18 o Supremo Tribunal Federal formou maioria de votos em favor de manter a suspens\u00e3o do decreto.&nbsp;<\/p>\n\n\n<div class=\"wp-block-image\">\n<figure class=\"aligncenter\"><a href=\"http:\/\/conteudo.melhorescola.com.br\/clube-dos-diretores?utm_source=conteudo&amp;utm_medium=blog&amp;utm_campaign=banner-clube-diretores\" target=\"_blank\" rel=\"noreferrer noopener\"><img fetchpriority=\"high\" decoding=\"async\" width=\"660\" height=\"190\" src=\"https:\/\/www.melhorescola.com.br\/blog\/wp-content\/uploads\/2020\/05\/Clube-dos-Diretores-G.png\" alt=\"Clube dos Diretores\" class=\"wp-image-1727\"\/><\/a><\/figure>\n<\/div>\n\n\n<div class=\"wp-block-button\"><a class=\"wp-block-button__link has-background\" href=\"https:\/\/www.melhorescola.com.br\/mais-alunos\" target=\"_blank\" rel=\"noopener noreferrer\" style=\"background-color:#f6911c\"> Seja um parceiro <\/a><\/div>\n","protected":false},"excerpt":{"rendered":"<p>O Boletim Escolar \u00e9 o seu resumo semanal de not\u00edcias sobre o mercado educacional. Na \u00faltima edi\u00e7\u00e3o de 2020, trouxemos uma retrospectiva de 2020. Em&hellip;<\/p>\n","protected":false},"author":7,"featured_media":3009,"comment_status":"open","ping_status":"open","sticky":false,"template":"","format":"standard","meta":{"footnotes":""},"categories":[322],"tags":[379,343,380],"class_list":["post-3010","post","type-post","status-publish","format-standard","has-post-thumbnail","hentry","category-noticias","tag-boletim-escolar","tag-noticias","tag-retrospectiva"],"yoast_head":"<!-- This site is optimized with the Yoast SEO plugin v27.4 - https:\/\/yoast.com\/product\/yoast-seo-wordpress\/ -->\n<title>Boletim Escolar: retrospectiva 2020 - Blog do Melhor Escola<\/title>\n<meta name=\"description\" content=\"O Boletim Escolar \u00e9 o seu resumo semanal de not\u00edcias sobre o mercado de educa\u00e7\u00e3o, com tudo de mais importante que interfere na rotina do getor escolar.\" \/>\n<meta name=\"robots\" content=\"index, follow, max-snippet:-1, max-image-preview:large, max-video-preview:-1\" \/>\n<link rel=\"canonical\" href=\"https:\/\/www.melhorescola.com.br\/blog\/boletim-escolar-retrospectiva-2020\/\" \/>\n<meta property=\"og:locale\" content=\"pt_BR\" \/>\n<meta property=\"og:type\" content=\"article\" \/>\n<meta property=\"og:title\" content=\"Boletim Escolar: retrospectiva 2020 - Blog do Melhor Escola\" \/>\n<meta property=\"og:description\" content=\"O Boletim Escolar \u00e9 o seu resumo semanal de not\u00edcias sobre o mercado de educa\u00e7\u00e3o, com tudo de mais importante que interfere na rotina do getor escolar.\" \/>\n<meta property=\"og:url\" content=\"https:\/\/www.melhorescola.com.br\/blog\/boletim-escolar-retrospectiva-2020\/\" \/>\n<meta property=\"og:site_name\" content=\"Blog do Melhor Escola\" \/>\n<meta property=\"article:published_time\" content=\"2020-12-28T19:36:11+00:00\" \/>\n<meta property=\"article:modified_time\" content=\"2024-05-27T17:03:18+00:00\" \/>\n<meta property=\"og:image\" content=\"https:\/\/www.melhorescola.com.br\/blog\/wp-content\/uploads\/2020\/12\/Mockup-Jornal-Educa\u00e7\u00e3o.jpg\" \/>\n\t<meta property=\"og:image:width\" content=\"1600\" \/>\n\t<meta property=\"og:image:height\" content=\"1066\" \/>\n\t<meta property=\"og:image:type\" content=\"image\/jpeg\" \/>\n<meta name=\"author\" content=\"Giovanna Cornelio\" \/>\n<meta name=\"twitter:card\" content=\"summary_large_image\" \/>\n<meta name=\"twitter:label1\" content=\"Escrito por\" \/>\n\t<meta name=\"twitter:data1\" content=\"Giovanna Cornelio\" \/>\n\t<meta name=\"twitter:label2\" content=\"Est. tempo de leitura\" \/>\n\t<meta name=\"twitter:data2\" content=\"6 minutos\" \/>\n<script type=\"application\/ld+json\" class=\"yoast-schema-graph\">{\"@context\":\"https:\\\/\\\/schema.org\",\"@graph\":[{\"@type\":\"Article\",\"@id\":\"https:\\\/\\\/www.melhorescola.com.br\\\/blog\\\/boletim-escolar-retrospectiva-2020\\\/#article\",\"isPartOf\":{\"@id\":\"https:\\\/\\\/www.melhorescola.com.br\\\/blog\\\/boletim-escolar-retrospectiva-2020\\\/\"},\"author\":{\"name\":\"Giovanna Cornelio\",\"@id\":\"https:\\\/\\\/www.melhorescola.com.br\\\/blog\\\/#\\\/schema\\\/person\\\/a8130f642d970c5c243b071e1e097903\"},\"headline\":\"Boletim Escolar: retrospectiva 2020\",\"datePublished\":\"2020-12-28T19:36:11+00:00\",\"dateModified\":\"2024-05-27T17:03:18+00:00\",\"mainEntityOfPage\":{\"@id\":\"https:\\\/\\\/www.melhorescola.com.br\\\/blog\\\/boletim-escolar-retrospectiva-2020\\\/\"},\"wordCount\":1236,\"commentCount\":0,\"publisher\":{\"@id\":\"https:\\\/\\\/www.melhorescola.com.br\\\/blog\\\/#organization\"},\"image\":{\"@id\":\"https:\\\/\\\/www.melhorescola.com.br\\\/blog\\\/boletim-escolar-retrospectiva-2020\\\/#primaryimage\"},\"thumbnailUrl\":\"https:\\\/\\\/www.melhorescola.com.br\\\/blog\\\/wp-content\\\/uploads\\\/2020\\\/12\\\/Mockup-Jornal-Educa\u00e7\u00e3o.jpg\",\"keywords\":[\"Boletim Escolar\",\"not\u00edcias\",\"Retrospectiva\"],\"articleSection\":[\"Not\u00edcias\"],\"inLanguage\":\"pt-BR\",\"potentialAction\":[{\"@type\":\"CommentAction\",\"name\":\"Comment\",\"target\":[\"https:\\\/\\\/www.melhorescola.com.br\\\/blog\\\/boletim-escolar-retrospectiva-2020\\\/#respond\"]}]},{\"@type\":\"WebPage\",\"@id\":\"https:\\\/\\\/www.melhorescola.com.br\\\/blog\\\/boletim-escolar-retrospectiva-2020\\\/\",\"url\":\"https:\\\/\\\/www.melhorescola.com.br\\\/blog\\\/boletim-escolar-retrospectiva-2020\\\/\",\"name\":\"Boletim Escolar: retrospectiva 2020 - Blog do Melhor Escola\",\"isPartOf\":{\"@id\":\"https:\\\/\\\/www.melhorescola.com.br\\\/blog\\\/#website\"},\"primaryImageOfPage\":{\"@id\":\"https:\\\/\\\/www.melhorescola.com.br\\\/blog\\\/boletim-escolar-retrospectiva-2020\\\/#primaryimage\"},\"image\":{\"@id\":\"https:\\\/\\\/www.melhorescola.com.br\\\/blog\\\/boletim-escolar-retrospectiva-2020\\\/#primaryimage\"},\"thumbnailUrl\":\"https:\\\/\\\/www.melhorescola.com.br\\\/blog\\\/wp-content\\\/uploads\\\/2020\\\/12\\\/Mockup-Jornal-Educa\u00e7\u00e3o.jpg\",\"datePublished\":\"2020-12-28T19:36:11+00:00\",\"dateModified\":\"2024-05-27T17:03:18+00:00\",\"description\":\"O Boletim Escolar \u00e9 o seu resumo semanal de not\u00edcias sobre o mercado de educa\u00e7\u00e3o, com tudo de mais importante que interfere na rotina do getor escolar.\",\"breadcrumb\":{\"@id\":\"https:\\\/\\\/www.melhorescola.com.br\\\/blog\\\/boletim-escolar-retrospectiva-2020\\\/#breadcrumb\"},\"inLanguage\":\"pt-BR\",\"potentialAction\":[{\"@type\":\"ReadAction\",\"target\":[\"https:\\\/\\\/www.melhorescola.com.br\\\/blog\\\/boletim-escolar-retrospectiva-2020\\\/\"]}]},{\"@type\":\"ImageObject\",\"inLanguage\":\"pt-BR\",\"@id\":\"https:\\\/\\\/www.melhorescola.com.br\\\/blog\\\/boletim-escolar-retrospectiva-2020\\\/#primaryimage\",\"url\":\"https:\\\/\\\/www.melhorescola.com.br\\\/blog\\\/wp-content\\\/uploads\\\/2020\\\/12\\\/Mockup-Jornal-Educa\u00e7\u00e3o.jpg\",\"contentUrl\":\"https:\\\/\\\/www.melhorescola.com.br\\\/blog\\\/wp-content\\\/uploads\\\/2020\\\/12\\\/Mockup-Jornal-Educa\u00e7\u00e3o.jpg\",\"width\":1600,\"height\":1066,\"caption\":\"Boletim Escolar\"},{\"@type\":\"BreadcrumbList\",\"@id\":\"https:\\\/\\\/www.melhorescola.com.br\\\/blog\\\/boletim-escolar-retrospectiva-2020\\\/#breadcrumb\",\"itemListElement\":[{\"@type\":\"ListItem\",\"position\":1,\"name\":\"In\u00edcio\",\"item\":\"https:\\\/\\\/www.melhorescola.com.br\\\/blog\\\/\"},{\"@type\":\"ListItem\",\"position\":2,\"name\":\"Boletim Escolar: retrospectiva 2020\"}]},{\"@type\":\"WebSite\",\"@id\":\"https:\\\/\\\/www.melhorescola.com.br\\\/blog\\\/#website\",\"url\":\"https:\\\/\\\/www.melhorescola.com.br\\\/blog\\\/\",\"name\":\"Blog do Melhor Escola\",\"description\":\"Veja conte\u00fados sobre capta\u00e7\u00e3o de alunos, gest\u00e3o escolar, marketing educacional, universo pedag\u00f3gico e muito mais!\",\"publisher\":{\"@id\":\"https:\\\/\\\/www.melhorescola.com.br\\\/blog\\\/#organization\"},\"potentialAction\":[{\"@type\":\"SearchAction\",\"target\":{\"@type\":\"EntryPoint\",\"urlTemplate\":\"https:\\\/\\\/www.melhorescola.com.br\\\/blog\\\/?s={search_term_string}\"},\"query-input\":{\"@type\":\"PropertyValueSpecification\",\"valueRequired\":true,\"valueName\":\"search_term_string\"}}],\"inLanguage\":\"pt-BR\"},{\"@type\":\"Organization\",\"@id\":\"https:\\\/\\\/www.melhorescola.com.br\\\/blog\\\/#organization\",\"name\":\"Melhor Escola B2B\",\"url\":\"https:\\\/\\\/www.melhorescola.com.br\\\/blog\\\/\",\"logo\":{\"@type\":\"ImageObject\",\"inLanguage\":\"pt-BR\",\"@id\":\"https:\\\/\\\/www.melhorescola.com.br\\\/blog\\\/#\\\/schema\\\/logo\\\/image\\\/\",\"url\":\"https:\\\/\\\/www.melhorescola.com.br\\\/blog\\\/wp-content\\\/uploads\\\/2024\\\/06\\\/images-removebg-preview-2.png\",\"contentUrl\":\"https:\\\/\\\/www.melhorescola.com.br\\\/blog\\\/wp-content\\\/uploads\\\/2024\\\/06\\\/images-removebg-preview-2.png\",\"width\":148,\"height\":148,\"caption\":\"Melhor Escola B2B\"},\"image\":{\"@id\":\"https:\\\/\\\/www.melhorescola.com.br\\\/blog\\\/#\\\/schema\\\/logo\\\/image\\\/\"}},{\"@type\":\"Person\",\"@id\":\"https:\\\/\\\/www.melhorescola.com.br\\\/blog\\\/#\\\/schema\\\/person\\\/a8130f642d970c5c243b071e1e097903\",\"name\":\"Giovanna Cornelio\",\"image\":{\"@type\":\"ImageObject\",\"inLanguage\":\"pt-BR\",\"@id\":\"https:\\\/\\\/secure.gravatar.com\\\/avatar\\\/071456c625eefd564a4918e1e82867d8b866a613c726d360bd83fd57ad104f49?s=96&d=mm&r=g\",\"url\":\"https:\\\/\\\/secure.gravatar.com\\\/avatar\\\/071456c625eefd564a4918e1e82867d8b866a613c726d360bd83fd57ad104f49?s=96&d=mm&r=g\",\"contentUrl\":\"https:\\\/\\\/secure.gravatar.com\\\/avatar\\\/071456c625eefd564a4918e1e82867d8b866a613c726d360bd83fd57ad104f49?s=96&d=mm&r=g\",\"caption\":\"Giovanna Cornelio\"},\"description\":\"Jornalista por dentro e por fora. Acredito que o conhecimento leva o ser humano a descobertas que transformam sua pr\u00f3pria exist\u00eancia.\",\"url\":\"https:\\\/\\\/www.melhorescola.com.br\\\/blog\\\/author\\\/giovanna-oliveira\\\/\"}]}<\/script>\n<!-- \/ Yoast SEO plugin. -->","yoast_head_json":{"title":"Boletim Escolar: retrospectiva 2020 - Blog do Melhor Escola","description":"O Boletim Escolar \u00e9 o seu resumo semanal de not\u00edcias sobre o mercado de educa\u00e7\u00e3o, com tudo de mais importante que interfere na rotina do getor escolar.","robots":{"index":"index","follow":"follow","max-snippet":"max-snippet:-1","max-image-preview":"max-image-preview:large","max-video-preview":"max-video-preview:-1"},"canonical":"https:\/\/www.melhorescola.com.br\/blog\/boletim-escolar-retrospectiva-2020\/","og_locale":"pt_BR","og_type":"article","og_title":"Boletim Escolar: retrospectiva 2020 - Blog do Melhor Escola","og_description":"O Boletim Escolar \u00e9 o seu resumo semanal de not\u00edcias sobre o mercado de educa\u00e7\u00e3o, com tudo de mais importante que interfere na rotina do getor escolar.","og_url":"https:\/\/www.melhorescola.com.br\/blog\/boletim-escolar-retrospectiva-2020\/","og_site_name":"Blog do Melhor Escola","article_published_time":"2020-12-28T19:36:11+00:00","article_modified_time":"2024-05-27T17:03:18+00:00","og_image":[{"width":1600,"height":1066,"url":"https:\/\/www.melhorescola.com.br\/blog\/wp-content\/uploads\/2020\/12\/Mockup-Jornal-Educa\u00e7\u00e3o.jpg","type":"image\/jpeg"}],"author":"Giovanna Cornelio","twitter_card":"summary_large_image","twitter_misc":{"Escrito por":"Giovanna Cornelio","Est. tempo de leitura":"6 minutos"},"schema":{"@context":"https:\/\/schema.org","@graph":[{"@type":"Article","@id":"https:\/\/www.melhorescola.com.br\/blog\/boletim-escolar-retrospectiva-2020\/#article","isPartOf":{"@id":"https:\/\/www.melhorescola.com.br\/blog\/boletim-escolar-retrospectiva-2020\/"},"author":{"name":"Giovanna Cornelio","@id":"https:\/\/www.melhorescola.com.br\/blog\/#\/schema\/person\/a8130f642d970c5c243b071e1e097903"},"headline":"Boletim Escolar: retrospectiva 2020","datePublished":"2020-12-28T19:36:11+00:00","dateModified":"2024-05-27T17:03:18+00:00","mainEntityOfPage":{"@id":"https:\/\/www.melhorescola.com.br\/blog\/boletim-escolar-retrospectiva-2020\/"},"wordCount":1236,"commentCount":0,"publisher":{"@id":"https:\/\/www.melhorescola.com.br\/blog\/#organization"},"image":{"@id":"https:\/\/www.melhorescola.com.br\/blog\/boletim-escolar-retrospectiva-2020\/#primaryimage"},"thumbnailUrl":"https:\/\/www.melhorescola.com.br\/blog\/wp-content\/uploads\/2020\/12\/Mockup-Jornal-Educa\u00e7\u00e3o.jpg","keywords":["Boletim Escolar","not\u00edcias","Retrospectiva"],"articleSection":["Not\u00edcias"],"inLanguage":"pt-BR","potentialAction":[{"@type":"CommentAction","name":"Comment","target":["https:\/\/www.melhorescola.com.br\/blog\/boletim-escolar-retrospectiva-2020\/#respond"]}]},{"@type":"WebPage","@id":"https:\/\/www.melhorescola.com.br\/blog\/boletim-escolar-retrospectiva-2020\/","url":"https:\/\/www.melhorescola.com.br\/blog\/boletim-escolar-retrospectiva-2020\/","name":"Boletim Escolar: retrospectiva 2020 - Blog do Melhor Escola","isPartOf":{"@id":"https:\/\/www.melhorescola.com.br\/blog\/#website"},"primaryImageOfPage":{"@id":"https:\/\/www.melhorescola.com.br\/blog\/boletim-escolar-retrospectiva-2020\/#primaryimage"},"image":{"@id":"https:\/\/www.melhorescola.com.br\/blog\/boletim-escolar-retrospectiva-2020\/#primaryimage"},"thumbnailUrl":"https:\/\/www.melhorescola.com.br\/blog\/wp-content\/uploads\/2020\/12\/Mockup-Jornal-Educa\u00e7\u00e3o.jpg","datePublished":"2020-12-28T19:36:11+00:00","dateModified":"2024-05-27T17:03:18+00:00","description":"O Boletim Escolar \u00e9 o seu resumo semanal de not\u00edcias sobre o mercado de educa\u00e7\u00e3o, com tudo de mais importante que interfere na rotina do getor escolar.","breadcrumb":{"@id":"https:\/\/www.melhorescola.com.br\/blog\/boletim-escolar-retrospectiva-2020\/#breadcrumb"},"inLanguage":"pt-BR","potentialAction":[{"@type":"ReadAction","target":["https:\/\/www.melhorescola.com.br\/blog\/boletim-escolar-retrospectiva-2020\/"]}]},{"@type":"ImageObject","inLanguage":"pt-BR","@id":"https:\/\/www.melhorescola.com.br\/blog\/boletim-escolar-retrospectiva-2020\/#primaryimage","url":"https:\/\/www.melhorescola.com.br\/blog\/wp-content\/uploads\/2020\/12\/Mockup-Jornal-Educa\u00e7\u00e3o.jpg","contentUrl":"https:\/\/www.melhorescola.com.br\/blog\/wp-content\/uploads\/2020\/12\/Mockup-Jornal-Educa\u00e7\u00e3o.jpg","width":1600,"height":1066,"caption":"Boletim Escolar"},{"@type":"BreadcrumbList","@id":"https:\/\/www.melhorescola.com.br\/blog\/boletim-escolar-retrospectiva-2020\/#breadcrumb","itemListElement":[{"@type":"ListItem","position":1,"name":"In\u00edcio","item":"https:\/\/www.melhorescola.com.br\/blog\/"},{"@type":"ListItem","position":2,"name":"Boletim Escolar: retrospectiva 2020"}]},{"@type":"WebSite","@id":"https:\/\/www.melhorescola.com.br\/blog\/#website","url":"https:\/\/www.melhorescola.com.br\/blog\/","name":"Blog do Melhor Escola","description":"Veja conte\u00fados sobre capta\u00e7\u00e3o de alunos, gest\u00e3o escolar, marketing educacional, universo pedag\u00f3gico e muito mais!","publisher":{"@id":"https:\/\/www.melhorescola.com.br\/blog\/#organization"},"potentialAction":[{"@type":"SearchAction","target":{"@type":"EntryPoint","urlTemplate":"https:\/\/www.melhorescola.com.br\/blog\/?s={search_term_string}"},"query-input":{"@type":"PropertyValueSpecification","valueRequired":true,"valueName":"search_term_string"}}],"inLanguage":"pt-BR"},{"@type":"Organization","@id":"https:\/\/www.melhorescola.com.br\/blog\/#organization","name":"Melhor Escola B2B","url":"https:\/\/www.melhorescola.com.br\/blog\/","logo":{"@type":"ImageObject","inLanguage":"pt-BR","@id":"https:\/\/www.melhorescola.com.br\/blog\/#\/schema\/logo\/image\/","url":"https:\/\/www.melhorescola.com.br\/blog\/wp-content\/uploads\/2024\/06\/images-removebg-preview-2.png","contentUrl":"https:\/\/www.melhorescola.com.br\/blog\/wp-content\/uploads\/2024\/06\/images-removebg-preview-2.png","width":148,"height":148,"caption":"Melhor Escola B2B"},"image":{"@id":"https:\/\/www.melhorescola.com.br\/blog\/#\/schema\/logo\/image\/"}},{"@type":"Person","@id":"https:\/\/www.melhorescola.com.br\/blog\/#\/schema\/person\/a8130f642d970c5c243b071e1e097903","name":"Giovanna Cornelio","image":{"@type":"ImageObject","inLanguage":"pt-BR","@id":"https:\/\/secure.gravatar.com\/avatar\/071456c625eefd564a4918e1e82867d8b866a613c726d360bd83fd57ad104f49?s=96&d=mm&r=g","url":"https:\/\/secure.gravatar.com\/avatar\/071456c625eefd564a4918e1e82867d8b866a613c726d360bd83fd57ad104f49?s=96&d=mm&r=g","contentUrl":"https:\/\/secure.gravatar.com\/avatar\/071456c625eefd564a4918e1e82867d8b866a613c726d360bd83fd57ad104f49?s=96&d=mm&r=g","caption":"Giovanna Cornelio"},"description":"Jornalista por dentro e por fora. Acredito que o conhecimento leva o ser humano a descobertas que transformam sua pr\u00f3pria exist\u00eancia.","url":"https:\/\/www.melhorescola.com.br\/blog\/author\/giovanna-oliveira\/"}]}},"_links":{"self":[{"href":"https:\/\/www.melhorescola.com.br\/blog\/wp-json\/wp\/v2\/posts\/3010","targetHints":{"allow":["GET"]}}],"collection":[{"href":"https:\/\/www.melhorescola.com.br\/blog\/wp-json\/wp\/v2\/posts"}],"about":[{"href":"https:\/\/www.melhorescola.com.br\/blog\/wp-json\/wp\/v2\/types\/post"}],"author":[{"embeddable":true,"href":"https:\/\/www.melhorescola.com.br\/blog\/wp-json\/wp\/v2\/users\/7"}],"replies":[{"embeddable":true,"href":"https:\/\/www.melhorescola.com.br\/blog\/wp-json\/wp\/v2\/comments?post=3010"}],"version-history":[{"count":4,"href":"https:\/\/www.melhorescola.com.br\/blog\/wp-json\/wp\/v2\/posts\/3010\/revisions"}],"predecessor-version":[{"id":23285,"href":"https:\/\/www.melhorescola.com.br\/blog\/wp-json\/wp\/v2\/posts\/3010\/revisions\/23285"}],"wp:featuredmedia":[{"embeddable":true,"href":"https:\/\/www.melhorescola.com.br\/blog\/wp-json\/wp\/v2\/media\/3009"}],"wp:attachment":[{"href":"https:\/\/www.melhorescola.com.br\/blog\/wp-json\/wp\/v2\/media?parent=3010"}],"wp:term":[{"taxonomy":"category","embeddable":true,"href":"https:\/\/www.melhorescola.com.br\/blog\/wp-json\/wp\/v2\/categories?post=3010"},{"taxonomy":"post_tag","embeddable":true,"href":"https:\/\/www.melhorescola.com.br\/blog\/wp-json\/wp\/v2\/tags?post=3010"}],"curies":[{"name":"wp","href":"https:\/\/api.w.org\/{rel}","templated":true}]}}