{"id":2850,"date":"2020-11-27T17:14:57","date_gmt":"2020-11-27T20:14:57","guid":{"rendered":"https:\/\/www.melhorescola.com.br\/blog\/?p=2850"},"modified":"2024-05-27T14:29:21","modified_gmt":"2024-05-27T17:29:21","slug":"nova-politica-nacional-de-educacao-especial","status":"publish","type":"post","link":"https:\/\/www.melhorescola.com.br\/blog\/nova-politica-nacional-de-educacao-especial\/","title":{"rendered":"Nova Pol\u00edtica Nacional de Educa\u00e7\u00e3o Especial"},"content":{"rendered":"\n<p class=\"wp-block-paragraph\">O que muda com a nova Pol\u00edtica Nacional de Educa\u00e7\u00e3o Especial? Por que lideran\u00e7as e organiza\u00e7\u00f5es classificaram o Decreto como excludente e ilegal? Do que se trata a <a rel=\"noreferrer noopener\" aria-label=\"educa\u00e7\u00e3o inclusiva (abre numa nova aba)\" href=\"https:\/\/www.melhorescola.com.br\/blog\/educacao-inclusiva-direito-de-todos\/\" target=\"_blank\"><strong>educa\u00e7\u00e3o inclusiva<\/strong><\/a>?&nbsp; Preparamos esse post para esclarecer essas e mais algumas quest\u00f5es envolvendo a decis\u00e3o tomada pelo Governo Federal.&nbsp;<br><\/p>\n\n\n\n<p class=\"wp-block-paragraph\">Leia mais:<\/p>\n\n\n\n<p class=\"has-text-color wp-block-paragraph\" style=\"color:#f6911b\">+ <strong><a rel=\"noreferrer noopener\" aria-label=\" (abre numa nova aba)\" href=\"https:\/\/www.melhorescola.com.br\/blog\/dia-da-consciencia-negra-reflexao-para-o-ano-todo\/\" target=\"_blank\">Dia da Consci\u00eancia Negra: reflex\u00e3o para o ano todo<\/a><\/strong><br><\/p>\n\n\n\n<p class=\"wp-block-paragraph\">A nova PNEE (Decreto 10.502) do governo nacional foi publicada no dia 1\u00ba de outubro e pretende ampliar o atendimento a 1,3 milh\u00e3o de estudantes com defici\u00eancia. Em resumo, a medida tira da escola comum a obrigatoriedade de realizar a matr\u00edcula desses alunos e permite a volta do ensino regular em escolas especializadas.&nbsp;<\/p>\n\n\n\n<p class=\"wp-block-paragraph\">\tChamado por especialistas de \u201cdecreto da exclus\u00e3o\u201d, a Pol\u00edtica Nacional de Educa\u00e7\u00e3o Especial foi duramente criticada por entidades e especialistas ligados ao ensino inclusivo. Isso porque a ideia de separar os alunos com defici\u00eancia em turmas e escolas especializadas vai contra a proposta de inclus\u00e3o. A matr\u00edcula em escolas regulares oferece um espa\u00e7o de conviv\u00eancia amplo e auxilia na redu\u00e7\u00e3o de estigmas.<\/p>\n\n\n\n<p class=\"wp-block-paragraph\">\tNesse sentido, a revoga\u00e7\u00e3o do decreto foi solicitada pouco depois da sua assinatura. No come\u00e7o de outubro, onze Projeto de Decreto Legislativo (PDL) foram propostos conta o decreto na C\u00e2mara dos Deputados e dois no Senado. Entretanto, no \u00faltimo dia 25, a Advocacia-Geral da Uni\u00e3o (AGU) enviou ao Supremo Tribunal Federal (STF) um parecer em defesa PNEE.&nbsp;<\/p>\n\n\n\n<p class=\"wp-block-paragraph\">De acordo com a nota t\u00e9cnica, o decreto n\u00e3o prop\u00f5e uma \u201cpol\u00edtica de segrega\u00e7\u00e3o\u201d dos estudantes com defici\u00eancia. \u201cN\u00e3o merece prosperar alega\u00e7\u00e3o de que o decreto questionado estaria veiculando pol\u00edtica de segrega\u00e7\u00e3o dos educandos com defici\u00eancia dos demais por meio da previs\u00e3o de presta\u00e7\u00e3o dos servi\u00e7os de educa\u00e7\u00e3o atrav\u00e9s de escolas especializadas&#8221;, defende a AGU.<br><\/p>\n\n\n\n<h2 class=\"wp-block-heading\">Cr\u00edticas a nova Pol\u00edtica Nacional de Educa\u00e7\u00e3o Especial<\/h2>\n\n\n\n<p class=\"wp-block-paragraph\">\tA nova Pol\u00edtica Nacional de Educa\u00e7\u00e3o Especial (PNEE): Equitativa, Inclusiva e com Aprendizado ao Longo da Vida&nbsp; foi elaborada pelos Minist\u00e9rios da Educa\u00e7\u00e3o e da Mulher, da Fam\u00edlia e dos Direitos Humanos. Sua proposta de incentivo \u00e0s escolas especiais voltadas para crian\u00e7as com defici\u00eancias, transtornos globais do desenvolvimento e altas habilidades ou superdota\u00e7\u00e3o altera uma pol\u00edtica proposta em 2008.<\/p>\n\n\n\n<p class=\"wp-block-paragraph\">\tA Pol\u00edtica Nacional de Educa\u00e7\u00e3o Especial na Perspectiva da Educa\u00e7\u00e3o Inclusiva (PNEEPEI) preconizava que esses alunos fossem matriculados em turmas regulares e que pudessem contar com o apoio complementar especializado se necess\u00e1rio. Dessa forma, as atividades voltadas para a educa\u00e7\u00e3o especial eram realizadas sempre no contra-turno. Por isso, a PNEE \u00e9 vista e criticada por ser um decreto que segrega ao inv\u00e9s de incluir.&nbsp;<\/p>\n\n\n\n<p class=\"wp-block-paragraph\">\tOs dados do \u00faltimo Censo Escolar, divulgado pelo Instituto Nacional de Estudos e Pesquisas Educacionais An\u00edsio Teixeira (Inep), mostram que o n\u00famero de matr\u00edculas em classes comuns de alunos com defici\u00eancia, transtornos globais do desenvolvimento e altas habilidades, chegou a 1,2 milh\u00e3o em 2018. Esse n\u00famero representa um aumento de 33,2% em rela\u00e7\u00e3o a 2014.<\/p>\n\n\n\n<p class=\"wp-block-paragraph\">\tAl\u00e9m disso, especialistas tamb\u00e9m apontam que o Decreto viola a Constitui\u00e7\u00e3o Federal. Em seu artigo 206, a Constitui\u00e7\u00e3o prev\u00ea a educa\u00e7\u00e3o como princ\u00edpio a igualdade de condi\u00e7\u00f5es para o acesso e perman\u00eancia na escola. Em adi\u00e7\u00e3o, o artigo 208 estabelece que o atendimento educacional especializado ser\u00e1 preferencialmente realizado na escola regular.<\/p>\n\n\n\n<h2 class=\"wp-block-heading\">O que diz o parecer enviado ao STF<\/h2>\n\n\n\n<p class=\"wp-block-paragraph\">A AGU nega que a nova Pol\u00edtica Nacional de Educa\u00e7\u00e3o Especial seja uma afronta aos esfor\u00e7os da educa\u00e7\u00e3o inclusiva. O governo argumenta que o Decreto \u201cexplicitamente prev\u00ea a presta\u00e7\u00e3o da educa\u00e7\u00e3o especial inclusiva nos estabelecimentos regulares de ensino, n\u00e3o havendo qualquer motivo que autorize a interpreta\u00e7\u00e3o de que a pol\u00edtica veiculada pelo ato em refer\u00eancia teria estabelecido que o servi\u00e7o educacional em refer\u00eancia seria ministrado exclusivamente em escolas especializadas&#8221;, disse.<\/p>\n\n\n\n<p class=\"wp-block-paragraph\">Sobre a men\u00e7\u00e3o dos artigos da Constitui\u00e7\u00e3o, a AGU respondeu que o documento n\u00e3o sugere que a educa\u00e7\u00e3o especial seja realizada \u201cexclusivamente\u201d nas escolas regulares, mas sim \u201cpreferencialmente\u201d nestes locais. &#8220;Note-se que o legislador constituinte utilizou o voc\u00e1bulo &#8216;preferencialmente&#8217; no inciso III, do art. 208, n\u00e3o se podendo depreender da leitura do supracitado mandamento constitucional que o legislador constituinte tenha determinado que a educa\u00e7\u00e3o especial deva, &#8216;exclusivamente&#8217;, ser ministrada em estabelecimentos educacionais regulares&#8221;, ponderou a nota.<\/p>\n\n\n\n<p class=\"wp-block-paragraph\">&#8220;Ao contr\u00e1rio, o que se pode extrair de tal comando da Constitui\u00e7\u00e3o Federal \u00e9 justamente a exist\u00eancia da possibilidade de que a educa\u00e7\u00e3o especial venha a ser ministrada em estabelecimentos especializados, como uma alternativa \u00e0s institui\u00e7\u00f5es da rede regular de ensino, quando houver necessidade para tanto, conforme estabelece a pol\u00edtica veiculada no decreto&#8221;, completou a AGU.<\/p>\n\n\n\n<h2 class=\"wp-block-heading\">Posicionamento do MEC<\/h2>\n\n\n\n<p class=\"wp-block-paragraph\">Em outubro, o Minist\u00e9rio da Educa\u00e7\u00e3o (MEC) tamb\u00e9m foi questionado sobre a nova Pol\u00edtica Nacional de Educa\u00e7\u00e3o Especial. A resposta foi dada por meio da seguinte nota:&nbsp;&nbsp;<\/p>\n\n\n\n<p class=\"wp-block-paragraph\"><em>A PNEE apresentada pelo Governo Federal amplia a \u00e1rea da educa\u00e7\u00e3o especial, oferece aos sistemas educacionais possibilidades de criar alternativas educacionais al\u00e9m das escolas comuns inclusivas, como: escolas e classes especializadas, escolas e classes bil\u00edngues de surdos, amplia alternativas para viabilizar o atendimento educacional especializado como uma diretriz constitucional (art. 208 da Constitui\u00e7\u00e3o Federal de 1988).<\/em><\/p>\n\n\n\n<p class=\"wp-block-paragraph\"><em>Um dos princ\u00edpios fundamentais \u00e9 o direito do estudante e da fam\u00edlia na escolha da alternativa mais adequada para a educa\u00e7\u00e3o do p\u00fablico-alvo desta Pol\u00edtica.<\/em><\/p>\n\n\n\n<p class=\"wp-block-paragraph\"><em>O objetivo \u00e9 garantir aos estudantes com defici\u00eancia, com transtorno globais do desenvolvimento e com altas habilidades uma forma\u00e7\u00e3o integral.<\/em><\/p>\n\n\n\n<p class=\"wp-block-paragraph\">Segundo a Ag\u00eancia Brasil, o Ministro da Educa\u00e7\u00e3o, Milton Ribeiro, afirmou que \u201c um dos principais norteadores dessa pol\u00edtica nacional \u00e9 a valoriza\u00e7\u00e3o das singularidades e dos direitos dos estudantes e das fam\u00edlias no processo de decis\u00e3o sobre as alternativas mais adequadas para o atendimento educacional especializado&#8221;.<\/p>\n\n\n\n<h2 class=\"wp-block-heading\">Diferenciais da educa\u00e7\u00e3o inclusiva<\/h2>\n\n\n\n<p class=\"wp-block-paragraph\">A educa\u00e7\u00e3o inclusiva prop\u00f5e a implanta\u00e7\u00e3o da educa\u00e7\u00e3o especial na educa\u00e7\u00e3o regular. Nesse sentido, toda escola deve matricular todos os alunos, sem distin\u00e7\u00f5es, garantindo aprendizagem para todos, sem distin\u00e7\u00f5es, respeitando suas diferen\u00e7as e limita\u00e7\u00f5es. S\u00e3o grupos focais da educa\u00e7\u00e3o inclusiva: os alunos com defici\u00eancia; alunos com transtornos globais do desenvolvimento ou transtorno do espectro autista; e alunos com altas habilidades ou superdota\u00e7\u00e3o. Os cinco princ\u00edpios da educa\u00e7\u00e3o inclusiva s\u00e3o:<\/p>\n\n\n\n<p class=\"wp-block-paragraph\">1. Toda pessoa tem o direito de acesso \u00e0 educa\u00e7\u00e3o<\/p>\n\n\n\n<p class=\"wp-block-paragraph\">2. Toda pessoa aprende<\/p>\n\n\n\n<p class=\"wp-block-paragraph\">3. O processo de aprendizagem de cada pessoa \u00e9 singular<\/p>\n\n\n\n<p class=\"wp-block-paragraph\">4. O conv\u00edvio no ambiente escolar comum beneficia todos<\/p>\n\n\n\n<p class=\"wp-block-paragraph\">5. A educa\u00e7\u00e3o inclusiva diz respeito a todos<\/p>\n\n\n\n<p class=\"wp-block-paragraph\">A educa\u00e7\u00e3o inclusiva valoriza a diversidade acima de qualquer coisa e afirma a necessidade de igualdade de oportunidades, sejam quais forem as quest\u00f5es&nbsp; \u00e9tnicas, sociais, culturais, intelectuais, f\u00edsicas e sensoriais. Se por um lado a educa\u00e7\u00e3o especial estigmatiza as necessidades especiais e defici\u00eancias, por outro a educa\u00e7\u00e3o inclusiva oferece uma classe livre de preconceitos e que valoriza as diferen\u00e7as.<\/p>\n\n\n\n<p class=\"wp-block-paragraph\">Dessa forma, pode-se dizer que a nova PNEE tamb\u00e9m representa um retrocesso em rela\u00e7\u00e3o a concep\u00e7\u00e3o de inclus\u00e3o escolar como direito humano. <\/p>\n\n\n<div class=\"wp-block-image\">\n<figure class=\"aligncenter\"><a href=\"https:\/\/conteudo.melhorescola.com.br\/marketing-digital-descomplicado?utm_source=conteudo&amp;utm_medium=blog&amp;utm_campaign=banner-marketing-digital\" target=\"_blank\" rel=\"noreferrer noopener\"><img fetchpriority=\"high\" decoding=\"async\" width=\"660\" height=\"190\" src=\"https:\/\/www.melhorescola.com.br\/blog\/wp-content\/uploads\/2020\/07\/mkt.jpg\" alt=\"Marketing Digital\" class=\"wp-image-2089\"\/><\/a><\/figure>\n<\/div>\n\n\n<div role=\"main\" id=\"blog-form-intra-post-f9cfd3ca40adb3d5a1ad\"><\/div>\n<script type=\"text\/javascript\" src=\"https:\/\/d335luupugsy2.cloudfront.net\/js\/rdstation-forms\/stable\/rdstation-forms.min.js\"><\/script>\n<script type=\"text\/javascript\"> new RDStationForms('blog-form-intra-post-f9cfd3ca40adb3d5a1ad', 'UA-21102767-21').createForm();<\/script>\n","protected":false},"excerpt":{"rendered":"<p>O que muda com a nova Pol\u00edtica Nacional de Educa\u00e7\u00e3o Especial? Por que lideran\u00e7as e organiza\u00e7\u00f5es classificaram o Decreto como excludente e ilegal? Do que&hellip;<\/p>\n","protected":false},"author":7,"featured_media":2852,"comment_status":"open","ping_status":"open","sticky":false,"template":"","format":"standard","meta":{"footnotes":""},"categories":[322],"tags":[314,313,343,26],"class_list":["post-2850","post","type-post","status-publish","format-standard","has-post-thumbnail","hentry","category-noticias","tag-diversidade","tag-educacao-inclusiva","tag-noticias","tag-pedagogico"],"yoast_head":"<!-- This site is optimized with the Yoast SEO plugin v28.4 - https:\/\/yoast.com\/product\/yoast-seo-wordpress\/ -->\n<title>Nova Pol\u00edtica Nacional de Educa\u00e7\u00e3o Especial - Blog do Melhor Escola<\/title>\n<meta name=\"description\" content=\"Chamada de &quot;decreto da exclus\u00e3o&quot;, a nova Pol\u00edtica Nacional de Educa\u00e7\u00e3o Especial foi publicada no m\u00eas de outubro mas segue recebendo cr\u00edticas.\" \/>\n<meta name=\"robots\" content=\"index, follow, max-snippet:-1, max-image-preview:large, max-video-preview:-1\" \/>\n<link rel=\"canonical\" href=\"https:\/\/www.melhorescola.com.br\/blog\/nova-politica-nacional-de-educacao-especial\/\" \/>\n<meta property=\"og:locale\" content=\"pt_BR\" \/>\n<meta property=\"og:type\" content=\"article\" \/>\n<meta property=\"og:title\" content=\"Nova Pol\u00edtica Nacional de Educa\u00e7\u00e3o Especial - Blog do Melhor Escola\" \/>\n<meta property=\"og:description\" content=\"Chamada de &quot;decreto da exclus\u00e3o&quot;, a nova Pol\u00edtica Nacional de Educa\u00e7\u00e3o Especial foi publicada no m\u00eas de outubro mas segue recebendo cr\u00edticas.\" \/>\n<meta property=\"og:url\" content=\"https:\/\/www.melhorescola.com.br\/blog\/nova-politica-nacional-de-educacao-especial\/\" \/>\n<meta property=\"og:site_name\" content=\"Blog do Melhor Escola\" \/>\n<meta property=\"article:published_time\" content=\"2020-11-27T20:14:57+00:00\" \/>\n<meta property=\"article:modified_time\" content=\"2024-05-27T17:29:21+00:00\" \/>\n<meta property=\"og:image\" content=\"https:\/\/www.melhorescola.com.br\/blog\/wp-content\/uploads\/2020\/11\/drawing-workshop-with-children-with-down-syndrome.jpg\" \/>\n\t<meta property=\"og:image:width\" content=\"1600\" \/>\n\t<meta property=\"og:image:height\" content=\"1066\" \/>\n\t<meta property=\"og:image:type\" content=\"image\/jpeg\" \/>\n<meta name=\"author\" content=\"Giovanna Cornelio\" \/>\n<meta name=\"twitter:card\" content=\"summary_large_image\" \/>\n<meta name=\"twitter:label1\" content=\"Escrito por\" \/>\n\t<meta name=\"twitter:data1\" content=\"Giovanna Cornelio\" \/>\n\t<meta name=\"twitter:label2\" content=\"Est. tempo de leitura\" \/>\n\t<meta name=\"twitter:data2\" content=\"6 minutos\" \/>\n<script type=\"application\/ld+json\" class=\"yoast-schema-graph\">{\"@context\":\"https:\\\/\\\/schema.org\",\"@graph\":[{\"@type\":\"Article\",\"@id\":\"https:\\\/\\\/www.melhorescola.com.br\\\/blog\\\/nova-politica-nacional-de-educacao-especial\\\/#article\",\"isPartOf\":{\"@id\":\"https:\\\/\\\/www.melhorescola.com.br\\\/blog\\\/nova-politica-nacional-de-educacao-especial\\\/\"},\"author\":{\"name\":\"Giovanna Cornelio\",\"@id\":\"https:\\\/\\\/www.melhorescola.com.br\\\/blog\\\/#\\\/schema\\\/person\\\/a8130f642d970c5c243b071e1e097903\"},\"headline\":\"Nova Pol\u00edtica Nacional de Educa\u00e7\u00e3o Especial\",\"datePublished\":\"2020-11-27T20:14:57+00:00\",\"dateModified\":\"2024-05-27T17:29:21+00:00\",\"mainEntityOfPage\":{\"@id\":\"https:\\\/\\\/www.melhorescola.com.br\\\/blog\\\/nova-politica-nacional-de-educacao-especial\\\/\"},\"wordCount\":1248,\"commentCount\":0,\"publisher\":{\"@id\":\"https:\\\/\\\/www.melhorescola.com.br\\\/blog\\\/#organization\"},\"image\":{\"@id\":\"https:\\\/\\\/www.melhorescola.com.br\\\/blog\\\/nova-politica-nacional-de-educacao-especial\\\/#primaryimage\"},\"thumbnailUrl\":\"https:\\\/\\\/www.melhorescola.com.br\\\/blog\\\/wp-content\\\/uploads\\\/2020\\\/11\\\/drawing-workshop-with-children-with-down-syndrome.jpg\",\"keywords\":[\"diversidade\",\"educa\u00e7\u00e3o inclusiva\",\"not\u00edcias\",\"Pedag\u00f3gico\"],\"articleSection\":[\"Not\u00edcias\"],\"inLanguage\":\"pt-BR\",\"potentialAction\":[{\"@type\":\"CommentAction\",\"name\":\"Comment\",\"target\":[\"https:\\\/\\\/www.melhorescola.com.br\\\/blog\\\/nova-politica-nacional-de-educacao-especial\\\/#respond\"]}]},{\"@type\":\"WebPage\",\"@id\":\"https:\\\/\\\/www.melhorescola.com.br\\\/blog\\\/nova-politica-nacional-de-educacao-especial\\\/\",\"url\":\"https:\\\/\\\/www.melhorescola.com.br\\\/blog\\\/nova-politica-nacional-de-educacao-especial\\\/\",\"name\":\"Nova Pol\u00edtica Nacional de Educa\u00e7\u00e3o Especial - Blog do Melhor Escola\",\"isPartOf\":{\"@id\":\"https:\\\/\\\/www.melhorescola.com.br\\\/blog\\\/#website\"},\"primaryImageOfPage\":{\"@id\":\"https:\\\/\\\/www.melhorescola.com.br\\\/blog\\\/nova-politica-nacional-de-educacao-especial\\\/#primaryimage\"},\"image\":{\"@id\":\"https:\\\/\\\/www.melhorescola.com.br\\\/blog\\\/nova-politica-nacional-de-educacao-especial\\\/#primaryimage\"},\"thumbnailUrl\":\"https:\\\/\\\/www.melhorescola.com.br\\\/blog\\\/wp-content\\\/uploads\\\/2020\\\/11\\\/drawing-workshop-with-children-with-down-syndrome.jpg\",\"datePublished\":\"2020-11-27T20:14:57+00:00\",\"dateModified\":\"2024-05-27T17:29:21+00:00\",\"description\":\"Chamada de \\\"decreto da exclus\u00e3o\\\", a nova Pol\u00edtica Nacional de Educa\u00e7\u00e3o Especial foi publicada no m\u00eas de outubro mas segue recebendo cr\u00edticas.\",\"breadcrumb\":{\"@id\":\"https:\\\/\\\/www.melhorescola.com.br\\\/blog\\\/nova-politica-nacional-de-educacao-especial\\\/#breadcrumb\"},\"inLanguage\":\"pt-BR\",\"potentialAction\":[{\"@type\":\"ReadAction\",\"target\":[\"https:\\\/\\\/www.melhorescola.com.br\\\/blog\\\/nova-politica-nacional-de-educacao-especial\\\/\"]}]},{\"@type\":\"ImageObject\",\"inLanguage\":\"pt-BR\",\"@id\":\"https:\\\/\\\/www.melhorescola.com.br\\\/blog\\\/nova-politica-nacional-de-educacao-especial\\\/#primaryimage\",\"url\":\"https:\\\/\\\/www.melhorescola.com.br\\\/blog\\\/wp-content\\\/uploads\\\/2020\\\/11\\\/drawing-workshop-with-children-with-down-syndrome.jpg\",\"contentUrl\":\"https:\\\/\\\/www.melhorescola.com.br\\\/blog\\\/wp-content\\\/uploads\\\/2020\\\/11\\\/drawing-workshop-with-children-with-down-syndrome.jpg\",\"width\":1600,\"height\":1066,\"caption\":\"Pol\u00edtica Nacional de Educa\u00e7\u00e3o Especial\"},{\"@type\":\"BreadcrumbList\",\"@id\":\"https:\\\/\\\/www.melhorescola.com.br\\\/blog\\\/nova-politica-nacional-de-educacao-especial\\\/#breadcrumb\",\"itemListElement\":[{\"@type\":\"ListItem\",\"position\":1,\"name\":\"In\u00edcio\",\"item\":\"https:\\\/\\\/www.melhorescola.com.br\\\/blog\\\/\"},{\"@type\":\"ListItem\",\"position\":2,\"name\":\"Nova Pol\u00edtica Nacional de Educa\u00e7\u00e3o Especial\"}]},{\"@type\":\"WebSite\",\"@id\":\"https:\\\/\\\/www.melhorescola.com.br\\\/blog\\\/#website\",\"url\":\"https:\\\/\\\/www.melhorescola.com.br\\\/blog\\\/\",\"name\":\"Blog do Melhor Escola\",\"description\":\"Veja conte\u00fados sobre capta\u00e7\u00e3o de alunos, gest\u00e3o escolar, marketing educacional, universo pedag\u00f3gico e muito mais!\",\"publisher\":{\"@id\":\"https:\\\/\\\/www.melhorescola.com.br\\\/blog\\\/#organization\"},\"potentialAction\":[{\"@type\":\"SearchAction\",\"target\":{\"@type\":\"EntryPoint\",\"urlTemplate\":\"https:\\\/\\\/www.melhorescola.com.br\\\/blog\\\/?s={search_term_string}\"},\"query-input\":{\"@type\":\"PropertyValueSpecification\",\"valueRequired\":true,\"valueName\":\"search_term_string\"}}],\"inLanguage\":\"pt-BR\"},{\"@type\":\"Organization\",\"@id\":\"https:\\\/\\\/www.melhorescola.com.br\\\/blog\\\/#organization\",\"name\":\"Melhor Escola B2B\",\"url\":\"https:\\\/\\\/www.melhorescola.com.br\\\/blog\\\/\",\"logo\":{\"@type\":\"ImageObject\",\"inLanguage\":\"pt-BR\",\"@id\":\"https:\\\/\\\/www.melhorescola.com.br\\\/blog\\\/#\\\/schema\\\/logo\\\/image\\\/\",\"url\":\"https:\\\/\\\/www.melhorescola.com.br\\\/blog\\\/wp-content\\\/uploads\\\/2024\\\/06\\\/images-removebg-preview-2.png\",\"contentUrl\":\"https:\\\/\\\/www.melhorescola.com.br\\\/blog\\\/wp-content\\\/uploads\\\/2024\\\/06\\\/images-removebg-preview-2.png\",\"width\":148,\"height\":148,\"caption\":\"Melhor Escola B2B\"},\"image\":{\"@id\":\"https:\\\/\\\/www.melhorescola.com.br\\\/blog\\\/#\\\/schema\\\/logo\\\/image\\\/\"}},{\"@type\":\"Person\",\"@id\":\"https:\\\/\\\/www.melhorescola.com.br\\\/blog\\\/#\\\/schema\\\/person\\\/a8130f642d970c5c243b071e1e097903\",\"name\":\"Giovanna Cornelio\",\"image\":{\"@type\":\"ImageObject\",\"inLanguage\":\"pt-BR\",\"@id\":\"https:\\\/\\\/secure.gravatar.com\\\/avatar\\\/071456c625eefd564a4918e1e82867d8b866a613c726d360bd83fd57ad104f49?s=96&d=mm&r=g\",\"url\":\"https:\\\/\\\/secure.gravatar.com\\\/avatar\\\/071456c625eefd564a4918e1e82867d8b866a613c726d360bd83fd57ad104f49?s=96&d=mm&r=g\",\"contentUrl\":\"https:\\\/\\\/secure.gravatar.com\\\/avatar\\\/071456c625eefd564a4918e1e82867d8b866a613c726d360bd83fd57ad104f49?s=96&d=mm&r=g\",\"caption\":\"Giovanna Cornelio\"},\"description\":\"Jornalista por dentro e por fora. Acredito que o conhecimento leva o ser humano a descobertas que transformam sua pr\u00f3pria exist\u00eancia.\",\"url\":\"https:\\\/\\\/www.melhorescola.com.br\\\/blog\\\/author\\\/giovanna-oliveira\\\/\"}]}<\/script>\n<!-- \/ Yoast SEO plugin. -->","yoast_head_json":{"title":"Nova Pol\u00edtica Nacional de Educa\u00e7\u00e3o Especial - Blog do Melhor Escola","description":"Chamada de \"decreto da exclus\u00e3o\", a nova Pol\u00edtica Nacional de Educa\u00e7\u00e3o Especial foi publicada no m\u00eas de outubro mas segue recebendo cr\u00edticas.","robots":{"index":"index","follow":"follow","max-snippet":"max-snippet:-1","max-image-preview":"max-image-preview:large","max-video-preview":"max-video-preview:-1"},"canonical":"https:\/\/www.melhorescola.com.br\/blog\/nova-politica-nacional-de-educacao-especial\/","og_locale":"pt_BR","og_type":"article","og_title":"Nova Pol\u00edtica Nacional de Educa\u00e7\u00e3o Especial - Blog do Melhor Escola","og_description":"Chamada de \"decreto da exclus\u00e3o\", a nova Pol\u00edtica Nacional de Educa\u00e7\u00e3o Especial foi publicada no m\u00eas de outubro mas segue recebendo cr\u00edticas.","og_url":"https:\/\/www.melhorescola.com.br\/blog\/nova-politica-nacional-de-educacao-especial\/","og_site_name":"Blog do Melhor Escola","article_published_time":"2020-11-27T20:14:57+00:00","article_modified_time":"2024-05-27T17:29:21+00:00","og_image":[{"width":1600,"height":1066,"url":"https:\/\/www.melhorescola.com.br\/blog\/wp-content\/uploads\/2020\/11\/drawing-workshop-with-children-with-down-syndrome.jpg","type":"image\/jpeg"}],"author":"Giovanna Cornelio","twitter_card":"summary_large_image","twitter_misc":{"Escrito por":"Giovanna Cornelio","Est. tempo de leitura":"6 minutos"},"schema":{"@context":"https:\/\/schema.org","@graph":[{"@type":"Article","@id":"https:\/\/www.melhorescola.com.br\/blog\/nova-politica-nacional-de-educacao-especial\/#article","isPartOf":{"@id":"https:\/\/www.melhorescola.com.br\/blog\/nova-politica-nacional-de-educacao-especial\/"},"author":{"name":"Giovanna Cornelio","@id":"https:\/\/www.melhorescola.com.br\/blog\/#\/schema\/person\/a8130f642d970c5c243b071e1e097903"},"headline":"Nova Pol\u00edtica Nacional de Educa\u00e7\u00e3o Especial","datePublished":"2020-11-27T20:14:57+00:00","dateModified":"2024-05-27T17:29:21+00:00","mainEntityOfPage":{"@id":"https:\/\/www.melhorescola.com.br\/blog\/nova-politica-nacional-de-educacao-especial\/"},"wordCount":1248,"commentCount":0,"publisher":{"@id":"https:\/\/www.melhorescola.com.br\/blog\/#organization"},"image":{"@id":"https:\/\/www.melhorescola.com.br\/blog\/nova-politica-nacional-de-educacao-especial\/#primaryimage"},"thumbnailUrl":"https:\/\/www.melhorescola.com.br\/blog\/wp-content\/uploads\/2020\/11\/drawing-workshop-with-children-with-down-syndrome.jpg","keywords":["diversidade","educa\u00e7\u00e3o inclusiva","not\u00edcias","Pedag\u00f3gico"],"articleSection":["Not\u00edcias"],"inLanguage":"pt-BR","potentialAction":[{"@type":"CommentAction","name":"Comment","target":["https:\/\/www.melhorescola.com.br\/blog\/nova-politica-nacional-de-educacao-especial\/#respond"]}]},{"@type":"WebPage","@id":"https:\/\/www.melhorescola.com.br\/blog\/nova-politica-nacional-de-educacao-especial\/","url":"https:\/\/www.melhorescola.com.br\/blog\/nova-politica-nacional-de-educacao-especial\/","name":"Nova Pol\u00edtica Nacional de Educa\u00e7\u00e3o Especial - Blog do Melhor Escola","isPartOf":{"@id":"https:\/\/www.melhorescola.com.br\/blog\/#website"},"primaryImageOfPage":{"@id":"https:\/\/www.melhorescola.com.br\/blog\/nova-politica-nacional-de-educacao-especial\/#primaryimage"},"image":{"@id":"https:\/\/www.melhorescola.com.br\/blog\/nova-politica-nacional-de-educacao-especial\/#primaryimage"},"thumbnailUrl":"https:\/\/www.melhorescola.com.br\/blog\/wp-content\/uploads\/2020\/11\/drawing-workshop-with-children-with-down-syndrome.jpg","datePublished":"2020-11-27T20:14:57+00:00","dateModified":"2024-05-27T17:29:21+00:00","description":"Chamada de \"decreto da exclus\u00e3o\", a nova Pol\u00edtica Nacional de Educa\u00e7\u00e3o Especial foi publicada no m\u00eas de outubro mas segue recebendo cr\u00edticas.","breadcrumb":{"@id":"https:\/\/www.melhorescola.com.br\/blog\/nova-politica-nacional-de-educacao-especial\/#breadcrumb"},"inLanguage":"pt-BR","potentialAction":[{"@type":"ReadAction","target":["https:\/\/www.melhorescola.com.br\/blog\/nova-politica-nacional-de-educacao-especial\/"]}]},{"@type":"ImageObject","inLanguage":"pt-BR","@id":"https:\/\/www.melhorescola.com.br\/blog\/nova-politica-nacional-de-educacao-especial\/#primaryimage","url":"https:\/\/www.melhorescola.com.br\/blog\/wp-content\/uploads\/2020\/11\/drawing-workshop-with-children-with-down-syndrome.jpg","contentUrl":"https:\/\/www.melhorescola.com.br\/blog\/wp-content\/uploads\/2020\/11\/drawing-workshop-with-children-with-down-syndrome.jpg","width":1600,"height":1066,"caption":"Pol\u00edtica Nacional de Educa\u00e7\u00e3o Especial"},{"@type":"BreadcrumbList","@id":"https:\/\/www.melhorescola.com.br\/blog\/nova-politica-nacional-de-educacao-especial\/#breadcrumb","itemListElement":[{"@type":"ListItem","position":1,"name":"In\u00edcio","item":"https:\/\/www.melhorescola.com.br\/blog\/"},{"@type":"ListItem","position":2,"name":"Nova Pol\u00edtica Nacional de Educa\u00e7\u00e3o Especial"}]},{"@type":"WebSite","@id":"https:\/\/www.melhorescola.com.br\/blog\/#website","url":"https:\/\/www.melhorescola.com.br\/blog\/","name":"Blog do Melhor Escola","description":"Veja conte\u00fados sobre capta\u00e7\u00e3o de alunos, gest\u00e3o escolar, marketing educacional, universo pedag\u00f3gico e muito mais!","publisher":{"@id":"https:\/\/www.melhorescola.com.br\/blog\/#organization"},"potentialAction":[{"@type":"SearchAction","target":{"@type":"EntryPoint","urlTemplate":"https:\/\/www.melhorescola.com.br\/blog\/?s={search_term_string}"},"query-input":{"@type":"PropertyValueSpecification","valueRequired":true,"valueName":"search_term_string"}}],"inLanguage":"pt-BR"},{"@type":"Organization","@id":"https:\/\/www.melhorescola.com.br\/blog\/#organization","name":"Melhor Escola B2B","url":"https:\/\/www.melhorescola.com.br\/blog\/","logo":{"@type":"ImageObject","inLanguage":"pt-BR","@id":"https:\/\/www.melhorescola.com.br\/blog\/#\/schema\/logo\/image\/","url":"https:\/\/www.melhorescola.com.br\/blog\/wp-content\/uploads\/2024\/06\/images-removebg-preview-2.png","contentUrl":"https:\/\/www.melhorescola.com.br\/blog\/wp-content\/uploads\/2024\/06\/images-removebg-preview-2.png","width":148,"height":148,"caption":"Melhor Escola B2B"},"image":{"@id":"https:\/\/www.melhorescola.com.br\/blog\/#\/schema\/logo\/image\/"}},{"@type":"Person","@id":"https:\/\/www.melhorescola.com.br\/blog\/#\/schema\/person\/a8130f642d970c5c243b071e1e097903","name":"Giovanna Cornelio","image":{"@type":"ImageObject","inLanguage":"pt-BR","@id":"https:\/\/secure.gravatar.com\/avatar\/071456c625eefd564a4918e1e82867d8b866a613c726d360bd83fd57ad104f49?s=96&d=mm&r=g","url":"https:\/\/secure.gravatar.com\/avatar\/071456c625eefd564a4918e1e82867d8b866a613c726d360bd83fd57ad104f49?s=96&d=mm&r=g","contentUrl":"https:\/\/secure.gravatar.com\/avatar\/071456c625eefd564a4918e1e82867d8b866a613c726d360bd83fd57ad104f49?s=96&d=mm&r=g","caption":"Giovanna Cornelio"},"description":"Jornalista por dentro e por fora. Acredito que o conhecimento leva o ser humano a descobertas que transformam sua pr\u00f3pria exist\u00eancia.","url":"https:\/\/www.melhorescola.com.br\/blog\/author\/giovanna-oliveira\/"}]}},"_links":{"self":[{"href":"https:\/\/www.melhorescola.com.br\/blog\/wp-json\/wp\/v2\/posts\/2850","targetHints":{"allow":["GET"]}}],"collection":[{"href":"https:\/\/www.melhorescola.com.br\/blog\/wp-json\/wp\/v2\/posts"}],"about":[{"href":"https:\/\/www.melhorescola.com.br\/blog\/wp-json\/wp\/v2\/types\/post"}],"author":[{"embeddable":true,"href":"https:\/\/www.melhorescola.com.br\/blog\/wp-json\/wp\/v2\/users\/7"}],"replies":[{"embeddable":true,"href":"https:\/\/www.melhorescola.com.br\/blog\/wp-json\/wp\/v2\/comments?post=2850"}],"version-history":[{"count":6,"href":"https:\/\/www.melhorescola.com.br\/blog\/wp-json\/wp\/v2\/posts\/2850\/revisions"}],"predecessor-version":[{"id":23308,"href":"https:\/\/www.melhorescola.com.br\/blog\/wp-json\/wp\/v2\/posts\/2850\/revisions\/23308"}],"wp:featuredmedia":[{"embeddable":true,"href":"https:\/\/www.melhorescola.com.br\/blog\/wp-json\/wp\/v2\/media\/2852"}],"wp:attachment":[{"href":"https:\/\/www.melhorescola.com.br\/blog\/wp-json\/wp\/v2\/media?parent=2850"}],"wp:term":[{"taxonomy":"category","embeddable":true,"href":"https:\/\/www.melhorescola.com.br\/blog\/wp-json\/wp\/v2\/categories?post=2850"},{"taxonomy":"post_tag","embeddable":true,"href":"https:\/\/www.melhorescola.com.br\/blog\/wp-json\/wp\/v2\/tags?post=2850"}],"curies":[{"name":"wp","href":"https:\/\/api.w.org\/{rel}","templated":true}]}}