{"id":262,"date":"2019-08-29T13:46:56","date_gmt":"2019-08-29T16:46:56","guid":{"rendered":"https:\/\/www.melhorescola.com.br\/blog\/?p=262"},"modified":"2020-05-03T16:54:43","modified_gmt":"2020-05-03T19:54:43","slug":"educacao-ambiental-a-implementacao-escolar","status":"publish","type":"post","link":"https:\/\/www.melhorescola.com.br\/blog\/educacao-ambiental-a-implementacao-escolar\/","title":{"rendered":"Educa\u00e7\u00e3o Ambiental: a implementa\u00e7\u00e3o escolar"},"content":{"rendered":"\n<p style=\"text-align:left\">A educa\u00e7\u00e3o ambiental possui um vi\u00e9s imprescind\u00edvel na conscientiza\u00e7\u00e3o referente ao meio ambiente. As institui\u00e7\u00f5es de ensino planejam m\u00e9todos pedag\u00f3gicos para instruir sobre os problemas e de como combat\u00ea-los.&nbsp;&nbsp;<\/p>\n\n\n\n<p>De acordo, com a Pol\u00edtica Nacional de Educa\u00e7\u00e3o Ambiental &#8211; Lei n\u00ba 9795\/1999, Art 1\u00ba. Define a educa\u00e7\u00e3o ambiental como \u201cos processos por meio dos quais o indiv\u00edduo e a coletividade constroem valores sociais, conhecimentos, habilidades, atitudes e compet\u00eancias voltadas para a conserva\u00e7\u00e3o do meio ambiente, bem de uso comum do povo, essencial \u00e0 sadia qualidade de vida e sua sustentabilidade&#8221;.&nbsp;&nbsp;<\/p>\n\n\n\n<p>O aprendizado ecol\u00f3gico preserva o maior patrim\u00f4nio natural e desenvolve modelos sustent\u00e1veis com inova\u00e7\u00f5es e solu\u00e7\u00f5es limpas. As escolas propiciam valores al\u00e9m do zelo pela natureza, mas projetam a composi\u00e7\u00e3o e transforma\u00e7\u00e3o vindoura da pol\u00edtica, sociedade, economia, \u00e9tica e outros aspectos integrados ao pa\u00eds.&nbsp;&nbsp;<\/p>\n\n\n\n<p>Em 1975, foi realizada a Confer\u00eancia de Belgrado que iniciou a educa\u00e7\u00e3o ambiental, no qual foi constitu\u00edda a \u201cCarta de Belgrado\u201d. O documento tem um marco hist\u00f3rico para o combate aos problemas ambientais, pois consta como os educadores iriam implementar os assuntos pertinentes ao ecossistema nas diversas disciplinas.&nbsp;<\/p>\n\n\n\n<p>As Diretrizes Curriculares Nacionais para a Educa\u00e7\u00e3o Ambiental, Art. 2\u00b0. Explica que a \u201cEduca\u00e7\u00e3o Ambiental \u00e9 uma dimens\u00e3o da educa\u00e7\u00e3o, \u00e9 atividade intencional da pr\u00e1tica social, que deve imprimir ao desenvolvimento individual um car\u00e1ter social em sua rela\u00e7\u00e3o com a natureza e com os outros seres humanos, visando potencializar essa atividade humana com a finalidade de torn\u00e1-la plena de pr\u00e1tica social e de \u00e9tica ambiental&#8221;.<\/p>\n\n\n\n<p>A escola torna-se conivente com a aus\u00eancia do amadurecimento e a conscientiza\u00e7\u00e3o de uma popula\u00e7\u00e3o sustent\u00e1vel, quando o local n\u00e3o proporciona um aprimoramento das informa\u00e7\u00f5es para o \u00e2mbito social.&nbsp; As institui\u00e7\u00f5es de ensino s\u00e3o os despertadores para as preocupa\u00e7\u00f5es e zelo nas a\u00e7\u00f5es que possam ferir a ambi\u00eancia do mundo.&nbsp;<\/p>\n\n\n\n<p>As crises ambientais s\u00e3o existentes para todos os governos pol\u00edticos, mas as solu\u00e7\u00f5es e os projetos dos gerenciamentos ecossist\u00eamicos dos territ\u00f3rios s\u00e3o estabelecidos conforme as ferramentas dispon\u00edveis.&nbsp;<\/p>\n\n\n\n<blockquote class=\"wp-block-quote is-layout-flow wp-block-quote-is-layout-flow\"><p>\u201cUm processo educativo eminentemente pol\u00edtico, que visa ao desenvolvimento nos educandos de uma consci\u00eancia cr\u00edtica acerca das institui\u00e7\u00f5es, atores e fatores sociais geradores de riscos e respectivos conflitos socioambientais. Busca uma estrat\u00e9gia pedag\u00f3gica do enfrentamento de tais conflitos a partir de meios coletivos de exerc\u00edcio da cidadania, pautados na cria\u00e7\u00e3o de demandas por pol\u00edticas p\u00fablicas participativas conforme requer a gest\u00e3o ambiental democr\u00e1tica.\u201d <\/p><p>(LAYRARGUES; P.P. Crise ambiental e suas implica\u00e7\u00f5es na educa\u00e7\u00e3o, 2002.)&nbsp;<\/p><\/blockquote>\n\n\n\n<p>Todas as na\u00e7\u00f5es que buscam o aperfei\u00e7oamento tecnol\u00f3gico com o intuito de diminuir a absor\u00e7\u00e3o dos recursos naturais, participam da gest\u00e3o ecol\u00f3gica. A cidadania permeia as salas de aulas com objetivo de esclarecer e sanar todos as d\u00favidas recorrentes dos estudantes. Cada execu\u00e7\u00e3o da gest\u00e3o educacional e ambiental prolonga a vida no mundo.<\/p>\n\n\n\n<h2 class=\"wp-block-heading\">Educa\u00e7\u00e3o Ambiental nas Escolas<\/h2>\n\n\n\n<p>O processo da educa\u00e7\u00e3o ambiental deve iniciar desde a educa\u00e7\u00e3o infantil at\u00e9 depois de todos os n\u00edveis acad\u00eamicos, pois \u00e9 uma constru\u00e7\u00e3o constante e permanente o cuidado com a natureza. O ensino desde crian\u00e7a sobre o conhecimento das quest\u00f5es ambientais torna poss\u00edvel a integra\u00e7\u00e3o do indiv\u00edduo com a natureza, sendo assim, um agente transformador do meio ambiente.&nbsp;<\/p>\n\n\n\n<p>A conscientiza\u00e7\u00e3o infantil fortalece e prontifica um futuro promissor para a diminui\u00e7\u00e3o das complica\u00e7\u00f5es ecossist\u00eamicas existentes. A educa\u00e7\u00e3o \u00e9 o caminho para o conhecimento, e o conhecimento \u00e9 o caminho para a mudan\u00e7a.&nbsp;<\/p>\n\n\n\n<p>Um grande paradigma atual para as crian\u00e7as tem sido a globaliza\u00e7\u00e3o. As sociedades ampliam diariamente o crescimento dos centros urbanos, diminuindo as \u00e1reas ambientais. Sendo assim, o contato infantil com a natureza est\u00e1 acontecendo de forma exponencial atrav\u00e9s da internet dentro dos pr\u00f3prios lares.&nbsp; Os espa\u00e7os tornaram-se restritos e as experi\u00eancias aos assuntos relacionados \u00e0 intera\u00e7\u00e3o homem-natureza propensos a extin\u00e7\u00e3o.&nbsp;&nbsp;<\/p>\n\n\n\n<p>A educa\u00e7\u00e3o ambiental nas institui\u00e7\u00f5es escolares agregam valores na forma\u00e7\u00e3o de cidad\u00e3os conscientes, preparando os estudantes para uma realidade socioambiental&nbsp; comprometida na disposi\u00e7\u00e3o da preserva\u00e7\u00e3o pela vida. Os col\u00e9gios devem promover a\u00e7\u00f5es coerentes conforme cada contexto social.&nbsp;<\/p>\n\n\n\n<p>O objetivo dos educadores nos centros de ensino \u00e9 desenvolver um posicionamento firme e cr\u00edtico sobre as quest\u00f5es ambientais, gerando valores e promovendo decis\u00f5es de aprimoramento e prote\u00e7\u00e3o da natureza.&nbsp; Os professores quando fomentam pequenas mudan\u00e7as nas condutas durante a rotina na sala de aula, as simples tarefas de comportamentos de limpeza e a preven\u00e7\u00e3o do ambiente escolar, propicia o alcance de resultados expressivos, saud\u00e1veis e sustent\u00e1veis.&nbsp;<\/p>\n\n\n\n<p>A miss\u00e3o da gest\u00e3o ambiental tem o desafio da constante procura pelo desenvolvimento do equil\u00edbrio entre o homem e a natureza.<br><\/p>\n\n\n\n<div class=\"wp-block-button\"><a class=\"wp-block-button__link has-background\" href=\"https:\/\/www.melhorescola.com.br\" style=\"background-color:#f6911c\">Melhor Escola<\/a><\/div>\n","protected":false},"excerpt":{"rendered":"<p>A educa\u00e7\u00e3o ambiental possui um vi\u00e9s imprescind\u00edvel na conscientiza\u00e7\u00e3o referente ao meio ambiente. As institui\u00e7\u00f5es de ensino planejam m\u00e9todos pedag\u00f3gicos para instruir sobre os problemas&hellip;<\/p>\n","protected":false},"author":10,"featured_media":0,"comment_status":"open","ping_status":"open","sticky":false,"template":"","format":"standard","meta":{"footnotes":""},"categories":[259],"tags":[140,142,143,5,281],"class_list":["post-262","post","type-post","status-publish","format-standard","hentry","category-universo-pedagogico","tag-educacao-ambiental-na-escola","tag-gestao-ambiental","tag-gestao-educacional","tag-planejamento-escolar","tag-politica-nacional-de-educacao-ambiental"],"yoast_head":"<!-- This site is optimized with the Yoast SEO plugin v27.4 - https:\/\/yoast.com\/product\/yoast-seo-wordpress\/ -->\n<title>Educa\u00e7\u00e3o Ambiental: a implementa\u00e7\u00e3o escolar - Blog do Melhor Escola<\/title>\n<meta name=\"description\" content=\"A educa\u00e7\u00e3o ambiental necessita de uma implementa\u00e7\u00e3o na escola para a conscientiza\u00e7\u00e3o dos alunos sobre o cuidado pelo meio ambiente.\" \/>\n<meta name=\"robots\" content=\"index, follow, max-snippet:-1, max-image-preview:large, max-video-preview:-1\" \/>\n<link rel=\"canonical\" href=\"https:\/\/www.melhorescola.com.br\/blog\/educacao-ambiental-a-implementacao-escolar\/\" \/>\n<meta property=\"og:locale\" content=\"pt_BR\" \/>\n<meta property=\"og:type\" content=\"article\" \/>\n<meta property=\"og:title\" content=\"Educa\u00e7\u00e3o Ambiental: a implementa\u00e7\u00e3o escolar - Blog do Melhor Escola\" \/>\n<meta property=\"og:description\" content=\"A educa\u00e7\u00e3o ambiental necessita de uma implementa\u00e7\u00e3o na escola para a conscientiza\u00e7\u00e3o dos alunos sobre o cuidado pelo meio ambiente.\" \/>\n<meta property=\"og:url\" content=\"https:\/\/www.melhorescola.com.br\/blog\/educacao-ambiental-a-implementacao-escolar\/\" \/>\n<meta property=\"og:site_name\" content=\"Blog do Melhor Escola\" \/>\n<meta property=\"article:published_time\" content=\"2019-08-29T16:46:56+00:00\" \/>\n<meta property=\"article:modified_time\" content=\"2020-05-03T19:54:43+00:00\" \/>\n<meta name=\"author\" content=\"Alessandro Nanini\" \/>\n<meta name=\"twitter:card\" content=\"summary_large_image\" \/>\n<meta name=\"twitter:label1\" content=\"Escrito por\" \/>\n\t<meta name=\"twitter:data1\" content=\"Alessandro Nanini\" \/>\n\t<meta name=\"twitter:label2\" content=\"Est. tempo de leitura\" \/>\n\t<meta name=\"twitter:data2\" content=\"4 minutos\" \/>\n<script type=\"application\/ld+json\" class=\"yoast-schema-graph\">{\"@context\":\"https:\\\/\\\/schema.org\",\"@graph\":[{\"@type\":\"Article\",\"@id\":\"https:\\\/\\\/www.melhorescola.com.br\\\/blog\\\/educacao-ambiental-a-implementacao-escolar\\\/#article\",\"isPartOf\":{\"@id\":\"https:\\\/\\\/www.melhorescola.com.br\\\/blog\\\/educacao-ambiental-a-implementacao-escolar\\\/\"},\"author\":{\"name\":\"Alessandro Nanini\",\"@id\":\"https:\\\/\\\/www.melhorescola.com.br\\\/blog\\\/#\\\/schema\\\/person\\\/e89811ef4f168c08cdb8f8a274642115\"},\"headline\":\"Educa\u00e7\u00e3o Ambiental: a implementa\u00e7\u00e3o escolar\",\"datePublished\":\"2019-08-29T16:46:56+00:00\",\"dateModified\":\"2020-05-03T19:54:43+00:00\",\"mainEntityOfPage\":{\"@id\":\"https:\\\/\\\/www.melhorescola.com.br\\\/blog\\\/educacao-ambiental-a-implementacao-escolar\\\/\"},\"wordCount\":867,\"commentCount\":0,\"publisher\":{\"@id\":\"https:\\\/\\\/www.melhorescola.com.br\\\/blog\\\/#organization\"},\"keywords\":[\"Educa\u00e7\u00e3o Ambiental na escola\",\"Gest\u00e3o Ambiental\",\"Gest\u00e3o Educacional\",\"Planejamento Escolar\",\"Pol\u00edtica Nacional de Educa\u00e7\u00e3o Ambiental\"],\"articleSection\":[\"Universo pedag\u00f3gico\"],\"inLanguage\":\"pt-BR\",\"potentialAction\":[{\"@type\":\"CommentAction\",\"name\":\"Comment\",\"target\":[\"https:\\\/\\\/www.melhorescola.com.br\\\/blog\\\/educacao-ambiental-a-implementacao-escolar\\\/#respond\"]}]},{\"@type\":\"WebPage\",\"@id\":\"https:\\\/\\\/www.melhorescola.com.br\\\/blog\\\/educacao-ambiental-a-implementacao-escolar\\\/\",\"url\":\"https:\\\/\\\/www.melhorescola.com.br\\\/blog\\\/educacao-ambiental-a-implementacao-escolar\\\/\",\"name\":\"Educa\u00e7\u00e3o Ambiental: a implementa\u00e7\u00e3o escolar - Blog do Melhor Escola\",\"isPartOf\":{\"@id\":\"https:\\\/\\\/www.melhorescola.com.br\\\/blog\\\/#website\"},\"datePublished\":\"2019-08-29T16:46:56+00:00\",\"dateModified\":\"2020-05-03T19:54:43+00:00\",\"description\":\"A educa\u00e7\u00e3o ambiental necessita de uma implementa\u00e7\u00e3o na escola para a conscientiza\u00e7\u00e3o dos alunos sobre o cuidado pelo meio ambiente.\",\"breadcrumb\":{\"@id\":\"https:\\\/\\\/www.melhorescola.com.br\\\/blog\\\/educacao-ambiental-a-implementacao-escolar\\\/#breadcrumb\"},\"inLanguage\":\"pt-BR\",\"potentialAction\":[{\"@type\":\"ReadAction\",\"target\":[\"https:\\\/\\\/www.melhorescola.com.br\\\/blog\\\/educacao-ambiental-a-implementacao-escolar\\\/\"]}]},{\"@type\":\"BreadcrumbList\",\"@id\":\"https:\\\/\\\/www.melhorescola.com.br\\\/blog\\\/educacao-ambiental-a-implementacao-escolar\\\/#breadcrumb\",\"itemListElement\":[{\"@type\":\"ListItem\",\"position\":1,\"name\":\"In\u00edcio\",\"item\":\"https:\\\/\\\/www.melhorescola.com.br\\\/blog\\\/\"},{\"@type\":\"ListItem\",\"position\":2,\"name\":\"Educa\u00e7\u00e3o Ambiental: a implementa\u00e7\u00e3o escolar\"}]},{\"@type\":\"WebSite\",\"@id\":\"https:\\\/\\\/www.melhorescola.com.br\\\/blog\\\/#website\",\"url\":\"https:\\\/\\\/www.melhorescola.com.br\\\/blog\\\/\",\"name\":\"Blog do Melhor Escola\",\"description\":\"Veja conte\u00fados sobre capta\u00e7\u00e3o de alunos, gest\u00e3o escolar, marketing educacional, universo pedag\u00f3gico e muito mais!\",\"publisher\":{\"@id\":\"https:\\\/\\\/www.melhorescola.com.br\\\/blog\\\/#organization\"},\"potentialAction\":[{\"@type\":\"SearchAction\",\"target\":{\"@type\":\"EntryPoint\",\"urlTemplate\":\"https:\\\/\\\/www.melhorescola.com.br\\\/blog\\\/?s={search_term_string}\"},\"query-input\":{\"@type\":\"PropertyValueSpecification\",\"valueRequired\":true,\"valueName\":\"search_term_string\"}}],\"inLanguage\":\"pt-BR\"},{\"@type\":\"Organization\",\"@id\":\"https:\\\/\\\/www.melhorescola.com.br\\\/blog\\\/#organization\",\"name\":\"Melhor Escola B2B\",\"url\":\"https:\\\/\\\/www.melhorescola.com.br\\\/blog\\\/\",\"logo\":{\"@type\":\"ImageObject\",\"inLanguage\":\"pt-BR\",\"@id\":\"https:\\\/\\\/www.melhorescola.com.br\\\/blog\\\/#\\\/schema\\\/logo\\\/image\\\/\",\"url\":\"https:\\\/\\\/www.melhorescola.com.br\\\/blog\\\/wp-content\\\/uploads\\\/2024\\\/06\\\/images-removebg-preview-2.png\",\"contentUrl\":\"https:\\\/\\\/www.melhorescola.com.br\\\/blog\\\/wp-content\\\/uploads\\\/2024\\\/06\\\/images-removebg-preview-2.png\",\"width\":148,\"height\":148,\"caption\":\"Melhor Escola B2B\"},\"image\":{\"@id\":\"https:\\\/\\\/www.melhorescola.com.br\\\/blog\\\/#\\\/schema\\\/logo\\\/image\\\/\"}},{\"@type\":\"Person\",\"@id\":\"https:\\\/\\\/www.melhorescola.com.br\\\/blog\\\/#\\\/schema\\\/person\\\/e89811ef4f168c08cdb8f8a274642115\",\"name\":\"Alessandro Nanini\",\"image\":{\"@type\":\"ImageObject\",\"inLanguage\":\"pt-BR\",\"@id\":\"https:\\\/\\\/secure.gravatar.com\\\/avatar\\\/3d7f8cd908ce6dc570cfe8c4d74d265cf28a28e23ac4f6a9bc2970481e69be07?s=96&d=mm&r=g\",\"url\":\"https:\\\/\\\/secure.gravatar.com\\\/avatar\\\/3d7f8cd908ce6dc570cfe8c4d74d265cf28a28e23ac4f6a9bc2970481e69be07?s=96&d=mm&r=g\",\"contentUrl\":\"https:\\\/\\\/secure.gravatar.com\\\/avatar\\\/3d7f8cd908ce6dc570cfe8c4d74d265cf28a28e23ac4f6a9bc2970481e69be07?s=96&d=mm&r=g\",\"caption\":\"Alessandro Nanini\"},\"url\":\"https:\\\/\\\/www.melhorescola.com.br\\\/blog\\\/author\\\/alessandro-nanini\\\/\"}]}<\/script>\n<!-- \/ Yoast SEO plugin. -->","yoast_head_json":{"title":"Educa\u00e7\u00e3o Ambiental: a implementa\u00e7\u00e3o escolar - Blog do Melhor Escola","description":"A educa\u00e7\u00e3o ambiental necessita de uma implementa\u00e7\u00e3o na escola para a conscientiza\u00e7\u00e3o dos alunos sobre o cuidado pelo meio ambiente.","robots":{"index":"index","follow":"follow","max-snippet":"max-snippet:-1","max-image-preview":"max-image-preview:large","max-video-preview":"max-video-preview:-1"},"canonical":"https:\/\/www.melhorescola.com.br\/blog\/educacao-ambiental-a-implementacao-escolar\/","og_locale":"pt_BR","og_type":"article","og_title":"Educa\u00e7\u00e3o Ambiental: a implementa\u00e7\u00e3o escolar - Blog do Melhor Escola","og_description":"A educa\u00e7\u00e3o ambiental necessita de uma implementa\u00e7\u00e3o na escola para a conscientiza\u00e7\u00e3o dos alunos sobre o cuidado pelo meio ambiente.","og_url":"https:\/\/www.melhorescola.com.br\/blog\/educacao-ambiental-a-implementacao-escolar\/","og_site_name":"Blog do Melhor Escola","article_published_time":"2019-08-29T16:46:56+00:00","article_modified_time":"2020-05-03T19:54:43+00:00","author":"Alessandro Nanini","twitter_card":"summary_large_image","twitter_misc":{"Escrito por":"Alessandro Nanini","Est. tempo de leitura":"4 minutos"},"schema":{"@context":"https:\/\/schema.org","@graph":[{"@type":"Article","@id":"https:\/\/www.melhorescola.com.br\/blog\/educacao-ambiental-a-implementacao-escolar\/#article","isPartOf":{"@id":"https:\/\/www.melhorescola.com.br\/blog\/educacao-ambiental-a-implementacao-escolar\/"},"author":{"name":"Alessandro Nanini","@id":"https:\/\/www.melhorescola.com.br\/blog\/#\/schema\/person\/e89811ef4f168c08cdb8f8a274642115"},"headline":"Educa\u00e7\u00e3o Ambiental: a implementa\u00e7\u00e3o escolar","datePublished":"2019-08-29T16:46:56+00:00","dateModified":"2020-05-03T19:54:43+00:00","mainEntityOfPage":{"@id":"https:\/\/www.melhorescola.com.br\/blog\/educacao-ambiental-a-implementacao-escolar\/"},"wordCount":867,"commentCount":0,"publisher":{"@id":"https:\/\/www.melhorescola.com.br\/blog\/#organization"},"keywords":["Educa\u00e7\u00e3o Ambiental na escola","Gest\u00e3o Ambiental","Gest\u00e3o Educacional","Planejamento Escolar","Pol\u00edtica Nacional de Educa\u00e7\u00e3o Ambiental"],"articleSection":["Universo pedag\u00f3gico"],"inLanguage":"pt-BR","potentialAction":[{"@type":"CommentAction","name":"Comment","target":["https:\/\/www.melhorescola.com.br\/blog\/educacao-ambiental-a-implementacao-escolar\/#respond"]}]},{"@type":"WebPage","@id":"https:\/\/www.melhorescola.com.br\/blog\/educacao-ambiental-a-implementacao-escolar\/","url":"https:\/\/www.melhorescola.com.br\/blog\/educacao-ambiental-a-implementacao-escolar\/","name":"Educa\u00e7\u00e3o Ambiental: a implementa\u00e7\u00e3o escolar - Blog do Melhor Escola","isPartOf":{"@id":"https:\/\/www.melhorescola.com.br\/blog\/#website"},"datePublished":"2019-08-29T16:46:56+00:00","dateModified":"2020-05-03T19:54:43+00:00","description":"A educa\u00e7\u00e3o ambiental necessita de uma implementa\u00e7\u00e3o na escola para a conscientiza\u00e7\u00e3o dos alunos sobre o cuidado pelo meio ambiente.","breadcrumb":{"@id":"https:\/\/www.melhorescola.com.br\/blog\/educacao-ambiental-a-implementacao-escolar\/#breadcrumb"},"inLanguage":"pt-BR","potentialAction":[{"@type":"ReadAction","target":["https:\/\/www.melhorescola.com.br\/blog\/educacao-ambiental-a-implementacao-escolar\/"]}]},{"@type":"BreadcrumbList","@id":"https:\/\/www.melhorescola.com.br\/blog\/educacao-ambiental-a-implementacao-escolar\/#breadcrumb","itemListElement":[{"@type":"ListItem","position":1,"name":"In\u00edcio","item":"https:\/\/www.melhorescola.com.br\/blog\/"},{"@type":"ListItem","position":2,"name":"Educa\u00e7\u00e3o Ambiental: a implementa\u00e7\u00e3o escolar"}]},{"@type":"WebSite","@id":"https:\/\/www.melhorescola.com.br\/blog\/#website","url":"https:\/\/www.melhorescola.com.br\/blog\/","name":"Blog do Melhor Escola","description":"Veja conte\u00fados sobre capta\u00e7\u00e3o de alunos, gest\u00e3o escolar, marketing educacional, universo pedag\u00f3gico e muito mais!","publisher":{"@id":"https:\/\/www.melhorescola.com.br\/blog\/#organization"},"potentialAction":[{"@type":"SearchAction","target":{"@type":"EntryPoint","urlTemplate":"https:\/\/www.melhorescola.com.br\/blog\/?s={search_term_string}"},"query-input":{"@type":"PropertyValueSpecification","valueRequired":true,"valueName":"search_term_string"}}],"inLanguage":"pt-BR"},{"@type":"Organization","@id":"https:\/\/www.melhorescola.com.br\/blog\/#organization","name":"Melhor Escola B2B","url":"https:\/\/www.melhorescola.com.br\/blog\/","logo":{"@type":"ImageObject","inLanguage":"pt-BR","@id":"https:\/\/www.melhorescola.com.br\/blog\/#\/schema\/logo\/image\/","url":"https:\/\/www.melhorescola.com.br\/blog\/wp-content\/uploads\/2024\/06\/images-removebg-preview-2.png","contentUrl":"https:\/\/www.melhorescola.com.br\/blog\/wp-content\/uploads\/2024\/06\/images-removebg-preview-2.png","width":148,"height":148,"caption":"Melhor Escola B2B"},"image":{"@id":"https:\/\/www.melhorescola.com.br\/blog\/#\/schema\/logo\/image\/"}},{"@type":"Person","@id":"https:\/\/www.melhorescola.com.br\/blog\/#\/schema\/person\/e89811ef4f168c08cdb8f8a274642115","name":"Alessandro Nanini","image":{"@type":"ImageObject","inLanguage":"pt-BR","@id":"https:\/\/secure.gravatar.com\/avatar\/3d7f8cd908ce6dc570cfe8c4d74d265cf28a28e23ac4f6a9bc2970481e69be07?s=96&d=mm&r=g","url":"https:\/\/secure.gravatar.com\/avatar\/3d7f8cd908ce6dc570cfe8c4d74d265cf28a28e23ac4f6a9bc2970481e69be07?s=96&d=mm&r=g","contentUrl":"https:\/\/secure.gravatar.com\/avatar\/3d7f8cd908ce6dc570cfe8c4d74d265cf28a28e23ac4f6a9bc2970481e69be07?s=96&d=mm&r=g","caption":"Alessandro Nanini"},"url":"https:\/\/www.melhorescola.com.br\/blog\/author\/alessandro-nanini\/"}]}},"_links":{"self":[{"href":"https:\/\/www.melhorescola.com.br\/blog\/wp-json\/wp\/v2\/posts\/262","targetHints":{"allow":["GET"]}}],"collection":[{"href":"https:\/\/www.melhorescola.com.br\/blog\/wp-json\/wp\/v2\/posts"}],"about":[{"href":"https:\/\/www.melhorescola.com.br\/blog\/wp-json\/wp\/v2\/types\/post"}],"author":[{"embeddable":true,"href":"https:\/\/www.melhorescola.com.br\/blog\/wp-json\/wp\/v2\/users\/10"}],"replies":[{"embeddable":true,"href":"https:\/\/www.melhorescola.com.br\/blog\/wp-json\/wp\/v2\/comments?post=262"}],"version-history":[{"count":13,"href":"https:\/\/www.melhorescola.com.br\/blog\/wp-json\/wp\/v2\/posts\/262\/revisions"}],"predecessor-version":[{"id":1595,"href":"https:\/\/www.melhorescola.com.br\/blog\/wp-json\/wp\/v2\/posts\/262\/revisions\/1595"}],"wp:attachment":[{"href":"https:\/\/www.melhorescola.com.br\/blog\/wp-json\/wp\/v2\/media?parent=262"}],"wp:term":[{"taxonomy":"category","embeddable":true,"href":"https:\/\/www.melhorescola.com.br\/blog\/wp-json\/wp\/v2\/categories?post=262"},{"taxonomy":"post_tag","embeddable":true,"href":"https:\/\/www.melhorescola.com.br\/blog\/wp-json\/wp\/v2\/tags?post=262"}],"curies":[{"name":"wp","href":"https:\/\/api.w.org\/{rel}","templated":true}]}}