{"id":2583,"date":"2020-09-15T17:00:45","date_gmt":"2020-09-15T20:00:45","guid":{"rendered":"https:\/\/www.melhorescola.com.br\/blog\/?p=2583"},"modified":"2024-05-27T14:05:39","modified_gmt":"2024-05-27T17:05:39","slug":"capacitacao-de-professores-para-o-ensino-hibrido","status":"publish","type":"post","link":"https:\/\/www.melhorescola.com.br\/blog\/capacitacao-de-professores-para-o-ensino-hibrido\/","title":{"rendered":"Capacita\u00e7\u00e3o de professores para o ensino h\u00edbrido"},"content":{"rendered":"\n<h4 class=\"wp-block-heading\"><em>O ensino h\u00edbrido \u00e9 uma realidade a qual as escolas precisam se adaptar e capacitar os professores \u00e9 um dos passos a seguir<\/em><\/h4>\n\n\n\n<p class=\"wp-block-paragraph\">Durante a pandemia, pudemos perceber a grande <a rel=\"noreferrer noopener\" aria-label=\" (abre numa nova aba)\" href=\"https:\/\/www.plannetaeducacao.com.br\/portal\/tecnologia-na-educacao\/a\/329\/dicas-para-engajar-o-professor-no-uso-da-tecnologia-em-aula\" target=\"_blank\"><strong>expans\u00e3o do EAD<\/strong><\/a> no Brasil \u2014 algo que j\u00e1 estava bem forte antes disso. S\u00e3o diversas as ferramentas tecnol\u00f3gicas que passaram a fazer parte do ensino. Assim, temos uma forte presen\u00e7a do ensino h\u00edbrido nas institui\u00e7\u00f5es de ensino e uma crescente demanda por capacita\u00e7\u00e3o dos professores.<\/p>\n\n\n\n<p class=\"wp-block-paragraph\">Percebe-se que, querendo ou n\u00e3o, <a rel=\"noreferrer noopener\" aria-label=\" (abre numa nova aba)\" href=\"https:\/\/www.plannetaeducacao.com.br\/portal\/tecnologia-na-educacao\/a\/246\/o-futuro-da-tecnologia-na-educacao\" target=\"_blank\"><strong>essa \u00e9 uma realidade<\/strong><\/a><strong> <\/strong>que as escolas precisam acompanhar. A adapta\u00e7\u00e3o a esse novo modelo de ensino \u00e9 fundamental n\u00e3o s\u00f3 para o sucesso da escola, mas principalmente para uma melhor prepara\u00e7\u00e3o dos alunos.&nbsp;<\/p>\n\n\n\n<p class=\"wp-block-paragraph\">Leia tamb\u00e9m:<\/p>\n\n\n\n<p class=\"has-text-color wp-block-paragraph\" style=\"color:#f6911b\"><strong>+  <a href=\"https:\/\/www.melhorescola.com.br\/blog\/educacao-financeira-nas-escolas-mudanca-cultural\/\" target=\"_blank\" rel=\"noreferrer noopener\" aria-label=\" (abre numa nova aba)\">Educa\u00e7\u00e3o financeira nas escolas: mudan\u00e7a cultural<\/a> <\/strong><\/p>\n\n\n\n<p class=\"wp-block-paragraph\">Vejamos agora um pouco mais sobre o ensino h\u00edbrido, seus benef\u00edcios e como capacitar os professores para aplicar essa nova forma de aprendizado dentro da escola. Confira!&nbsp;<\/p>\n\n\n<div class=\"wp-block-image\">\n<figure class=\"aligncenter\"><a href=\"https:\/\/conteudo.melhorescola.com.br\/marketing-digital-descomplicado?utm_source=conteudo&amp;utm_medium=blog&amp;utm_campaign=banner-marketing-digital\" target=\"_blank\" rel=\"noreferrer noopener\"><img fetchpriority=\"high\" decoding=\"async\" width=\"660\" height=\"190\" src=\"https:\/\/www.melhorescola.com.br\/blog\/wp-content\/uploads\/2020\/07\/mkt.jpg\" alt=\"Marketing Digital\" class=\"wp-image-2089\"\/><\/a><\/figure>\n<\/div>\n\n\n<h2 class=\"wp-block-heading\">O que \u00e9 ensino h\u00edbrido?&nbsp;<\/h2>\n\n\n\n<p class=\"wp-block-paragraph\">Para explicar melhor sobre a capacita\u00e7\u00e3o de professores, precisamos entender um pouco mais a fundo sobre o que \u00e9 o<strong> <a href=\"https:\/\/www.plannetaeducacao.com.br\/portal\/a\/350\/como-os-professores-e-alunos-podem-aproveitar-melhor-o-ensino-hibrido\" target=\"_blank\" rel=\"noreferrer noopener\" aria-label=\" (abre numa nova aba)\">ensino h\u00edbrido<\/a><\/strong> e qual a fun\u00e7\u00e3o dele na escola e na vida do alunos.&nbsp;<\/p>\n\n\n\n<p class=\"wp-block-paragraph\">Trata-se justamente de uma combina\u00e7\u00e3o de formas de ensino: presencial + on-line. \u00c9 um m\u00e9todo de ensino que proporciona diferentes experi\u00eancias tanto para os alunos quanto para os professores.&nbsp;<\/p>\n\n\n\n<p class=\"wp-block-paragraph\">Com o crescimento constante da tecnologia e, principalmente, o maior acesso aos smartphones, mesmo pelos mais novos, incluir o EAD como uma das formas de aprendizado \u00e9 fundamental.&nbsp;<\/p>\n\n\n\n<p class=\"wp-block-paragraph\">O ensino superior j\u00e1 trabalha com esse m\u00e9todo de aprendizado h\u00e1 algum tempo e hoje podemos ver cursos com quase 50% da carga hor\u00e1ria feita EAD para as institui\u00e7\u00f5es que trabalham com o ensino h\u00edbrido.&nbsp;<\/p>\n\n\n\n<h2 class=\"wp-block-heading\">Qual o papel do professor no ensino h\u00edbrido?&nbsp;<\/h2>\n\n\n\n<p class=\"wp-block-paragraph\">Muitos professores acreditam que ter\u00e3o o seu papel substitu\u00eddo pela tecnologia, que ter\u00e3o menor import\u00e2ncia em um EAD. Mas \u00e9 justamente o contr\u00e1rio: ele ganha ainda mais destaque em um m\u00e9todo de ensino h\u00edbrido.&nbsp;<\/p>\n\n\n\n<p class=\"wp-block-paragraph\">Na verdade, o professor passa a ficar mais tempo com o estudante. Por exemplo, ap\u00f3s uma aula presencial na escola, o aluno precisa assistir aulas complementares da mat\u00e9ria de forma on-line com o mesmo professor. Ou ent\u00e3o, \u00e9 poss\u00edvel marcar <strong><a href=\"https:\/\/www.plannetaeducacao.com.br\/portal\/a\/335\/o-que-aprendemos-em-tempos-de-coronavirus\" target=\"_blank\" rel=\"noreferrer noopener\" aria-label=\" (abre numa nova aba)\">aulas on-line<\/a><\/strong> de corre\u00e7\u00e3o dos exerc\u00edcios. Enfim, as possibilidades s\u00e3o muitas.&nbsp;<\/p>\n\n\n\n<p class=\"wp-block-paragraph\">Al\u00e9m do mais, \u00e9 papel do professor selecionar os materiais que ser\u00e3o oferecidos aos alunos no EAD. Dessa forma, ele age como um tipo de gestor cognitivo, orientando, selecionando os materiais para os alunos e organizando as demandas.&nbsp;<\/p>\n\n\n\n<h2 class=\"wp-block-heading\">Como realizar a capacita\u00e7\u00e3o dos professores para esse m\u00e9todo?&nbsp;<\/h2>\n\n\n\n<p class=\"wp-block-paragraph\">A escola pode tomar para si a responsabilidade de <a href=\"https:\/\/www.plannetaeducacao.com.br\/portal\/a\/145\/a-importancia-da-capacitacao-de-professores\" target=\"_blank\" rel=\"noreferrer noopener\" aria-label=\" (abre numa nova aba)\">capacitar esses professores<\/a> para que eles possam atuar no ensino h\u00edbrido se esse for o m\u00e9todo de ensino da institui\u00e7\u00e3o.&nbsp;<\/p>\n\n\n\n<p class=\"wp-block-paragraph\">Assim, existem algumas formas de realizar esse processo. Basicamente, ela pode ser feita por uma empresa terceirizada, a escola pode pagar um curso para os professores ou elas mesmas podem se encarregar disso.&nbsp;<\/p>\n\n\n\n<p class=\"wp-block-paragraph\">Veja algumas op\u00e7\u00f5es que v\u00e3o ajud\u00e1-lo com a capacita\u00e7\u00e3o de professores.&nbsp;<\/p>\n\n\n\n<h3 class=\"wp-block-heading\">Material em PDF&nbsp;<\/h3>\n\n\n\n<p class=\"wp-block-paragraph\">Uma das partes da capacita\u00e7\u00e3o dos professores para o ensino h\u00edbrido \u00e9 oferecer um material de consulta que eles possam utilizar a qualquer momento. No caso, o PDF se encaixa muito bem nesse papel. Inclusive, \u00e9 um material que pode ser impresso e levado para qualquer local.&nbsp;<\/p>\n\n\n\n<h3 class=\"wp-block-heading\">Treinamento ao vivo com todos os professores&nbsp;<\/h3>\n\n\n\n<p class=\"wp-block-paragraph\">Em um primeiro momento, a escola pode fazer um treinamento presencial ou gravar v\u00eddeos pr\u00e1ticos (grava\u00e7\u00e3o de tela, por exemplo) para mostrar um passo a passo. \u00c9 interessante que esse treinamento acompanhe o que est\u00e1 na apostila em PDF que vai servir como uma esp\u00e9cie de guia.&nbsp;<\/p>\n\n\n\n<p class=\"wp-block-paragraph\">Este \u00e9 o momento, por exemplo, te tirar as d\u00favidas gerais e tamb\u00e9m de ensinar coisas mais espec\u00edficas e que s\u00e3o comuns a todos, como a aplica\u00e7\u00e3o de um teste on-line com os alunos. Ser\u00e1 necess\u00e1rio explicar como o usar, passo a passo, todos os equipamentos e softwares utilizadas nas aulas pelos professores.&nbsp;<\/p>\n\n\n\n<h3 class=\"wp-block-heading\">Treinamento de forma individual&nbsp;<\/h3>\n\n\n\n<p class=\"wp-block-paragraph\">\u00c9 importante tamb\u00e9m que a escola ofere\u00e7a um momento de treinamento individual com os professores.&nbsp;<\/p>\n\n\n\n<p class=\"wp-block-paragraph\">Por exemplo, algumas mat\u00e9rias podem ser mais visuais que outras, podem exigir recursos diferenciados. Hist\u00f3ria e matem\u00e1tica possuem abordagens diferentes e por isso, os professores podem precisar de um atendimento individualizado.&nbsp;<\/p>\n\n\n\n<p class=\"wp-block-paragraph\">\u00c9 essencial que a escola tenha uma equipe para atender \u00e0s demandas desses professores durante todo o andamento do ano letivo. Assim, qualquer erro que der no sistema ou qualquer d\u00favida poder\u00e1 ser sanada e solucionada rapidamente por essa equipe de suporte.&nbsp;<\/p>\n\n\n\n<p class=\"wp-block-paragraph\">Viu como a capacita\u00e7\u00e3o de professores para o ensino h\u00edbrido n\u00e3o \u00e9 um bicho de sete cabe\u00e7as? Organiza\u00e7\u00e3o e planejamento s\u00e3o fundamentais nesse momento. Coloque as dicas em pr\u00e1tica e comece a adaptar a sua escola \u00e0s novas demandas.&nbsp;<\/p>\n\n\n\n<p class=\"wp-block-paragraph\">Quer saber mais sobre o assunto? Confira tamb\u00e9m o eBook <strong><a href=\"https:\/\/www.plannetaeducacao.com.br\/portal\/ensino-hibrido\" target=\"_blank\" rel=\"noreferrer noopener\" aria-label=\" (abre numa nova aba)\">Ensino H\u00edbrido: necessidade no mundo p\u00f3s-pandemia<\/a><\/strong><\/p>\n","protected":false},"excerpt":{"rendered":"<p>O ensino h\u00edbrido \u00e9 uma realidade a qual as escolas precisam se adaptar e capacitar os professores \u00e9 um dos passos a seguir Durante a&hellip;<\/p>\n","protected":false},"author":7,"featured_media":2584,"comment_status":"open","ping_status":"open","sticky":false,"template":"","format":"standard","meta":{"footnotes":""},"categories":[311],"tags":[355,335,339,302],"class_list":["post-2583","post","type-post","status-publish","format-standard","has-post-thumbnail","hentry","category-tecnologia","tag-capacitacao-de-professores","tag-cenario-pos-pandemia","tag-ensino-hibrido","tag-tecnologia-e-educacao"],"yoast_head":"<!-- This site is optimized with the Yoast SEO plugin v28.4 - https:\/\/yoast.com\/product\/yoast-seo-wordpress\/ -->\n<title>Capacita\u00e7\u00e3o de professores para o ensino h\u00edbrido - Blog do Melhor Escola<\/title>\n<meta name=\"description\" content=\"Durante a pandemia, pudemos perceber a grande expans\u00e3o do EAD no Brasi e com ela a necessidade de capacita\u00e7\u00e3o dos professores para esse m\u00e9todo de ensino.\" \/>\n<meta name=\"robots\" content=\"index, follow, max-snippet:-1, max-image-preview:large, max-video-preview:-1\" \/>\n<link rel=\"canonical\" href=\"https:\/\/www.melhorescola.com.br\/blog\/capacitacao-de-professores-para-o-ensino-hibrido\/\" \/>\n<meta property=\"og:locale\" content=\"pt_BR\" \/>\n<meta property=\"og:type\" content=\"article\" \/>\n<meta property=\"og:title\" content=\"Capacita\u00e7\u00e3o de professores para o ensino h\u00edbrido - Blog do Melhor Escola\" \/>\n<meta property=\"og:description\" content=\"Durante a pandemia, pudemos perceber a grande expans\u00e3o do EAD no Brasi e com ela a necessidade de capacita\u00e7\u00e3o dos professores para esse m\u00e9todo de ensino.\" \/>\n<meta property=\"og:url\" content=\"https:\/\/www.melhorescola.com.br\/blog\/capacitacao-de-professores-para-o-ensino-hibrido\/\" \/>\n<meta property=\"og:site_name\" content=\"Blog do Melhor Escola\" \/>\n<meta property=\"article:published_time\" content=\"2020-09-15T20:00:45+00:00\" \/>\n<meta property=\"article:modified_time\" content=\"2024-05-27T17:05:39+00:00\" \/>\n<meta property=\"og:image\" content=\"https:\/\/www.melhorescola.com.br\/blog\/wp-content\/uploads\/2020\/09\/Capacita\u00e7\u00e3o-de-professores.jpg\" \/>\n\t<meta property=\"og:image:width\" content=\"1600\" \/>\n\t<meta property=\"og:image:height\" content=\"899\" \/>\n\t<meta property=\"og:image:type\" content=\"image\/jpeg\" \/>\n<meta name=\"author\" content=\"Giovanna Cornelio\" \/>\n<meta name=\"twitter:card\" content=\"summary_large_image\" \/>\n<meta name=\"twitter:label1\" content=\"Escrito por\" \/>\n\t<meta name=\"twitter:data1\" content=\"Giovanna Cornelio\" \/>\n\t<meta name=\"twitter:label2\" content=\"Est. tempo de leitura\" \/>\n\t<meta name=\"twitter:data2\" content=\"4 minutos\" \/>\n<script type=\"application\/ld+json\" class=\"yoast-schema-graph\">{\"@context\":\"https:\\\/\\\/schema.org\",\"@graph\":[{\"@type\":\"Article\",\"@id\":\"https:\\\/\\\/www.melhorescola.com.br\\\/blog\\\/capacitacao-de-professores-para-o-ensino-hibrido\\\/#article\",\"isPartOf\":{\"@id\":\"https:\\\/\\\/www.melhorescola.com.br\\\/blog\\\/capacitacao-de-professores-para-o-ensino-hibrido\\\/\"},\"author\":{\"name\":\"Giovanna Cornelio\",\"@id\":\"https:\\\/\\\/www.melhorescola.com.br\\\/blog\\\/#\\\/schema\\\/person\\\/a8130f642d970c5c243b071e1e097903\"},\"headline\":\"Capacita\u00e7\u00e3o de professores para o ensino h\u00edbrido\",\"datePublished\":\"2020-09-15T20:00:45+00:00\",\"dateModified\":\"2024-05-27T17:05:39+00:00\",\"mainEntityOfPage\":{\"@id\":\"https:\\\/\\\/www.melhorescola.com.br\\\/blog\\\/capacitacao-de-professores-para-o-ensino-hibrido\\\/\"},\"wordCount\":893,\"commentCount\":0,\"publisher\":{\"@id\":\"https:\\\/\\\/www.melhorescola.com.br\\\/blog\\\/#organization\"},\"image\":{\"@id\":\"https:\\\/\\\/www.melhorescola.com.br\\\/blog\\\/capacitacao-de-professores-para-o-ensino-hibrido\\\/#primaryimage\"},\"thumbnailUrl\":\"https:\\\/\\\/www.melhorescola.com.br\\\/blog\\\/wp-content\\\/uploads\\\/2020\\\/09\\\/Capacita\u00e7\u00e3o-de-professores.jpg\",\"keywords\":[\"capacita\u00e7\u00e3o de professores\",\"cen\u00e1rio p\u00f3s-pandemia\",\"ensino h\u00edbrido\",\"tecnologia e educa\u00e7\u00e3o\"],\"articleSection\":[\"Tecnologia\"],\"inLanguage\":\"pt-BR\",\"potentialAction\":[{\"@type\":\"CommentAction\",\"name\":\"Comment\",\"target\":[\"https:\\\/\\\/www.melhorescola.com.br\\\/blog\\\/capacitacao-de-professores-para-o-ensino-hibrido\\\/#respond\"]}]},{\"@type\":\"WebPage\",\"@id\":\"https:\\\/\\\/www.melhorescola.com.br\\\/blog\\\/capacitacao-de-professores-para-o-ensino-hibrido\\\/\",\"url\":\"https:\\\/\\\/www.melhorescola.com.br\\\/blog\\\/capacitacao-de-professores-para-o-ensino-hibrido\\\/\",\"name\":\"Capacita\u00e7\u00e3o de professores para o ensino h\u00edbrido - Blog do Melhor Escola\",\"isPartOf\":{\"@id\":\"https:\\\/\\\/www.melhorescola.com.br\\\/blog\\\/#website\"},\"primaryImageOfPage\":{\"@id\":\"https:\\\/\\\/www.melhorescola.com.br\\\/blog\\\/capacitacao-de-professores-para-o-ensino-hibrido\\\/#primaryimage\"},\"image\":{\"@id\":\"https:\\\/\\\/www.melhorescola.com.br\\\/blog\\\/capacitacao-de-professores-para-o-ensino-hibrido\\\/#primaryimage\"},\"thumbnailUrl\":\"https:\\\/\\\/www.melhorescola.com.br\\\/blog\\\/wp-content\\\/uploads\\\/2020\\\/09\\\/Capacita\u00e7\u00e3o-de-professores.jpg\",\"datePublished\":\"2020-09-15T20:00:45+00:00\",\"dateModified\":\"2024-05-27T17:05:39+00:00\",\"description\":\"Durante a pandemia, pudemos perceber a grande expans\u00e3o do EAD no Brasi e com ela a necessidade de capacita\u00e7\u00e3o dos professores para esse m\u00e9todo de ensino.\",\"breadcrumb\":{\"@id\":\"https:\\\/\\\/www.melhorescola.com.br\\\/blog\\\/capacitacao-de-professores-para-o-ensino-hibrido\\\/#breadcrumb\"},\"inLanguage\":\"pt-BR\",\"potentialAction\":[{\"@type\":\"ReadAction\",\"target\":[\"https:\\\/\\\/www.melhorescola.com.br\\\/blog\\\/capacitacao-de-professores-para-o-ensino-hibrido\\\/\"]}]},{\"@type\":\"ImageObject\",\"inLanguage\":\"pt-BR\",\"@id\":\"https:\\\/\\\/www.melhorescola.com.br\\\/blog\\\/capacitacao-de-professores-para-o-ensino-hibrido\\\/#primaryimage\",\"url\":\"https:\\\/\\\/www.melhorescola.com.br\\\/blog\\\/wp-content\\\/uploads\\\/2020\\\/09\\\/Capacita\u00e7\u00e3o-de-professores.jpg\",\"contentUrl\":\"https:\\\/\\\/www.melhorescola.com.br\\\/blog\\\/wp-content\\\/uploads\\\/2020\\\/09\\\/Capacita\u00e7\u00e3o-de-professores.jpg\",\"width\":1600,\"height\":899,\"caption\":\"capacita\u00e7\u00e3o de professores\"},{\"@type\":\"BreadcrumbList\",\"@id\":\"https:\\\/\\\/www.melhorescola.com.br\\\/blog\\\/capacitacao-de-professores-para-o-ensino-hibrido\\\/#breadcrumb\",\"itemListElement\":[{\"@type\":\"ListItem\",\"position\":1,\"name\":\"In\u00edcio\",\"item\":\"https:\\\/\\\/www.melhorescola.com.br\\\/blog\\\/\"},{\"@type\":\"ListItem\",\"position\":2,\"name\":\"Capacita\u00e7\u00e3o de professores para o ensino h\u00edbrido\"}]},{\"@type\":\"WebSite\",\"@id\":\"https:\\\/\\\/www.melhorescola.com.br\\\/blog\\\/#website\",\"url\":\"https:\\\/\\\/www.melhorescola.com.br\\\/blog\\\/\",\"name\":\"Blog do Melhor Escola\",\"description\":\"Veja conte\u00fados sobre capta\u00e7\u00e3o de alunos, gest\u00e3o escolar, marketing educacional, universo pedag\u00f3gico e muito mais!\",\"publisher\":{\"@id\":\"https:\\\/\\\/www.melhorescola.com.br\\\/blog\\\/#organization\"},\"potentialAction\":[{\"@type\":\"SearchAction\",\"target\":{\"@type\":\"EntryPoint\",\"urlTemplate\":\"https:\\\/\\\/www.melhorescola.com.br\\\/blog\\\/?s={search_term_string}\"},\"query-input\":{\"@type\":\"PropertyValueSpecification\",\"valueRequired\":true,\"valueName\":\"search_term_string\"}}],\"inLanguage\":\"pt-BR\"},{\"@type\":\"Organization\",\"@id\":\"https:\\\/\\\/www.melhorescola.com.br\\\/blog\\\/#organization\",\"name\":\"Melhor Escola B2B\",\"url\":\"https:\\\/\\\/www.melhorescola.com.br\\\/blog\\\/\",\"logo\":{\"@type\":\"ImageObject\",\"inLanguage\":\"pt-BR\",\"@id\":\"https:\\\/\\\/www.melhorescola.com.br\\\/blog\\\/#\\\/schema\\\/logo\\\/image\\\/\",\"url\":\"https:\\\/\\\/www.melhorescola.com.br\\\/blog\\\/wp-content\\\/uploads\\\/2024\\\/06\\\/images-removebg-preview-2.png\",\"contentUrl\":\"https:\\\/\\\/www.melhorescola.com.br\\\/blog\\\/wp-content\\\/uploads\\\/2024\\\/06\\\/images-removebg-preview-2.png\",\"width\":148,\"height\":148,\"caption\":\"Melhor Escola B2B\"},\"image\":{\"@id\":\"https:\\\/\\\/www.melhorescola.com.br\\\/blog\\\/#\\\/schema\\\/logo\\\/image\\\/\"}},{\"@type\":\"Person\",\"@id\":\"https:\\\/\\\/www.melhorescola.com.br\\\/blog\\\/#\\\/schema\\\/person\\\/a8130f642d970c5c243b071e1e097903\",\"name\":\"Giovanna Cornelio\",\"image\":{\"@type\":\"ImageObject\",\"inLanguage\":\"pt-BR\",\"@id\":\"https:\\\/\\\/secure.gravatar.com\\\/avatar\\\/071456c625eefd564a4918e1e82867d8b866a613c726d360bd83fd57ad104f49?s=96&d=mm&r=g\",\"url\":\"https:\\\/\\\/secure.gravatar.com\\\/avatar\\\/071456c625eefd564a4918e1e82867d8b866a613c726d360bd83fd57ad104f49?s=96&d=mm&r=g\",\"contentUrl\":\"https:\\\/\\\/secure.gravatar.com\\\/avatar\\\/071456c625eefd564a4918e1e82867d8b866a613c726d360bd83fd57ad104f49?s=96&d=mm&r=g\",\"caption\":\"Giovanna Cornelio\"},\"description\":\"Jornalista por dentro e por fora. Acredito que o conhecimento leva o ser humano a descobertas que transformam sua pr\u00f3pria exist\u00eancia.\",\"url\":\"https:\\\/\\\/www.melhorescola.com.br\\\/blog\\\/author\\\/giovanna-oliveira\\\/\"}]}<\/script>\n<!-- \/ Yoast SEO plugin. -->","yoast_head_json":{"title":"Capacita\u00e7\u00e3o de professores para o ensino h\u00edbrido - Blog do Melhor Escola","description":"Durante a pandemia, pudemos perceber a grande expans\u00e3o do EAD no Brasi e com ela a necessidade de capacita\u00e7\u00e3o dos professores para esse m\u00e9todo de ensino.","robots":{"index":"index","follow":"follow","max-snippet":"max-snippet:-1","max-image-preview":"max-image-preview:large","max-video-preview":"max-video-preview:-1"},"canonical":"https:\/\/www.melhorescola.com.br\/blog\/capacitacao-de-professores-para-o-ensino-hibrido\/","og_locale":"pt_BR","og_type":"article","og_title":"Capacita\u00e7\u00e3o de professores para o ensino h\u00edbrido - Blog do Melhor Escola","og_description":"Durante a pandemia, pudemos perceber a grande expans\u00e3o do EAD no Brasi e com ela a necessidade de capacita\u00e7\u00e3o dos professores para esse m\u00e9todo de ensino.","og_url":"https:\/\/www.melhorescola.com.br\/blog\/capacitacao-de-professores-para-o-ensino-hibrido\/","og_site_name":"Blog do Melhor Escola","article_published_time":"2020-09-15T20:00:45+00:00","article_modified_time":"2024-05-27T17:05:39+00:00","og_image":[{"width":1600,"height":899,"url":"https:\/\/www.melhorescola.com.br\/blog\/wp-content\/uploads\/2020\/09\/Capacita\u00e7\u00e3o-de-professores.jpg","type":"image\/jpeg"}],"author":"Giovanna Cornelio","twitter_card":"summary_large_image","twitter_misc":{"Escrito por":"Giovanna Cornelio","Est. tempo de leitura":"4 minutos"},"schema":{"@context":"https:\/\/schema.org","@graph":[{"@type":"Article","@id":"https:\/\/www.melhorescola.com.br\/blog\/capacitacao-de-professores-para-o-ensino-hibrido\/#article","isPartOf":{"@id":"https:\/\/www.melhorescola.com.br\/blog\/capacitacao-de-professores-para-o-ensino-hibrido\/"},"author":{"name":"Giovanna Cornelio","@id":"https:\/\/www.melhorescola.com.br\/blog\/#\/schema\/person\/a8130f642d970c5c243b071e1e097903"},"headline":"Capacita\u00e7\u00e3o de professores para o ensino h\u00edbrido","datePublished":"2020-09-15T20:00:45+00:00","dateModified":"2024-05-27T17:05:39+00:00","mainEntityOfPage":{"@id":"https:\/\/www.melhorescola.com.br\/blog\/capacitacao-de-professores-para-o-ensino-hibrido\/"},"wordCount":893,"commentCount":0,"publisher":{"@id":"https:\/\/www.melhorescola.com.br\/blog\/#organization"},"image":{"@id":"https:\/\/www.melhorescola.com.br\/blog\/capacitacao-de-professores-para-o-ensino-hibrido\/#primaryimage"},"thumbnailUrl":"https:\/\/www.melhorescola.com.br\/blog\/wp-content\/uploads\/2020\/09\/Capacita\u00e7\u00e3o-de-professores.jpg","keywords":["capacita\u00e7\u00e3o de professores","cen\u00e1rio p\u00f3s-pandemia","ensino h\u00edbrido","tecnologia e educa\u00e7\u00e3o"],"articleSection":["Tecnologia"],"inLanguage":"pt-BR","potentialAction":[{"@type":"CommentAction","name":"Comment","target":["https:\/\/www.melhorescola.com.br\/blog\/capacitacao-de-professores-para-o-ensino-hibrido\/#respond"]}]},{"@type":"WebPage","@id":"https:\/\/www.melhorescola.com.br\/blog\/capacitacao-de-professores-para-o-ensino-hibrido\/","url":"https:\/\/www.melhorescola.com.br\/blog\/capacitacao-de-professores-para-o-ensino-hibrido\/","name":"Capacita\u00e7\u00e3o de professores para o ensino h\u00edbrido - Blog do Melhor Escola","isPartOf":{"@id":"https:\/\/www.melhorescola.com.br\/blog\/#website"},"primaryImageOfPage":{"@id":"https:\/\/www.melhorescola.com.br\/blog\/capacitacao-de-professores-para-o-ensino-hibrido\/#primaryimage"},"image":{"@id":"https:\/\/www.melhorescola.com.br\/blog\/capacitacao-de-professores-para-o-ensino-hibrido\/#primaryimage"},"thumbnailUrl":"https:\/\/www.melhorescola.com.br\/blog\/wp-content\/uploads\/2020\/09\/Capacita\u00e7\u00e3o-de-professores.jpg","datePublished":"2020-09-15T20:00:45+00:00","dateModified":"2024-05-27T17:05:39+00:00","description":"Durante a pandemia, pudemos perceber a grande expans\u00e3o do EAD no Brasi e com ela a necessidade de capacita\u00e7\u00e3o dos professores para esse m\u00e9todo de ensino.","breadcrumb":{"@id":"https:\/\/www.melhorescola.com.br\/blog\/capacitacao-de-professores-para-o-ensino-hibrido\/#breadcrumb"},"inLanguage":"pt-BR","potentialAction":[{"@type":"ReadAction","target":["https:\/\/www.melhorescola.com.br\/blog\/capacitacao-de-professores-para-o-ensino-hibrido\/"]}]},{"@type":"ImageObject","inLanguage":"pt-BR","@id":"https:\/\/www.melhorescola.com.br\/blog\/capacitacao-de-professores-para-o-ensino-hibrido\/#primaryimage","url":"https:\/\/www.melhorescola.com.br\/blog\/wp-content\/uploads\/2020\/09\/Capacita\u00e7\u00e3o-de-professores.jpg","contentUrl":"https:\/\/www.melhorescola.com.br\/blog\/wp-content\/uploads\/2020\/09\/Capacita\u00e7\u00e3o-de-professores.jpg","width":1600,"height":899,"caption":"capacita\u00e7\u00e3o de professores"},{"@type":"BreadcrumbList","@id":"https:\/\/www.melhorescola.com.br\/blog\/capacitacao-de-professores-para-o-ensino-hibrido\/#breadcrumb","itemListElement":[{"@type":"ListItem","position":1,"name":"In\u00edcio","item":"https:\/\/www.melhorescola.com.br\/blog\/"},{"@type":"ListItem","position":2,"name":"Capacita\u00e7\u00e3o de professores para o ensino h\u00edbrido"}]},{"@type":"WebSite","@id":"https:\/\/www.melhorescola.com.br\/blog\/#website","url":"https:\/\/www.melhorescola.com.br\/blog\/","name":"Blog do Melhor Escola","description":"Veja conte\u00fados sobre capta\u00e7\u00e3o de alunos, gest\u00e3o escolar, marketing educacional, universo pedag\u00f3gico e muito mais!","publisher":{"@id":"https:\/\/www.melhorescola.com.br\/blog\/#organization"},"potentialAction":[{"@type":"SearchAction","target":{"@type":"EntryPoint","urlTemplate":"https:\/\/www.melhorescola.com.br\/blog\/?s={search_term_string}"},"query-input":{"@type":"PropertyValueSpecification","valueRequired":true,"valueName":"search_term_string"}}],"inLanguage":"pt-BR"},{"@type":"Organization","@id":"https:\/\/www.melhorescola.com.br\/blog\/#organization","name":"Melhor Escola B2B","url":"https:\/\/www.melhorescola.com.br\/blog\/","logo":{"@type":"ImageObject","inLanguage":"pt-BR","@id":"https:\/\/www.melhorescola.com.br\/blog\/#\/schema\/logo\/image\/","url":"https:\/\/www.melhorescola.com.br\/blog\/wp-content\/uploads\/2024\/06\/images-removebg-preview-2.png","contentUrl":"https:\/\/www.melhorescola.com.br\/blog\/wp-content\/uploads\/2024\/06\/images-removebg-preview-2.png","width":148,"height":148,"caption":"Melhor Escola B2B"},"image":{"@id":"https:\/\/www.melhorescola.com.br\/blog\/#\/schema\/logo\/image\/"}},{"@type":"Person","@id":"https:\/\/www.melhorescola.com.br\/blog\/#\/schema\/person\/a8130f642d970c5c243b071e1e097903","name":"Giovanna Cornelio","image":{"@type":"ImageObject","inLanguage":"pt-BR","@id":"https:\/\/secure.gravatar.com\/avatar\/071456c625eefd564a4918e1e82867d8b866a613c726d360bd83fd57ad104f49?s=96&d=mm&r=g","url":"https:\/\/secure.gravatar.com\/avatar\/071456c625eefd564a4918e1e82867d8b866a613c726d360bd83fd57ad104f49?s=96&d=mm&r=g","contentUrl":"https:\/\/secure.gravatar.com\/avatar\/071456c625eefd564a4918e1e82867d8b866a613c726d360bd83fd57ad104f49?s=96&d=mm&r=g","caption":"Giovanna Cornelio"},"description":"Jornalista por dentro e por fora. Acredito que o conhecimento leva o ser humano a descobertas que transformam sua pr\u00f3pria exist\u00eancia.","url":"https:\/\/www.melhorescola.com.br\/blog\/author\/giovanna-oliveira\/"}]}},"_links":{"self":[{"href":"https:\/\/www.melhorescola.com.br\/blog\/wp-json\/wp\/v2\/posts\/2583","targetHints":{"allow":["GET"]}}],"collection":[{"href":"https:\/\/www.melhorescola.com.br\/blog\/wp-json\/wp\/v2\/posts"}],"about":[{"href":"https:\/\/www.melhorescola.com.br\/blog\/wp-json\/wp\/v2\/types\/post"}],"author":[{"embeddable":true,"href":"https:\/\/www.melhorescola.com.br\/blog\/wp-json\/wp\/v2\/users\/7"}],"replies":[{"embeddable":true,"href":"https:\/\/www.melhorescola.com.br\/blog\/wp-json\/wp\/v2\/comments?post=2583"}],"version-history":[{"count":8,"href":"https:\/\/www.melhorescola.com.br\/blog\/wp-json\/wp\/v2\/posts\/2583\/revisions"}],"predecessor-version":[{"id":23287,"href":"https:\/\/www.melhorescola.com.br\/blog\/wp-json\/wp\/v2\/posts\/2583\/revisions\/23287"}],"wp:featuredmedia":[{"embeddable":true,"href":"https:\/\/www.melhorescola.com.br\/blog\/wp-json\/wp\/v2\/media\/2584"}],"wp:attachment":[{"href":"https:\/\/www.melhorescola.com.br\/blog\/wp-json\/wp\/v2\/media?parent=2583"}],"wp:term":[{"taxonomy":"category","embeddable":true,"href":"https:\/\/www.melhorescola.com.br\/blog\/wp-json\/wp\/v2\/categories?post=2583"},{"taxonomy":"post_tag","embeddable":true,"href":"https:\/\/www.melhorescola.com.br\/blog\/wp-json\/wp\/v2\/tags?post=2583"}],"curies":[{"name":"wp","href":"https:\/\/api.w.org\/{rel}","templated":true}]}}