{"id":25312,"date":"2026-06-22T16:11:52","date_gmt":"2026-06-22T19:11:52","guid":{"rendered":"https:\/\/www.melhorescola.com.br\/blog\/?p=25312"},"modified":"2026-06-22T16:13:10","modified_gmt":"2026-06-22T19:13:10","slug":"o-que-trabalhar-no-dia-mundia-do-meio-ambiente","status":"publish","type":"post","link":"https:\/\/www.melhorescola.com.br\/blog\/o-que-trabalhar-no-dia-mundia-do-meio-ambiente\/","title":{"rendered":"O que trabalhar no Dia Mundial do Meio Ambiente para engajar a comunidade escolar"},"content":{"rendered":"\n<p class=\"wp-block-paragraph\"><strong>Em resumo:<\/strong><\/p>\n\n\n\n<ul class=\"wp-block-list\">\n<li>A educa\u00e7\u00e3o ambiental na escola contribui para a forma\u00e7\u00e3o de estudantes mais conscientes, respons\u00e1veis e participativos;<\/li>\n\n\n\n<li>A Semana do Meio Ambiente pode ser trabalhada com projetos, atividades e estrat\u00e9gias que envolvem toda a comunidade escolar;<\/li>\n\n\n\n<li>Quando a sustentabilidade faz parte da cultura da escola, o cuidado com o meio ambiente se torna uma pr\u00e1tica cont\u00ednua durante todo o ano letivo.<\/li>\n<\/ul>\n\n\n\n<p class=\"wp-block-paragraph\">Celebrado em 5 de junho, o <strong>Dia Mundial do Meio Ambiente<\/strong> \u00e9 uma oportunidade para refletir sobre os desafios ambientais da atualidade e o papel de cada pessoa na constru\u00e7\u00e3o de um futuro mais sustent\u00e1vel.<\/p>\n\n\n\n<ul class=\"wp-block-list\">\n<li><a href=\"https:\/\/escolas.quero.com\/capte-alunos?utm_source=blog&amp;utm_medium=cta-artigo&amp;utm_campaign=sejaumparceiro\" target=\"_blank\" rel=\"noreferrer noopener\">Fale com um especialista e descubra como captar novos alunos para sua escola<\/a><\/li>\n<\/ul>\n\n\n\n<p class=\"wp-block-paragraph\">No contexto escolar, a data abre espa\u00e7o para discuss\u00f5es importantes sobre cidadania, consumo consciente, preserva\u00e7\u00e3o dos recursos naturais e responsabilidade coletiva, temas cada vez mais relevantes na forma\u00e7\u00e3o de crian\u00e7as e adolescentes.<\/p>\n\n\n\n<p class=\"wp-block-paragraph\">Al\u00e9m de trazer a\u00e7\u00f5es pontuais durante a <strong>Semana do Meio Ambiente<\/strong>, as escolas podem aproveitar esse momento para fortalecer projetos e pr\u00e1ticas que <a href=\"https:\/\/www.melhorescola.com.br\/blog\/atividades-sobre-sustentabilidade\/\" target=\"_blank\" rel=\"noreferrer noopener\">incentivem a sustentabilidade<\/a> <strong>ao longo de todo o ano letivo<\/strong>.<\/p>\n\n\n\n<p class=\"wp-block-paragraph\">Mas, afinal, <strong>o que trabalhar no Dia Mundial do Meio Ambiente?<\/strong> Neste artigo, voc\u00ea vai conferir temas, projetos e atividades para abordar a educa\u00e7\u00e3o ambiental de forma significativa, al\u00e9m de estrat\u00e9gias para integrar o assunto ao planejamento escolar e \u00e0 cultura da institui\u00e7\u00e3o.<\/p>\n\n\n\n<p class=\"wp-block-paragraph\"><strong>Veja os t\u00f3picos que vamos abordar:<\/strong><\/p>\n\n\n\n<ul class=\"wp-block-list\">\n<li>Por que trabalhar o Dia Mundial do Meio Ambiente na escola?<\/li>\n\n\n\n<li>O que trabalhar no Dia Mundial do Meio Ambiente?<\/li>\n\n\n\n<li>Quais temas trabalhar na Semana do Meio Ambiente?<\/li>\n\n\n\n<li>Quais atividades fazer para o Dia Mundial do Meio Ambiente?<\/li>\n\n\n\n<li>Como transformar a educa\u00e7\u00e3o ambiental em parte da cultura escolar?<\/li>\n<\/ul>\n\n\n\n<figure class=\"wp-block-image size-full\"><img fetchpriority=\"high\" decoding=\"async\" width=\"830\" height=\"553\" src=\"https:\/\/www.melhorescola.com.br\/blog\/wp-content\/uploads\/2026\/06\/3.png\" alt=\"crian\u00e7as plantando uma \u00e1rvore na terra \" class=\"wp-image-25314\" srcset=\"https:\/\/www.melhorescola.com.br\/blog\/wp-content\/uploads\/2026\/06\/3.png 830w, https:\/\/www.melhorescola.com.br\/blog\/wp-content\/uploads\/2026\/06\/3-800x533.png 800w, https:\/\/www.melhorescola.com.br\/blog\/wp-content\/uploads\/2026\/06\/3-768x512.png 768w\" sizes=\"(max-width: 830px) 100vw, 830px\" \/><\/figure>\n\n\n\n<h2 class=\"wp-block-heading\">Por que trabalhar o Dia Mundial do Meio Ambiente na escola?<\/h2>\n\n\n\n<p class=\"wp-block-paragraph\">O <strong>Dia Mundial do Meio Ambiente <\/strong>\u00e9 uma oportunidade para levar os estudantes a refletirem sobre a <strong>rela\u00e7\u00e3o entre sociedade, natureza e futuro<\/strong>.&nbsp;<\/p>\n\n\n\n<p class=\"wp-block-paragraph\">A escola pode aproveitar o momento para incentivar valores, atitudes sustent\u00e1veis e uma vis\u00e3o mais consciente sobre os impactos das escolhas do dia a dia.<\/p>\n\n\n\n<p class=\"wp-block-paragraph\">Nesse contexto, quando integrada \u00e0 rotina escolar, e n\u00e3o apenas a uma data espec\u00edfica, a educa\u00e7\u00e3o ambiental contribui para a forma\u00e7\u00e3o de cidad\u00e3os mais respons\u00e1veis e participativos<strong>.<\/strong><\/p>\n\n\n\n<h3 class=\"wp-block-heading\">Educa\u00e7\u00e3o ambiental vai al\u00e9m da conscientiza\u00e7\u00e3o<\/h3>\n\n\n\n<p class=\"wp-block-paragraph\"><a href=\"https:\/\/www.melhorescola.com.br\/blog\/socioambiental\/\" target=\"_blank\" rel=\"noreferrer noopener\">Trabalhar o meio ambiente na escola<\/a> n\u00e3o significa apenas falar sobre preserva\u00e7\u00e3o ou reciclagem.\u00a0<\/p>\n\n\n\n<p class=\"wp-block-paragraph\">O tema envolve discutir temas mais profundos como consumo consciente, desperd\u00edcios, recursos naturais e responsabilidade coletiva, sempre conectando o aprendizado \u00e0 realidade dos estudantes.<\/p>\n\n\n\n<h3 class=\"wp-block-heading\">O papel da escola na forma\u00e7\u00e3o de h\u00e1bitos sustent\u00e1veis<\/h3>\n\n\n\n<p class=\"wp-block-paragraph\">A escola tem um papel importante na constru\u00e7\u00e3o de h\u00e1bitos que acompanham os alunos dentro e fora do ambiente escolar. Por meio de projetos e pr\u00e1ticas sustent\u00e1veis, toda a <a href=\"https:\/\/www.melhorescola.com.br\/blog\/comunidade-escolar\/\" target=\"_blank\" rel=\"noreferrer noopener\">comunidade escolar<\/a> pode participar da cria\u00e7\u00e3o de uma cultura de cuidado com o planeta.<\/p>\n\n\n\n<p class=\"wp-block-paragraph\">Ao participar de iniciativas ambientais, os estudantes entendem que pequenas a\u00e7\u00f5es individuais tamb\u00e9m fazem parte de grandes transforma\u00e7\u00f5es e a partir disso, podem desenvolver habilidades como autonomia, senso de responsabilidade e protagonismo.<\/p>\n\n\n\n<figure class=\"wp-block-table\"><table class=\"has-fixed-layout\"><tbody><tr><td><strong>Educa\u00e7\u00e3o ambiental na escola: benef\u00edcios para os estudantes<\/strong><br>\u2714 Desenvolvimento do pensamento cr\u00edtico;<br>\u2714 Consci\u00eancia sobre consumo e desperd\u00edcio;<br>\u2714 Responsabilidade coletiva;<br>\u2714 Protagonismo estudantil;<br>\u2714 Aprendizagem conectada \u00e0 realidade.<\/td><\/tr><\/tbody><\/table><\/figure>\n\n\n\n<h2 class=\"wp-block-heading\">O que trabalhar no Dia Mundial do Meio Ambiente?<\/h2>\n\n\n\n<p class=\"wp-block-paragraph\">Ao planejar <strong>a\u00e7\u00f5es para o Dia Mundial do Meio Ambiente<\/strong>, as escolas podem trabalhar temas que aproximem os estudantes dos desafios ambientais atuais e incentivem atitudes mais sustent\u00e1veis no dia a dia.<\/p>\n\n\n\n<p class=\"wp-block-paragraph\">A data pode ser <strong>um ponto de partida <\/strong>para projetos, debates e atividades interdisciplinares que abordem sobre consci\u00eancia, participa\u00e7\u00e3o e responsabilidade coletiva e se desenvolvam durante todo o ano letivo.&nbsp;<\/p>\n\n\n\n<p class=\"wp-block-paragraph\">Confira alguns temas que podem fazer parte desse trabalho:<\/p>\n\n\n\n<h3 class=\"wp-block-heading\">1. Consumo consciente e uso respons\u00e1vel dos recursos<\/h3>\n\n\n\n<p class=\"wp-block-paragraph\">Refletir sobre h\u00e1bitos de consumo \u00e9 uma forma de mostrar aos estudantes como pequenas escolhas podem gerar impactos positivos.<\/p>\n\n\n\n<p class=\"wp-block-paragraph\">A escola pode abordar temas como desperd\u00edcio de alimentos, <a href=\"https:\/\/www.melhorescola.com.br\/blog\/dia-da-agua-2025\/\" target=\"_blank\" rel=\"noreferrer noopener\">economia de \u00e1gua<\/a> e energia, reaproveitamento de materiais e redu\u00e7\u00e3o do uso de descart\u00e1veis.<\/p>\n\n\n\n<h3 class=\"wp-block-heading\">2. Reciclagem e gest\u00e3o de res\u00edduos<\/h3>\n\n\n\n<p class=\"wp-block-paragraph\">A rela\u00e7\u00e3o com os res\u00edduos produzidos diariamente tamb\u00e9m \u00e9 um tema importante para a educa\u00e7\u00e3o ambiental.<\/p>\n\n\n\n<p class=\"wp-block-paragraph\">Al\u00e9m de ensinar sobre separa\u00e7\u00e3o correta e coleta seletiva, a escola pode discutir reutiliza\u00e7\u00e3o, redu\u00e7\u00e3o de desperd\u00edcios e o <a href=\"https:\/\/www.melhorescola.com.br\/blog\/sustentabilidade-na-escola-como-respeitar-o-planeta\/\" target=\"_blank\" rel=\"noreferrer noopener\">conceito de economia circular<\/a>.<\/p>\n\n\n\n<h3 class=\"wp-block-heading\">3. Mudan\u00e7as clim\u00e1ticas e preserva\u00e7\u00e3o da biodiversidade<\/h3>\n\n\n\n<p class=\"wp-block-paragraph\">Quest\u00f5es como aquecimento global, eventos clim\u00e1ticos extremos e conserva\u00e7\u00e3o dos ecossistemas ajudam os alunos a compreenderem os desafios ambientais do presente.<\/p>\n\n\n\n<p class=\"wp-block-paragraph\">A abordagem pode incluir estudos sobre fauna, flora e os biomas brasileiros, conectando o conte\u00fado \u00e0 realidade local dos estudantes.<\/p>\n\n\n\n<figure class=\"wp-block-image size-full\"><img decoding=\"async\" width=\"830\" height=\"553\" data-src=\"https:\/\/www.melhorescola.com.br\/blog\/wp-content\/uploads\/2026\/06\/1-1.png\" alt=\"crian\u00e7as explorando o globo terrestre em sala de aula\" class=\"wp-image-25316 lazyload\" data-srcset=\"https:\/\/www.melhorescola.com.br\/blog\/wp-content\/uploads\/2026\/06\/1-1.png 830w, https:\/\/www.melhorescola.com.br\/blog\/wp-content\/uploads\/2026\/06\/1-1-800x533.png 800w, https:\/\/www.melhorescola.com.br\/blog\/wp-content\/uploads\/2026\/06\/1-1-768x512.png 768w\" data-sizes=\"(max-width: 830px) 100vw, 830px\" src=\"data:image\/svg+xml;base64,PHN2ZyB3aWR0aD0iMSIgaGVpZ2h0PSIxIiB4bWxucz0iaHR0cDovL3d3dy53My5vcmcvMjAwMC9zdmciPjwvc3ZnPg==\" style=\"--smush-placeholder-width: 830px; --smush-placeholder-aspect-ratio: 830\/553;\" \/><\/figure>\n\n\n\n<h3 class=\"wp-block-heading\">4. Cidadania ambiental e responsabilidade coletiva<\/h3>\n\n\n\n<p class=\"wp-block-paragraph\">Mais importante do que aprender conceitos, os estudantes precisam entender que eles tamb\u00e9m fazem parte das solu\u00e7\u00f5es.<\/p>\n\n\n\n<p class=\"wp-block-paragraph\">Projetos ambientais envolvendo alunos, professores, fam\u00edlias e colaboradores fortalecem a participa\u00e7\u00e3o da comunidade escolar e contribuem para a forma\u00e7\u00e3o de cidad\u00e3os mais conscientes.<\/p>\n\n\n\n<h2 class=\"wp-block-heading\">Quais temas trabalhar na Semana do Meio Ambiente?<\/h2>\n\n\n\n<p class=\"wp-block-paragraph\">A <strong>Semana do Meio Ambiente (dias que antecedem o 5 de junho) <\/strong>pode ser planejada como uma sequ\u00eancia de experi\u00eancias que envolvem reflex\u00e3o, pesquisa e participa\u00e7\u00e3o dos estudantes.<\/p>\n\n\n\n<p class=\"wp-block-paragraph\">Em vez de concentrar todas as a\u00e7\u00f5es em um \u00fanico dia,<strong> a escola pode criar uma programa\u00e7\u00e3o ao longo da semana<\/strong>, conectando diferentes \u00e1reas do conhecimento e aproximando o tema da rotina dos alunos.<\/p>\n\n\n\n<p class=\"wp-block-paragraph\">Confira um exemplo de organiza\u00e7\u00e3o:<\/p>\n\n\n\n<figure class=\"wp-block-table\"><table class=\"has-fixed-layout\"><tbody><tr><td><strong>Dia<\/strong><\/td><td><strong>Tema central<\/strong><\/td><td><strong>Sugest\u00f5es de abordagem<\/strong><\/td><\/tr><tr><td><strong>1\u00ba dia<\/strong><\/td><td>Conhecendo os desafios ambientais<\/td><td>Apresentar os principais problemas ambientais atuais por meio de <a href=\"https:\/\/www.melhorescola.com.br\/blog\/roda-de-conversa\/\" target=\"_blank\" rel=\"noreferrer noopener\">rodas de conversa<\/a>, pesquisas, v\u00eddeos ou debates.<\/td><\/tr><tr><td><strong>2\u00ba dia<\/strong><\/td><td>Consumo consciente e sustentabilidade<\/td><td>Trabalhar h\u00e1bitos do cotidiano, como redu\u00e7\u00e3o de desperd\u00edcios, uso respons\u00e1vel dos recursos e reaproveitamento de materiais.<\/td><\/tr><tr><td><strong>3\u00ba dia<\/strong><\/td><td>Reciclagem e cuidado com os res\u00edduos<\/td><td>Explorar a separa\u00e7\u00e3o correta dos materiais, coleta seletiva e a\u00e7\u00f5es pr\u00e1ticas de redu\u00e7\u00e3o de lixo na escola.<\/td><\/tr><tr><td><strong>4\u00ba dia<\/strong><\/td><td>Biodiversidade e preserva\u00e7\u00e3o da natureza<\/td><td>Abordar fauna, flora, biomas brasileiros e a import\u00e2ncia da conserva\u00e7\u00e3o dos ecossistemas.<\/td><\/tr><tr><td><strong>5\u00ba dia<\/strong><\/td><td>Protagonismo e a\u00e7\u00e3o coletiva<\/td><td>Incentivar os estudantes a apresentarem projetos, campanhas ou solu\u00e7\u00f5es sustent\u00e1veis para a comunidade escolar.<\/td><\/tr><\/tbody><\/table><\/figure>\n\n\n\n<p class=\"wp-block-paragraph\">Esse formato permite que a escola<strong> trabalhe a educa\u00e7\u00e3o ambiental de <\/strong><a href=\"https:\/\/www.melhorescola.com.br\/blog\/projeto-interdisciplinar\/\" target=\"_blank\" rel=\"noreferrer noopener\"><strong>forma interdisciplinar<\/strong><\/a>, transformando a data em uma oportunidade de aprendizagem significativa.<\/p>\n\n\n\n<h2 class=\"wp-block-heading\">Como trabalhar a favor do meio ambiente na escola?<\/h2>\n\n\n\n<p class=\"wp-block-paragraph\">Al\u00e9m das a\u00e7\u00f5es realizadas durante a <strong>Semana do Meio Ambiente<\/strong>, a escola pode <strong>incorporar pr\u00e1ticas sustent\u00e1veis \u00e0 sua rotina<\/strong> e fortalecer uma cultura de cuidado com o planeta durante todo o ano letivo.<\/p>\n\n\n\n<figure class=\"wp-block-image size-full\"><img decoding=\"async\" width=\"830\" height=\"553\" data-src=\"https:\/\/www.melhorescola.com.br\/blog\/wp-content\/uploads\/2026\/06\/2.png\" alt=\"crian\u00e7as aprendendo sobre sustentabilidade e reciclagem no dia do meio ambiente\" class=\"wp-image-25315 lazyload\" data-srcset=\"https:\/\/www.melhorescola.com.br\/blog\/wp-content\/uploads\/2026\/06\/2.png 830w, https:\/\/www.melhorescola.com.br\/blog\/wp-content\/uploads\/2026\/06\/2-800x533.png 800w, https:\/\/www.melhorescola.com.br\/blog\/wp-content\/uploads\/2026\/06\/2-768x512.png 768w\" data-sizes=\"(max-width: 830px) 100vw, 830px\" src=\"data:image\/svg+xml;base64,PHN2ZyB3aWR0aD0iMSIgaGVpZ2h0PSIxIiB4bWxucz0iaHR0cDovL3d3dy53My5vcmcvMjAwMC9zdmciPjwvc3ZnPg==\" style=\"--smush-placeholder-width: 830px; --smush-placeholder-aspect-ratio: 830\/553;\" \/><\/figure>\n\n\n\n<p class=\"wp-block-paragraph\"><strong>Veja 10 estrat\u00e9gias que podem fazer parte desse processo:<\/strong><\/p>\n\n\n\n<h3 class=\"wp-block-heading\">1. Criar uma pol\u00edtica de sustentabilidade escolar<\/h3>\n\n\n\n<p class=\"wp-block-paragraph\">Definir objetivos e pr\u00e1ticas ambientais ajuda a orientar as a\u00e7\u00f5es da institui\u00e7\u00e3o e envolver toda a comunidade escolar.<\/p>\n\n\n\n<h3 class=\"wp-block-heading\">2. Desenvolver projetos interdisciplinares<\/h3>\n\n\n\n<p class=\"wp-block-paragraph\">O tema meio ambiente pode ser integrado a diferentes \u00e1reas do conhecimento, tornando o aprendizado mais conectado \u00e0 realidade dos estudantes.<\/p>\n\n\n\n<h3 class=\"wp-block-heading\">3. Implantar a coleta seletiva<\/h3>\n\n\n\n<p class=\"wp-block-paragraph\">Organizar a separa\u00e7\u00e3o correta dos res\u00edduos na escola contribui para criar h\u00e1bitos sustent\u00e1veis e conscientizar alunos e colaboradores.<\/p>\n\n\n\n<h3 class=\"wp-block-heading\">4. Criar campanhas de redu\u00e7\u00e3o de desperd\u00edcios<\/h3>\n\n\n\n<p class=\"wp-block-paragraph\">A\u00e7\u00f5es sobre economia de \u00e1gua, energia, alimentos e materiais estimulam mudan\u00e7as simples no cotidiano.<\/p>\n\n\n\n<h3 class=\"wp-block-heading\">5. Incentivar o protagonismo estudantil<\/h3>\n\n\n\n<p class=\"wp-block-paragraph\">Dar espa\u00e7o para que os alunos criem projetos e proponham solu\u00e7\u00f5es fortalece a autonomia e o senso de responsabilidade.<\/p>\n\n\n\n<h3 class=\"wp-block-heading\">6. Desenvolver uma horta e compostagem<\/h3>\n\n\n\n<p class=\"wp-block-paragraph\">Essas iniciativas aproximam os estudantes dos ciclos da natureza e mostram, na pr\u00e1tica, conceitos de sustentabilidade.<\/p>\n\n\n\n<h3 class=\"wp-block-heading\">7. Realizar uma feira de trocas<\/h3>\n\n\n\n<p class=\"wp-block-paragraph\">Trocas de livros, brinquedos, uniformes e outros materiais incentivam o consumo consciente e o reaproveitamento.<\/p>\n\n\n\n<h3 class=\"wp-block-heading\">8. Estabelecer metas ambientais<\/h3>\n\n\n\n<p class=\"wp-block-paragraph\">A escola pode acompanhar avan\u00e7os, como redu\u00e7\u00e3o de res\u00edduos ou economia de recursos, criando objetivos sustent\u00e1veis.<\/p>\n\n\n\n<h3 class=\"wp-block-heading\">9. Envolver fam\u00edlias e comunidade<\/h3>\n\n\n\n<p class=\"wp-block-paragraph\">A participa\u00e7\u00e3o de todos amplia o impacto das a\u00e7\u00f5es e fortalece a constru\u00e7\u00e3o de valores ambientais.<\/p>\n\n\n\n<h3 class=\"wp-block-heading\">10. Criar parcerias e projetos com a comunidade<\/h3>\n\n\n\n<p class=\"wp-block-paragraph\">Parcerias com institui\u00e7\u00f5es, projetos locais e iniciativas ambientais podem ampliar as experi\u00eancias dos estudantes.<\/p>\n\n\n\n<h2 class=\"wp-block-heading\">Quais atividades fazer para o Dia Mundial do Meio Ambiente?<\/h2>\n\n\n\n<p class=\"wp-block-paragraph\">Para tornar o<strong> Dia Mundial do Meio Ambiente <\/strong>uma experi\u00eancia significativa, a escola pode adaptar as atividades conforme a faixa et\u00e1ria dos estudantes.&nbsp;<\/p>\n\n\n\n<p class=\"wp-block-paragraph\">Dessa forma, o tema \u00e9 trabalhado de maneira adequada ao desenvolvimento de cada turma, incentivando participa\u00e7\u00e3o e protagonismo.<\/p>\n\n\n\n<p class=\"wp-block-paragraph\">Confira algumas ideias:<\/p>\n\n\n\n<figure class=\"wp-block-table\"><table class=\"has-fixed-layout\"><tbody><tr><td><strong>Etapa de ensino<\/strong><\/td><td><strong>Objetivo da atividade<\/strong><\/td><td><strong>Sugest\u00f5es de atividades<\/strong><\/td><\/tr><tr><td><strong>Educa\u00e7\u00e3o Infantil<\/strong><\/td><td>Desenvolver o cuidado com a natureza por meio da explora\u00e7\u00e3o e da viv\u00eancia<\/td><td>Plantio de mudas, cria\u00e7\u00e3o de uma <strong>horta e compostagem<\/strong>, observa\u00e7\u00e3o de plantas e animais, <a href=\"https:\/\/www.melhorescola.com.br\/blog\/contacao-de-historia-na-educacao-infantil\/\" target=\"_blank\" rel=\"noreferrer noopener\">conta\u00e7\u00e3o de hist\u00f3rias<\/a> sobre preserva\u00e7\u00e3o e oficinas com materiais reutilizados.<\/td><\/tr><tr><td><strong>Ensino Fundamental \u2013 Anos Iniciais<\/strong><\/td><td>Criar h\u00e1bitos sustent\u00e1veis e estimular a participa\u00e7\u00e3o dos alunos<\/td><td><strong>Gincana de reciclagem<\/strong>, jogos educativos, campanhas de redu\u00e7\u00e3o de desperd\u00edcios e atividades sobre consumo consciente.<\/td><\/tr><tr><td><strong>Ensino Fundamental \u2013 Anos Finais<\/strong><\/td><td>Incentivar reflex\u00e3o sobre impactos ambientais e busca por solu\u00e7\u00f5es<\/td><td><strong>Feira de trocas<\/strong> de livros, brinquedos e uniformes, projetos de investiga\u00e7\u00e3o sobre res\u00edduos da escola e a\u00e7\u00f5es de coleta seletiva.<\/td><\/tr><tr><td><strong>Ensino M\u00e9dio<\/strong><\/td><td>Fortalecer o pensamento cr\u00edtico e o protagonismo estudantil<\/td><td>Debates sobre mudan\u00e7as clim\u00e1ticas, auditoria ambiental da escola, produ\u00e7\u00e3o de campanhas e projetos sustent\u00e1veis envolvendo a comunidade.<\/td><\/tr><\/tbody><\/table><\/figure>\n\n\n\n<p class=\"wp-block-paragraph\">Ao <strong>adaptar as atividades para cada etapa<\/strong>, a escola consegue transformar o <strong>Dia Mundial do Meio Ambiente<\/strong> em uma oportunidade de aprendizagem pr\u00e1tica, interdisciplinar e conectada \u00e0 realidade dos estudantes.<\/p>\n\n\n\n<h2 class=\"wp-block-heading\">Como transformar a educa\u00e7\u00e3o ambiental em parte da cultura escolar?<\/h2>\n\n\n\n<p class=\"wp-block-paragraph\">Como vimos, o <strong>Dia Mundial do Meio Ambiente <\/strong>pode ser o ponto de partida para discuss\u00f5es importantes, mas a constru\u00e7\u00e3o de uma consci\u00eancia ambiental acontece quando o tema <strong>passa a fazer parte da rotina da escola<\/strong>.<\/p>\n\n\n\n<p class=\"wp-block-paragraph\">Nesse sentido, a educa\u00e7\u00e3o ambiental n\u00e3o deve ser vista apenas como um projeto realizado em uma semana espec\u00edfica, mas como <strong>uma pr\u00e1tica cont\u00ednua que acompanha a jornada dos estudantes<\/strong> e est\u00e1 presente nas experi\u00eancias do dia a dia.<\/p>\n\n\n\n<p class=\"wp-block-paragraph\">Quando a sustentabilidade \u00e9 incorporada \u00e0 cultura escolar, os alunos passam a compreender que cuidar do meio ambiente envolve tamb\u00e9m<strong> responsabilidade, colabora\u00e7\u00e3o e participa\u00e7\u00e3o social.<\/strong><\/p>\n\n\n\n<p class=\"wp-block-paragraph\">Nesse processo, a escola tem um papel essencial na forma\u00e7\u00e3o cidad\u00e3, ajudando os estudantes a desenvolverem <strong>autonomia, pensamento cr\u00edtico e consci\u00eancia sobre como suas atitudes impactam o mundo ao redor.<\/strong><\/p>\n\n\n\n<h2 class=\"wp-block-heading\">Quer atrair mais alunos sem gastar com an\u00fancios?<\/h2>\n\n\n\n<p class=\"wp-block-paragraph\">A <strong>Melhor Escola<\/strong> ajuda sua institui\u00e7\u00e3o a ganhar visibilidade e se conectar com fam\u00edlias que buscam por escolas comprometidas com desenvolvimento integral, participa\u00e7\u00e3o familiar e experi\u00eancias significativas para os alunos.<\/p>\n\n\n\n<p class=\"wp-block-paragraph\">Por meio da plataforma, sua escola amplia seu alcance, destaca seus diferenciais pedag\u00f3gicos e atrai novas matr\u00edculas de forma qualificada.<\/p>\n\n\n\n<p class=\"wp-block-paragraph\"><a href=\"https:\/\/escolas.quero.com\/capte-alunos?utm_source=blog&amp;utm_medium=cta-artigo&amp;utm_campaign=sejaumparceiro\" target=\"_blank\" rel=\"noreferrer noopener\">Fale com um especialista e descubra como aproximar ainda mais fam\u00edlias da proposta da sua escola<\/a>.<\/p>\n","protected":false},"excerpt":{"rendered":"<p>Em resumo: Celebrado em 5 de junho, o Dia Mundial do Meio Ambiente \u00e9 uma oportunidade para refletir sobre os desafios ambientais da atualidade e&hellip;<\/p>\n","protected":false},"author":27,"featured_media":25313,"comment_status":"open","ping_status":"open","sticky":false,"template":"","format":"standard","meta":{"footnotes":""},"categories":[262],"tags":[568],"class_list":["post-25312","post","type-post","status-publish","format-standard","has-post-thumbnail","hentry","category-ambiente-escolar","tag-o-que-trabalhar-no-dia-mundial-do-meio-ambiente"],"yoast_head":"<!-- This site is optimized with the Yoast SEO plugin v28.3 - https:\/\/yoast.com\/product\/yoast-seo-wordpress\/ -->\n<title>O que trabalhar no Dia Mundial do Meio Ambiente para engajar a comunidade escolar<\/title>\n<meta name=\"description\" content=\"O que trabalhar no Dia Mundial do Meio Ambiente? Confira ideias para projetos e a\u00e7\u00f5es de educa\u00e7\u00e3o ambiental na escola\" \/>\n<meta name=\"robots\" content=\"index, follow, max-snippet:-1, max-image-preview:large, max-video-preview:-1\" \/>\n<link rel=\"canonical\" href=\"https:\/\/www.melhorescola.com.br\/blog\/o-que-trabalhar-no-dia-mundia-do-meio-ambiente\/\" \/>\n<meta property=\"og:locale\" content=\"pt_BR\" \/>\n<meta property=\"og:type\" content=\"article\" \/>\n<meta property=\"og:title\" content=\"O que trabalhar no Dia Mundial do Meio Ambiente para engajar a comunidade escolar\" \/>\n<meta property=\"og:description\" content=\"O que trabalhar no Dia Mundial do Meio Ambiente? Confira ideias para projetos e a\u00e7\u00f5es de educa\u00e7\u00e3o ambiental na escola\" \/>\n<meta property=\"og:url\" content=\"https:\/\/www.melhorescola.com.br\/blog\/o-que-trabalhar-no-dia-mundia-do-meio-ambiente\/\" \/>\n<meta property=\"og:site_name\" content=\"Blog do Melhor Escola\" \/>\n<meta property=\"article:published_time\" content=\"2026-06-22T19:11:52+00:00\" \/>\n<meta property=\"article:modified_time\" content=\"2026-06-22T19:13:10+00:00\" \/>\n<meta property=\"og:image\" content=\"https:\/\/www.melhorescola.com.br\/blog\/wp-content\/uploads\/2026\/06\/ChatGPT-Image-22-de-jun.-de-2026-4.png\" \/>\n\t<meta property=\"og:image:width\" content=\"830\" \/>\n\t<meta property=\"og:image:height\" content=\"553\" \/>\n\t<meta property=\"og:image:type\" content=\"image\/png\" \/>\n<meta name=\"author\" content=\"Ana Paiva\" \/>\n<meta name=\"twitter:card\" content=\"summary_large_image\" \/>\n<meta name=\"twitter:label1\" content=\"Escrito por\" \/>\n\t<meta name=\"twitter:data1\" content=\"Ana Paiva\" \/>\n\t<meta name=\"twitter:label2\" content=\"Est. tempo de leitura\" \/>\n\t<meta name=\"twitter:data2\" content=\"11 minutos\" \/>\n<script type=\"application\/ld+json\" class=\"yoast-schema-graph\">{\"@context\":\"https:\\\/\\\/schema.org\",\"@graph\":[{\"@type\":\"Article\",\"@id\":\"https:\\\/\\\/www.melhorescola.com.br\\\/blog\\\/o-que-trabalhar-no-dia-mundia-do-meio-ambiente\\\/#article\",\"isPartOf\":{\"@id\":\"https:\\\/\\\/www.melhorescola.com.br\\\/blog\\\/o-que-trabalhar-no-dia-mundia-do-meio-ambiente\\\/\"},\"author\":{\"name\":\"Ana Paiva\",\"@id\":\"https:\\\/\\\/www.melhorescola.com.br\\\/blog\\\/#\\\/schema\\\/person\\\/5de2044c9fde0edd50d6f7cef3a23b5e\"},\"headline\":\"O que trabalhar no Dia Mundial do Meio Ambiente para engajar a comunidade escolar\",\"datePublished\":\"2026-06-22T19:11:52+00:00\",\"dateModified\":\"2026-06-22T19:13:10+00:00\",\"mainEntityOfPage\":{\"@id\":\"https:\\\/\\\/www.melhorescola.com.br\\\/blog\\\/o-que-trabalhar-no-dia-mundia-do-meio-ambiente\\\/\"},\"wordCount\":1873,\"commentCount\":0,\"publisher\":{\"@id\":\"https:\\\/\\\/www.melhorescola.com.br\\\/blog\\\/#organization\"},\"image\":{\"@id\":\"https:\\\/\\\/www.melhorescola.com.br\\\/blog\\\/o-que-trabalhar-no-dia-mundia-do-meio-ambiente\\\/#primaryimage\"},\"thumbnailUrl\":\"https:\\\/\\\/www.melhorescola.com.br\\\/blog\\\/wp-content\\\/uploads\\\/2026\\\/06\\\/ChatGPT-Image-22-de-jun.-de-2026-4.png\",\"keywords\":[\"o que trabalhar no dia mundial do meio ambiente\"],\"articleSection\":[\"Ambiente Escolar\"],\"inLanguage\":\"pt-BR\",\"potentialAction\":[{\"@type\":\"CommentAction\",\"name\":\"Comment\",\"target\":[\"https:\\\/\\\/www.melhorescola.com.br\\\/blog\\\/o-que-trabalhar-no-dia-mundia-do-meio-ambiente\\\/#respond\"]}]},{\"@type\":\"WebPage\",\"@id\":\"https:\\\/\\\/www.melhorescola.com.br\\\/blog\\\/o-que-trabalhar-no-dia-mundia-do-meio-ambiente\\\/\",\"url\":\"https:\\\/\\\/www.melhorescola.com.br\\\/blog\\\/o-que-trabalhar-no-dia-mundia-do-meio-ambiente\\\/\",\"name\":\"O que trabalhar no Dia Mundial do Meio Ambiente para engajar a comunidade escolar\",\"isPartOf\":{\"@id\":\"https:\\\/\\\/www.melhorescola.com.br\\\/blog\\\/#website\"},\"primaryImageOfPage\":{\"@id\":\"https:\\\/\\\/www.melhorescola.com.br\\\/blog\\\/o-que-trabalhar-no-dia-mundia-do-meio-ambiente\\\/#primaryimage\"},\"image\":{\"@id\":\"https:\\\/\\\/www.melhorescola.com.br\\\/blog\\\/o-que-trabalhar-no-dia-mundia-do-meio-ambiente\\\/#primaryimage\"},\"thumbnailUrl\":\"https:\\\/\\\/www.melhorescola.com.br\\\/blog\\\/wp-content\\\/uploads\\\/2026\\\/06\\\/ChatGPT-Image-22-de-jun.-de-2026-4.png\",\"datePublished\":\"2026-06-22T19:11:52+00:00\",\"dateModified\":\"2026-06-22T19:13:10+00:00\",\"description\":\"O que trabalhar no Dia Mundial do Meio Ambiente? Confira ideias para projetos e a\u00e7\u00f5es de educa\u00e7\u00e3o ambiental na escola\",\"breadcrumb\":{\"@id\":\"https:\\\/\\\/www.melhorescola.com.br\\\/blog\\\/o-que-trabalhar-no-dia-mundia-do-meio-ambiente\\\/#breadcrumb\"},\"inLanguage\":\"pt-BR\",\"potentialAction\":[{\"@type\":\"ReadAction\",\"target\":[\"https:\\\/\\\/www.melhorescola.com.br\\\/blog\\\/o-que-trabalhar-no-dia-mundia-do-meio-ambiente\\\/\"]}]},{\"@type\":\"ImageObject\",\"inLanguage\":\"pt-BR\",\"@id\":\"https:\\\/\\\/www.melhorescola.com.br\\\/blog\\\/o-que-trabalhar-no-dia-mundia-do-meio-ambiente\\\/#primaryimage\",\"url\":\"https:\\\/\\\/www.melhorescola.com.br\\\/blog\\\/wp-content\\\/uploads\\\/2026\\\/06\\\/ChatGPT-Image-22-de-jun.-de-2026-4.png\",\"contentUrl\":\"https:\\\/\\\/www.melhorescola.com.br\\\/blog\\\/wp-content\\\/uploads\\\/2026\\\/06\\\/ChatGPT-Image-22-de-jun.-de-2026-4.png\",\"width\":830,\"height\":553,\"caption\":\"destaque para o dia mundial do meio ambiente\"},{\"@type\":\"BreadcrumbList\",\"@id\":\"https:\\\/\\\/www.melhorescola.com.br\\\/blog\\\/o-que-trabalhar-no-dia-mundia-do-meio-ambiente\\\/#breadcrumb\",\"itemListElement\":[{\"@type\":\"ListItem\",\"position\":1,\"name\":\"In\u00edcio\",\"item\":\"https:\\\/\\\/www.melhorescola.com.br\\\/blog\\\/\"},{\"@type\":\"ListItem\",\"position\":2,\"name\":\"O que trabalhar no Dia Mundial do Meio Ambiente para engajar a comunidade escolar\"}]},{\"@type\":\"WebSite\",\"@id\":\"https:\\\/\\\/www.melhorescola.com.br\\\/blog\\\/#website\",\"url\":\"https:\\\/\\\/www.melhorescola.com.br\\\/blog\\\/\",\"name\":\"Blog do Melhor Escola\",\"description\":\"Veja conte\u00fados sobre capta\u00e7\u00e3o de alunos, gest\u00e3o escolar, marketing educacional, universo pedag\u00f3gico e muito mais!\",\"publisher\":{\"@id\":\"https:\\\/\\\/www.melhorescola.com.br\\\/blog\\\/#organization\"},\"potentialAction\":[{\"@type\":\"SearchAction\",\"target\":{\"@type\":\"EntryPoint\",\"urlTemplate\":\"https:\\\/\\\/www.melhorescola.com.br\\\/blog\\\/?s={search_term_string}\"},\"query-input\":{\"@type\":\"PropertyValueSpecification\",\"valueRequired\":true,\"valueName\":\"search_term_string\"}}],\"inLanguage\":\"pt-BR\"},{\"@type\":\"Organization\",\"@id\":\"https:\\\/\\\/www.melhorescola.com.br\\\/blog\\\/#organization\",\"name\":\"Melhor Escola B2B\",\"url\":\"https:\\\/\\\/www.melhorescola.com.br\\\/blog\\\/\",\"logo\":{\"@type\":\"ImageObject\",\"inLanguage\":\"pt-BR\",\"@id\":\"https:\\\/\\\/www.melhorescola.com.br\\\/blog\\\/#\\\/schema\\\/logo\\\/image\\\/\",\"url\":\"https:\\\/\\\/www.melhorescola.com.br\\\/blog\\\/wp-content\\\/uploads\\\/2024\\\/06\\\/images-removebg-preview-2.png\",\"contentUrl\":\"https:\\\/\\\/www.melhorescola.com.br\\\/blog\\\/wp-content\\\/uploads\\\/2024\\\/06\\\/images-removebg-preview-2.png\",\"width\":148,\"height\":148,\"caption\":\"Melhor Escola B2B\"},\"image\":{\"@id\":\"https:\\\/\\\/www.melhorescola.com.br\\\/blog\\\/#\\\/schema\\\/logo\\\/image\\\/\"}},{\"@type\":\"Person\",\"@id\":\"https:\\\/\\\/www.melhorescola.com.br\\\/blog\\\/#\\\/schema\\\/person\\\/5de2044c9fde0edd50d6f7cef3a23b5e\",\"name\":\"Ana Paiva\",\"image\":{\"@type\":\"ImageObject\",\"inLanguage\":\"pt-BR\",\"@id\":\"https:\\\/\\\/secure.gravatar.com\\\/avatar\\\/5733257f78af208ff1acf8031ec53d9032333f2e3847994a6f25fca799f29f1a?s=96&d=mm&r=g\",\"url\":\"https:\\\/\\\/secure.gravatar.com\\\/avatar\\\/5733257f78af208ff1acf8031ec53d9032333f2e3847994a6f25fca799f29f1a?s=96&d=mm&r=g\",\"contentUrl\":\"https:\\\/\\\/secure.gravatar.com\\\/avatar\\\/5733257f78af208ff1acf8031ec53d9032333f2e3847994a6f25fca799f29f1a?s=96&d=mm&r=g\",\"caption\":\"Ana Paiva\"},\"url\":\"https:\\\/\\\/www.melhorescola.com.br\\\/blog\\\/author\\\/ana-beatriz\\\/\"}]}<\/script>\n<!-- \/ Yoast SEO plugin. -->","yoast_head_json":{"title":"O que trabalhar no Dia Mundial do Meio Ambiente para engajar a comunidade escolar","description":"O que trabalhar no Dia Mundial do Meio Ambiente? Confira ideias para projetos e a\u00e7\u00f5es de educa\u00e7\u00e3o ambiental na escola","robots":{"index":"index","follow":"follow","max-snippet":"max-snippet:-1","max-image-preview":"max-image-preview:large","max-video-preview":"max-video-preview:-1"},"canonical":"https:\/\/www.melhorescola.com.br\/blog\/o-que-trabalhar-no-dia-mundia-do-meio-ambiente\/","og_locale":"pt_BR","og_type":"article","og_title":"O que trabalhar no Dia Mundial do Meio Ambiente para engajar a comunidade escolar","og_description":"O que trabalhar no Dia Mundial do Meio Ambiente? Confira ideias para projetos e a\u00e7\u00f5es de educa\u00e7\u00e3o ambiental na escola","og_url":"https:\/\/www.melhorescola.com.br\/blog\/o-que-trabalhar-no-dia-mundia-do-meio-ambiente\/","og_site_name":"Blog do Melhor Escola","article_published_time":"2026-06-22T19:11:52+00:00","article_modified_time":"2026-06-22T19:13:10+00:00","og_image":[{"width":830,"height":553,"url":"https:\/\/www.melhorescola.com.br\/blog\/wp-content\/uploads\/2026\/06\/ChatGPT-Image-22-de-jun.-de-2026-4.png","type":"image\/png"}],"author":"Ana Paiva","twitter_card":"summary_large_image","twitter_misc":{"Escrito por":"Ana Paiva","Est. tempo de leitura":"11 minutos"},"schema":{"@context":"https:\/\/schema.org","@graph":[{"@type":"Article","@id":"https:\/\/www.melhorescola.com.br\/blog\/o-que-trabalhar-no-dia-mundia-do-meio-ambiente\/#article","isPartOf":{"@id":"https:\/\/www.melhorescola.com.br\/blog\/o-que-trabalhar-no-dia-mundia-do-meio-ambiente\/"},"author":{"name":"Ana Paiva","@id":"https:\/\/www.melhorescola.com.br\/blog\/#\/schema\/person\/5de2044c9fde0edd50d6f7cef3a23b5e"},"headline":"O que trabalhar no Dia Mundial do Meio Ambiente para engajar a comunidade escolar","datePublished":"2026-06-22T19:11:52+00:00","dateModified":"2026-06-22T19:13:10+00:00","mainEntityOfPage":{"@id":"https:\/\/www.melhorescola.com.br\/blog\/o-que-trabalhar-no-dia-mundia-do-meio-ambiente\/"},"wordCount":1873,"commentCount":0,"publisher":{"@id":"https:\/\/www.melhorescola.com.br\/blog\/#organization"},"image":{"@id":"https:\/\/www.melhorescola.com.br\/blog\/o-que-trabalhar-no-dia-mundia-do-meio-ambiente\/#primaryimage"},"thumbnailUrl":"https:\/\/www.melhorescola.com.br\/blog\/wp-content\/uploads\/2026\/06\/ChatGPT-Image-22-de-jun.-de-2026-4.png","keywords":["o que trabalhar no dia mundial do meio ambiente"],"articleSection":["Ambiente Escolar"],"inLanguage":"pt-BR","potentialAction":[{"@type":"CommentAction","name":"Comment","target":["https:\/\/www.melhorescola.com.br\/blog\/o-que-trabalhar-no-dia-mundia-do-meio-ambiente\/#respond"]}]},{"@type":"WebPage","@id":"https:\/\/www.melhorescola.com.br\/blog\/o-que-trabalhar-no-dia-mundia-do-meio-ambiente\/","url":"https:\/\/www.melhorescola.com.br\/blog\/o-que-trabalhar-no-dia-mundia-do-meio-ambiente\/","name":"O que trabalhar no Dia Mundial do Meio Ambiente para engajar a comunidade escolar","isPartOf":{"@id":"https:\/\/www.melhorescola.com.br\/blog\/#website"},"primaryImageOfPage":{"@id":"https:\/\/www.melhorescola.com.br\/blog\/o-que-trabalhar-no-dia-mundia-do-meio-ambiente\/#primaryimage"},"image":{"@id":"https:\/\/www.melhorescola.com.br\/blog\/o-que-trabalhar-no-dia-mundia-do-meio-ambiente\/#primaryimage"},"thumbnailUrl":"https:\/\/www.melhorescola.com.br\/blog\/wp-content\/uploads\/2026\/06\/ChatGPT-Image-22-de-jun.-de-2026-4.png","datePublished":"2026-06-22T19:11:52+00:00","dateModified":"2026-06-22T19:13:10+00:00","description":"O que trabalhar no Dia Mundial do Meio Ambiente? Confira ideias para projetos e a\u00e7\u00f5es de educa\u00e7\u00e3o ambiental na escola","breadcrumb":{"@id":"https:\/\/www.melhorescola.com.br\/blog\/o-que-trabalhar-no-dia-mundia-do-meio-ambiente\/#breadcrumb"},"inLanguage":"pt-BR","potentialAction":[{"@type":"ReadAction","target":["https:\/\/www.melhorescola.com.br\/blog\/o-que-trabalhar-no-dia-mundia-do-meio-ambiente\/"]}]},{"@type":"ImageObject","inLanguage":"pt-BR","@id":"https:\/\/www.melhorescola.com.br\/blog\/o-que-trabalhar-no-dia-mundia-do-meio-ambiente\/#primaryimage","url":"https:\/\/www.melhorescola.com.br\/blog\/wp-content\/uploads\/2026\/06\/ChatGPT-Image-22-de-jun.-de-2026-4.png","contentUrl":"https:\/\/www.melhorescola.com.br\/blog\/wp-content\/uploads\/2026\/06\/ChatGPT-Image-22-de-jun.-de-2026-4.png","width":830,"height":553,"caption":"destaque para o dia mundial do meio ambiente"},{"@type":"BreadcrumbList","@id":"https:\/\/www.melhorescola.com.br\/blog\/o-que-trabalhar-no-dia-mundia-do-meio-ambiente\/#breadcrumb","itemListElement":[{"@type":"ListItem","position":1,"name":"In\u00edcio","item":"https:\/\/www.melhorescola.com.br\/blog\/"},{"@type":"ListItem","position":2,"name":"O que trabalhar no Dia Mundial do Meio Ambiente para engajar a comunidade escolar"}]},{"@type":"WebSite","@id":"https:\/\/www.melhorescola.com.br\/blog\/#website","url":"https:\/\/www.melhorescola.com.br\/blog\/","name":"Blog do Melhor Escola","description":"Veja conte\u00fados sobre capta\u00e7\u00e3o de alunos, gest\u00e3o escolar, marketing educacional, universo pedag\u00f3gico e muito mais!","publisher":{"@id":"https:\/\/www.melhorescola.com.br\/blog\/#organization"},"potentialAction":[{"@type":"SearchAction","target":{"@type":"EntryPoint","urlTemplate":"https:\/\/www.melhorescola.com.br\/blog\/?s={search_term_string}"},"query-input":{"@type":"PropertyValueSpecification","valueRequired":true,"valueName":"search_term_string"}}],"inLanguage":"pt-BR"},{"@type":"Organization","@id":"https:\/\/www.melhorescola.com.br\/blog\/#organization","name":"Melhor Escola B2B","url":"https:\/\/www.melhorescola.com.br\/blog\/","logo":{"@type":"ImageObject","inLanguage":"pt-BR","@id":"https:\/\/www.melhorescola.com.br\/blog\/#\/schema\/logo\/image\/","url":"https:\/\/www.melhorescola.com.br\/blog\/wp-content\/uploads\/2024\/06\/images-removebg-preview-2.png","contentUrl":"https:\/\/www.melhorescola.com.br\/blog\/wp-content\/uploads\/2024\/06\/images-removebg-preview-2.png","width":148,"height":148,"caption":"Melhor Escola B2B"},"image":{"@id":"https:\/\/www.melhorescola.com.br\/blog\/#\/schema\/logo\/image\/"}},{"@type":"Person","@id":"https:\/\/www.melhorescola.com.br\/blog\/#\/schema\/person\/5de2044c9fde0edd50d6f7cef3a23b5e","name":"Ana Paiva","image":{"@type":"ImageObject","inLanguage":"pt-BR","@id":"https:\/\/secure.gravatar.com\/avatar\/5733257f78af208ff1acf8031ec53d9032333f2e3847994a6f25fca799f29f1a?s=96&d=mm&r=g","url":"https:\/\/secure.gravatar.com\/avatar\/5733257f78af208ff1acf8031ec53d9032333f2e3847994a6f25fca799f29f1a?s=96&d=mm&r=g","contentUrl":"https:\/\/secure.gravatar.com\/avatar\/5733257f78af208ff1acf8031ec53d9032333f2e3847994a6f25fca799f29f1a?s=96&d=mm&r=g","caption":"Ana Paiva"},"url":"https:\/\/www.melhorescola.com.br\/blog\/author\/ana-beatriz\/"}]}},"_links":{"self":[{"href":"https:\/\/www.melhorescola.com.br\/blog\/wp-json\/wp\/v2\/posts\/25312","targetHints":{"allow":["GET"]}}],"collection":[{"href":"https:\/\/www.melhorescola.com.br\/blog\/wp-json\/wp\/v2\/posts"}],"about":[{"href":"https:\/\/www.melhorescola.com.br\/blog\/wp-json\/wp\/v2\/types\/post"}],"author":[{"embeddable":true,"href":"https:\/\/www.melhorescola.com.br\/blog\/wp-json\/wp\/v2\/users\/27"}],"replies":[{"embeddable":true,"href":"https:\/\/www.melhorescola.com.br\/blog\/wp-json\/wp\/v2\/comments?post=25312"}],"version-history":[{"count":2,"href":"https:\/\/www.melhorescola.com.br\/blog\/wp-json\/wp\/v2\/posts\/25312\/revisions"}],"predecessor-version":[{"id":25318,"href":"https:\/\/www.melhorescola.com.br\/blog\/wp-json\/wp\/v2\/posts\/25312\/revisions\/25318"}],"wp:featuredmedia":[{"embeddable":true,"href":"https:\/\/www.melhorescola.com.br\/blog\/wp-json\/wp\/v2\/media\/25313"}],"wp:attachment":[{"href":"https:\/\/www.melhorescola.com.br\/blog\/wp-json\/wp\/v2\/media?parent=25312"}],"wp:term":[{"taxonomy":"category","embeddable":true,"href":"https:\/\/www.melhorescola.com.br\/blog\/wp-json\/wp\/v2\/categories?post=25312"},{"taxonomy":"post_tag","embeddable":true,"href":"https:\/\/www.melhorescola.com.br\/blog\/wp-json\/wp\/v2\/tags?post=25312"}],"curies":[{"name":"wp","href":"https:\/\/api.w.org\/{rel}","templated":true}]}}