{"id":24905,"date":"2025-10-16T14:18:04","date_gmt":"2025-10-16T17:18:04","guid":{"rendered":"https:\/\/www.melhorescola.com.br\/blog\/?p=24905"},"modified":"2025-10-16T14:18:05","modified_gmt":"2025-10-16T17:18:05","slug":"dia-nacional-da-alimentacao-na-escola","status":"publish","type":"post","link":"https:\/\/www.melhorescola.com.br\/blog\/dia-nacional-da-alimentacao-na-escola\/","title":{"rendered":"Dia Nacional da Alimenta\u00e7\u00e3o na Escola: veja como celebrar a data"},"content":{"rendered":"\n<p><strong>Em resumo:<\/strong><\/p>\n\n\n\n<ul class=\"wp-block-list\">\n<li>Entenda a import\u00e2ncia do <strong>Dia Nacional da Alimenta\u00e7\u00e3o na Escola<\/strong> e o papel fundamental da escola na promo\u00e7\u00e3o de h\u00e1bitos saud\u00e1veis desde a inf\u00e2ncia;<br><\/li>\n\n\n\n<li>Veja como a <strong>parceria entre escola, fam\u00edlia e nutricionistas<\/strong> fortalece a educa\u00e7\u00e3o alimentar;<br><\/li>\n\n\n\n<li>Inspire-se com <strong>atividades l\u00fadicas e pr\u00e1ticas pedag\u00f3gicas<\/strong> que podem ser aplicadas em sala de aula para tornar o tema da alimenta\u00e7\u00e3o saud\u00e1vel parte da rotina escolar.<\/li>\n<\/ul>\n\n\n\n<p>A escola desempenha um <strong>papel fundamental na forma\u00e7\u00e3o de h\u00e1bitos<\/strong> que podem durar por toda a vida.\u00a0<\/p>\n\n\n\n<ul class=\"wp-block-list\">\n<li><a href=\"https:\/\/www.melhorescola.com.br\/blog\/evasao-escolar\/\" target=\"_blank\" rel=\"noreferrer noopener\">Veja dicas estrat\u00e9gicas de como combater a evas\u00e3o escolar<\/a><\/li>\n<\/ul>\n\n\n\n<p>Nesse sentido, o <strong>Dia Nacional da Alimenta\u00e7\u00e3o na Escola<\/strong>, celebrado em<strong> 21 de outubro<\/strong>, \u00e9 uma oportunidade para refor\u00e7ar a <a href=\"https:\/\/querobolsa.com.br\/revista\/alimentacao-escolar\" target=\"_blank\" rel=\"noreferrer noopener\">import\u00e2ncia da alimenta\u00e7\u00e3o saud\u00e1vel no ambiente escolar<\/a> e seu impacto direto no desenvolvimento cognitivo, social e emocional dos alunos.<\/p>\n\n\n\n<p>No Brasil, o <strong>Programa Nacional de Alimenta\u00e7\u00e3o Escolar <\/strong>(PNAE), do governo federal, \u00e9 considerado um dos melhores do mundo e garante que milh\u00f5es de estudantes recebam diariamente refei\u00e7\u00f5es balanceadas.\u00a0<\/p>\n\n\n\n<p>Para gestores, coordenadores e professores, essa data \u00e9 tamb\u00e9m uma <strong>oportunidade de integrar pr\u00e1ticas pedag\u00f3gicas \u00e0 alimenta\u00e7\u00e3o, de trazer h\u00e1bitos saud\u00e1veis, consci\u00eancia nutricional e engajamento das fam\u00edlias<\/strong>.\u00a0<\/p>\n\n\n\n<p>Neste artigo, vamos explorar a import\u00e2ncia do dia, <strong>como trabalhar a alimenta\u00e7\u00e3o de forma l\u00fadica<\/strong> e sugest\u00f5es de atividades pr\u00e1ticas para envolver toda a <a href=\"https:\/\/www.melhorescola.com.br\/blog\/comunidade-escolar\/\" target=\"_blank\" rel=\"noreferrer noopener\">comunidade escolar.<\/a><\/p>\n\n\n\n<p><strong>Confira os t\u00f3picos que vamos abordar:<\/strong><\/p>\n\n\n\n<ul class=\"wp-block-list\">\n<li>Por que em 21 de outubro \u00e9 celebrado o Dia Nacional da alimenta\u00e7\u00e3o nas escolas?<\/li>\n\n\n\n<li>O que trabalhar no Dia Nacional da Alimenta\u00e7\u00e3o na Escola?<\/li>\n\n\n\n<li>Qual a rela\u00e7\u00e3o entre alimenta\u00e7\u00e3o e desempenho escolar?<\/li>\n\n\n\n<li>Como trabalhar alimenta\u00e7\u00e3o de forma l\u00fadica?<\/li>\n<\/ul>\n\n\n\n<figure class=\"wp-block-image size-full\"><img fetchpriority=\"high\" decoding=\"async\" width=\"830\" height=\"553\" src=\"https:\/\/www.melhorescola.com.br\/blog\/wp-content\/uploads\/2025\/10\/4-1.png\" alt=\"crian\u00e7a na escola com prato de comida na m\u00e3o\" class=\"wp-image-24906\" srcset=\"https:\/\/www.melhorescola.com.br\/blog\/wp-content\/uploads\/2025\/10\/4-1.png 830w, https:\/\/www.melhorescola.com.br\/blog\/wp-content\/uploads\/2025\/10\/4-1-800x533.png 800w, https:\/\/www.melhorescola.com.br\/blog\/wp-content\/uploads\/2025\/10\/4-1-768x512.png 768w\" sizes=\"(max-width: 830px) 100vw, 830px\" \/><\/figure>\n\n\n\n<h2 class=\"wp-block-heading\">Por que em 21 de outubro \u00e9 celebrado o Dia Nacional da alimenta\u00e7\u00e3o nas escolas?<\/h2>\n\n\n\n<p>O <strong>Dia Nacional da Alimenta\u00e7\u00e3o na Escola<\/strong>, comemorado em <strong>21 de outubro<\/strong>, foi criado para refor\u00e7ar o papel essencial da <a href=\"https:\/\/www.melhorescola.com.br\/blog\/projeto-de-alimentacao-saudavel\/\" target=\"_blank\" rel=\"noreferrer noopener\">alimenta\u00e7\u00e3o saud\u00e1vel <\/a>no processo de ensino e aprendizagem.\u00a0<\/p>\n\n\n\n<p>A data tamb\u00e9m celebra os avan\u00e7os do <strong>Programa Nacional de Alimenta\u00e7\u00e3o Escolar (PNAE)<\/strong>, pol\u00edtica p\u00fablica do governo federal que h\u00e1 d\u00e9cadas garante refei\u00e7\u00f5es equilibradas e acess\u00edveis a milh\u00f5es de estudantes brasileiros.<\/p>\n\n\n\n<figure class=\"wp-block-table has-medium-font-size\"><table class=\"has-fixed-layout\"><tbody><tr><td><strong>Voc\u00ea sabia?<\/strong><br>Institu\u00eddo pela <strong>Lei n\u00ba 11.947\/2009<\/strong>, o <strong>PNAE<\/strong> \u00e9 um dos <strong>maiores programas de alimenta\u00e7\u00e3o escolar do mundo<\/strong> e um exemplo internacional de seguran\u00e7a alimentar e inclus\u00e3o social.\u00a0<\/td><\/tr><\/tbody><\/table><\/figure>\n\n\n\n<p>Mais do que um direito constitucional, a <strong>alimenta\u00e7\u00e3o escolar <\/strong>\u00e9 tamb\u00e9m uma <a href=\"https:\/\/www.melhorescola.com.br\/blog\/busca-ativa-escolar\/\" target=\"_blank\" rel=\"noreferrer noopener\"><strong>estrat\u00e9gia de perman\u00eancia<\/strong><\/a> e desenvolvimento do aluno.\u00a0<\/p>\n\n\n\n<p><strong>Dados que mostram a for\u00e7a da alimenta\u00e7\u00e3o escolar no Brasil:<\/strong><\/p>\n\n\n\n<ul class=\"wp-block-list\">\n<li><strong>50 milh\u00f5es<\/strong> de refei\u00e7\u00f5es servidas por dia em todo o pa\u00eds;<br><\/li>\n\n\n\n<li><strong>40 milh\u00f5es<\/strong> de estudantes beneficiados pela pol\u00edtica p\u00fablica;<br><\/li>\n\n\n\n<li><strong>150 mil<\/strong> escolas atendidas;<br><\/li>\n\n\n\n<li><strong>30%<\/strong> dos recursos do PNAE destinados \u00e0 <strong>agricultura familiar<\/strong>;<br><\/li>\n\n\n\n<li>Presen\u00e7a obrigat\u00f3ria de <strong>nutricionistas<\/strong> para elabora\u00e7\u00e3o dos card\u00e1pios e acompanhamento nutricional dos alunos.<\/li>\n<\/ul>\n\n\n\n<h2 class=\"wp-block-heading\">O que trabalhar no Dia Nacional da Alimenta\u00e7\u00e3o na Escola?<\/h2>\n\n\n\n<p>Como vimos, o <strong>Dia Nacional da Alimenta\u00e7\u00e3o na Escola<\/strong> \u00e9 uma oportunidade para <strong>formar consci\u00eancia alimentar desde cedo. <\/strong>Para educadores, o maior desafio est\u00e1 em transformar um tema cotidiano em uma experi\u00eancia educativa que envolva <strong>reflex\u00e3o, pr\u00e1tica e protagonismo dos alunos<\/strong>.<\/p>\n\n\n\n<p>Neste dia, vale trabalhar <strong>conte\u00fados que conectem alimenta\u00e7\u00e3o, sa\u00fade e cidadania<\/strong>, como:<\/p>\n\n\n\n<ul class=\"wp-block-list\">\n<li><strong>A import\u00e2ncia de uma alimenta\u00e7\u00e3o saud\u00e1vel nas escolas<\/strong> e o impacto no bem-estar f\u00edsico e emocional dos estudantes;<br><\/li>\n\n\n\n<li><strong>O papel da agricultura familiar e da sustentabilidade<\/strong> na composi\u00e7\u00e3o das refei\u00e7\u00f5es escolares;<br><\/li>\n\n\n\n<li><strong>A valoriza\u00e7\u00e3o da cultura alimentar local<\/strong>, com resgate de receitas regionais e h\u00e1bitos saud\u00e1veis;<br><\/li>\n\n\n\n<li><strong>O desperd\u00edcio de alimentos e o consumo consciente<\/strong> como tema interdisciplinar.<\/li>\n<\/ul>\n\n\n\n<p>Esses t\u00f3picos ajudam a<strong> integrar o tema \u00e0 rotina pedag\u00f3gica<\/strong>, tornando a <strong>alimenta\u00e7\u00e3o escolar parte do processo educativo<\/strong> e n\u00e3o apenas um servi\u00e7o oferecido pela escola.<\/p>\n\n\n\n<h3 class=\"wp-block-heading\">Quais s\u00e3o os 4 pilares da alimenta\u00e7\u00e3o?<\/h3>\n\n\n\n<p>Trabalhar o tema em sala de aula tamb\u00e9m \u00e9 uma chance de apresentar os <strong>quatro pilares da alimenta\u00e7\u00e3o saud\u00e1vel<\/strong>, que podem ser explorados de forma interdisciplinar:<\/p>\n\n\n\n<ol class=\"wp-block-list\">\n<li><strong>Variedade:<\/strong> incluir diferentes grupos alimentares nas refei\u00e7\u00f5es;<br><\/li>\n\n\n\n<li><strong>Equil\u00edbrio:<\/strong> garantir que as por\u00e7\u00f5es atendam \u00e0s necessidades nutricionais de cada faixa et\u00e1ria;<br><\/li>\n\n\n\n<li><strong>Modera\u00e7\u00e3o:<\/strong> evitar excessos e reduzir o consumo de ultraprocessados;<br><\/li>\n\n\n\n<li><strong>Qualidade:<\/strong> priorizar alimentos frescos, de origem segura e, sempre que poss\u00edvel, da agricultura familiar.<\/li>\n<\/ol>\n\n\n\n<p>Todos esses conceitos podem ser trabalhados por meio de <strong>projetos, cartazes e din\u00e2micas<\/strong> que ajudem os alunos a compreender que <strong>alimentar-se bem \u00e9 um ato de cuidado e responsabilidade<\/strong>.<\/p>\n\n\n\n<h3 class=\"wp-block-heading\">Qual \u00e9 o papel da escola e da fam\u00edlia na alimenta\u00e7\u00e3o?<\/h3>\n\n\n\n<p>O sucesso da alimenta\u00e7\u00e3o saud\u00e1vel nas escolas depende da <a href=\"https:\/\/www.melhorescola.com.br\/blog\/familia-na-escola\/\" target=\"_blank\" rel=\"noreferrer noopener\"><strong>parceria entre escola e fam\u00edlia<\/strong><\/a>. Enquanto a escola realiza a\u00e7\u00f5es educativas e oferece refei\u00e7\u00f5es equilibradas, <strong>a fam\u00edlia refor\u00e7a esses h\u00e1bitos em casa<\/strong>.<\/p>\n\n\n\n<figure class=\"wp-block-image size-full\"><img decoding=\"async\" width=\"830\" height=\"553\" data-src=\"https:\/\/www.melhorescola.com.br\/blog\/wp-content\/uploads\/2025\/10\/3-3.png\" alt=\"alunos  com pratos de comida se alimentando na escola\" class=\"wp-image-24909 lazyload\" data-srcset=\"https:\/\/www.melhorescola.com.br\/blog\/wp-content\/uploads\/2025\/10\/3-3.png 830w, https:\/\/www.melhorescola.com.br\/blog\/wp-content\/uploads\/2025\/10\/3-3-800x533.png 800w, https:\/\/www.melhorescola.com.br\/blog\/wp-content\/uploads\/2025\/10\/3-3-768x512.png 768w\" data-sizes=\"(max-width: 830px) 100vw, 830px\" src=\"data:image\/svg+xml;base64,PHN2ZyB3aWR0aD0iMSIgaGVpZ2h0PSIxIiB4bWxucz0iaHR0cDovL3d3dy53My5vcmcvMjAwMC9zdmciPjwvc3ZnPg==\" style=\"--smush-placeholder-width: 830px; --smush-placeholder-aspect-ratio: 830\/553;\" \/><\/figure>\n\n\n\n<p>Para fortalecer essa rela\u00e7\u00e3o, vale realizar:<\/p>\n\n\n\n<ul class=\"wp-block-list\">\n<li><strong>Reuni\u00f5es e oficinas com os pais<\/strong> sobre alimenta\u00e7\u00e3o equilibrada e h\u00e1bitos saud\u00e1veis;<br><\/li>\n\n\n\n<li><strong>Atividades integradas<\/strong>, como envio de receitas nutritivas para casa;<br><\/li>\n\n\n\n<li><strong>Campanhas de conscientiza\u00e7\u00e3o<\/strong> que envolvam toda a comunidade escolar.<\/li>\n<\/ul>\n\n\n\n<p>Essa integra\u00e7\u00e3o \u00e9 a parceria completa para a <strong>coer\u00eancia entre o que a crian\u00e7a aprende e o que vivencia fora da escola<\/strong>.<\/p>\n\n\n\n<h2 class=\"wp-block-heading\">Qual a rela\u00e7\u00e3o entre alimenta\u00e7\u00e3o e desempenho escolar?\u00a0<\/h2>\n\n\n\n<p>A qualidade da alimenta\u00e7\u00e3o impacta diretamente no <strong>rendimento cognitivo, na concentra\u00e7\u00e3o e no comportamento dos alunos<\/strong>.<\/p>\n\n\n\n<p>Estudos do pr\u00f3prio <strong>Fundo Nacional de Desenvolvimento da Educa\u00e7\u00e3o<\/strong> <strong>(<\/strong><a href=\"https:\/\/www.gov.br\/fnde\/pt-br\" target=\"_blank\" rel=\"noreferrer noopener\"><strong>FNDE<\/strong><\/a><strong>) <\/strong>mostram que <a href=\"https:\/\/www.melhorescola.com.br\/blog\/seletividade-alimentar-nas-escolas\/\" target=\"_blank\" rel=\"noreferrer noopener\">crian\u00e7as bem alimentadas<\/a> <strong>aprendem melhor, faltam menos e apresentam mais disposi\u00e7\u00e3o<\/strong> durante as aulas.\u00a0 Como explica <strong>K\u00e1tia Schweickardt<\/strong>, <strong>secret\u00e1ria de Educa\u00e7\u00e3o B\u00e1sica do MEC<\/strong>:<\/p>\n\n\n\n<blockquote class=\"wp-block-quote is-layout-flow wp-block-quote-is-layout-flow\">\n<p><em>O olhar pedag\u00f3gico sobre a alimenta\u00e7\u00e3o escolar na educa\u00e7\u00e3o b\u00e1sica vai al\u00e9m de garantir a nutri\u00e7\u00e3o adequada. O ambiente escolar \u00e9 um espa\u00e7o de promo\u00e7\u00e3o de h\u00e1bitos saud\u00e1veis e forma\u00e7\u00e3o de cidad\u00e3os conscientes (\u2026) Dessa forma, a alimenta\u00e7\u00e3o escolar se torna tamb\u00e9m uma ferramenta educacional, contribuindo para o desenvolvimento de <\/em><strong><em>uma rela\u00e7\u00e3o mais respons\u00e1vel e cr\u00edtica com a alimenta\u00e7\u00e3o<\/em><\/strong>.\u00a0<\/p>\n<\/blockquote>\n\n\n\n<p>Por isso, a<strong>bordar o tema da alimenta\u00e7\u00e3o de forma cont\u00ednua<\/strong>, e n\u00e3o apenas em datas comemorativas, \u00e9 uma <strong>estrat\u00e9gia pedag\u00f3gica e social essencial<\/strong> para o desenvolvimento integral dos estudantes.<\/p>\n\n\n\n<h2 class=\"wp-block-heading\">Como trabalhar alimenta\u00e7\u00e3o de forma l\u00fadica?<\/h2>\n\n\n\n<p>Abordar o tema da <strong>alimenta\u00e7\u00e3o de forma l\u00fadica<\/strong>, sobretudo na <strong>Educa\u00e7\u00e3o Infantil<\/strong>,\u00a0 \u00e9 essencial para despertar o interesse dos alunos e transformar o aprendizado em uma experi\u00eancia significativa.\u00a0<\/p>\n\n\n\n<p>Quando o assunto \u00e9 tratado de maneira criativa, a escola <strong>forma h\u00e1bitos e valores<\/strong> que podem acompanhar o estudante por toda a vida. Afinal, o l\u00fadico tem esse poder de <strong>conectar o conte\u00fado \u00e0 viv\u00eancia do aluno<\/strong>, tornando o processo educativo mais envolvente e eficaz.\u00a0<\/p>\n\n\n\n<p>Como explicou a <strong>nutricionista Emilly Martins <\/strong>em uma entrevista para o <a href=\"https:\/\/escolasexponenciais.com.br\/desafios-contemporaneos\/dia-nacional-da-alimentacao-na-escola-como-celebrar-essa-data\/\" target=\"_blank\" rel=\"noreferrer noopener\">portal Escolas Exponenciais<\/a>,<\/p>\n\n\n\n<blockquote class=\"wp-block-quote is-layout-flow wp-block-quote-is-layout-flow\">\n<p><em>Atividades l\u00fadicas, brincadeiras, desenhos e hortas comunit\u00e1rias s\u00e3o formas simples de apresentar novos alimentos para as crian\u00e7as, induzindo a curiosidade para levar \u00e0 prova desses alimentos. Ent\u00e3o eles brincam, conhecem o alimento e se interessam em descobrir o sabor.<\/em><\/p>\n<\/blockquote>\n\n\n\n<h3 class=\"wp-block-heading\">Que atividades podem ser desenvolvidas nas escolas para uma alimenta\u00e7\u00e3o saud\u00e1vel?<\/h3>\n\n\n\n<p>Ao planejar <strong>atividades para o Dia Nacional da Alimenta\u00e7\u00e3o na Escola<\/strong>, o ideal \u00e9 adaptar as propostas de acordo com<strong> a faixa et\u00e1ria e o contexto da institui\u00e7\u00e3<\/strong>o.\u00a0<\/p>\n\n\n\n<p>O importante \u00e9 que cada experi\u00eancia reforce a import\u00e2ncia da <strong>alimenta\u00e7\u00e3o saud\u00e1vel nas escolas<\/strong> e envolva os alunos de forma ativa.<\/p>\n\n\n\n<p>Abaixo, alguns <a href=\"https:\/\/www.melhorescola.com.br\/blog\/atividades-sobre-alimentacao-saudavel-para-educacao-infantil\/\" target=\"_blank\" rel=\"noreferrer noopener\"><strong>exemplos pr\u00e1ticos<\/strong><\/a><strong> que podem ser aplicados:<\/strong><\/p>\n\n\n\n<h3 class=\"wp-block-heading\">1. Educa\u00e7\u00e3o Infantil: descobrindo sabores e cores<\/h3>\n\n\n\n<ul class=\"wp-block-list\">\n<li><strong>Oficinas sensoriais:<\/strong> explorar texturas, cores e cheiros de frutas e legumes;<br><\/li>\n\n\n\n<li><strong>Conta\u00e7\u00e3o de hist\u00f3rias tem\u00e1ticas:<\/strong> usar livros e personagens para introduzir o tema da alimenta\u00e7\u00e3o saud\u00e1vel;<br><\/li>\n\n\n\n<li><strong>Montagem de pratos divertidos:<\/strong> transformar frutas e legumes em rostos, animais e figuras criativas.<\/li>\n<\/ul>\n\n\n\n<h3 class=\"wp-block-heading\">2. Ensino Fundamental I: aprendendo na pr\u00e1tica<\/h3>\n\n\n\n<ul class=\"wp-block-list\">\n<li><a href=\"https:\/\/www.melhorescola.com.br\/blog\/atividades-sobre-sustentabilidade\/\" target=\"_blank\" rel=\"noreferrer noopener\"><strong>Mini-horta escolar<\/strong><\/a><strong>:<\/strong> os alunos participam do plantio e dos cuidados, compreendendo o ciclo dos alimentos;<br><\/li>\n\n\n\n<li><strong>Aulas de culin\u00e1ria infantil:<\/strong> preparo de receitas simples, como saladas de frutas, vitaminas e sandu\u00edches naturais;<br><\/li>\n\n\n\n<li><strong>Jogo da alimenta\u00e7\u00e3o equilibrada:<\/strong> uma vers\u00e3o adaptada de tabuleiro ou bingo com grupos alimentares.<\/li>\n<\/ul>\n\n\n\n<figure class=\"wp-block-image size-full\"><img decoding=\"async\" width=\"830\" height=\"553\" data-src=\"https:\/\/www.melhorescola.com.br\/blog\/wp-content\/uploads\/2025\/10\/2-2.png\" alt=\"alunos na fila para pegar comida na escola\" class=\"wp-image-24910 lazyload\" data-srcset=\"https:\/\/www.melhorescola.com.br\/blog\/wp-content\/uploads\/2025\/10\/2-2.png 830w, https:\/\/www.melhorescola.com.br\/blog\/wp-content\/uploads\/2025\/10\/2-2-800x533.png 800w, https:\/\/www.melhorescola.com.br\/blog\/wp-content\/uploads\/2025\/10\/2-2-768x512.png 768w\" data-sizes=\"(max-width: 830px) 100vw, 830px\" src=\"data:image\/svg+xml;base64,PHN2ZyB3aWR0aD0iMSIgaGVpZ2h0PSIxIiB4bWxucz0iaHR0cDovL3d3dy53My5vcmcvMjAwMC9zdmciPjwvc3ZnPg==\" style=\"--smush-placeholder-width: 830px; --smush-placeholder-aspect-ratio: 830\/553;\" \/><\/figure>\n\n\n\n<h3 class=\"wp-block-heading\">3. Ensino Fundamental II e M\u00e9dio: consci\u00eancia e protagonismo<\/h3>\n\n\n\n<ul class=\"wp-block-list\">\n<li><strong>Feira de alimenta\u00e7\u00e3o saud\u00e1vel:<\/strong> alunos apresentam receitas e pesquisas sobre os benef\u00edcios dos alimentos;<br><\/li>\n\n\n\n<li><strong>Debates e produ\u00e7\u00f5es textuais:<\/strong> trabalhar temas como desperd\u00edcio, sustentabilidade e impacto ambiental;<br><\/li>\n\n\n\n<li><strong>Projetos interdisciplinares:<\/strong> integra\u00e7\u00e3o entre<strong> Ci\u00eancias, Geografia e Matem\u00e1tica<\/strong> para discutir agricultura familiar, rotulagem e consumo consciente.<\/li>\n<\/ul>\n\n\n\n<p>Ao trazer essas atividades para tratar o tema de forma l\u00fadica no <strong>Dia Nacional da Alimenta\u00e7\u00e3o na Escola, <\/strong>voc\u00ea<strong> <\/strong>ajuda a transformar o conte\u00fado em pr\u00e1tica cotidiana, fortalecendo<strong> a rela\u00e7\u00e3o dos estudantes com os alimentos<\/strong> e o compromisso da escola como agente de bem-estar e h\u00e1bitos saud\u00e1veis.\u00a0<\/p>\n\n\n\n<p>E ent\u00e3o, gostou desse conte\u00fado? Compartilhe com outros gestores e educadores que gostariam de saber mais sobre o que fazer no <strong>Dia Nacional da Alimenta\u00e7\u00e3o na Escola. <\/strong>Aproveite e leia <a href=\"https:\/\/www.melhorescola.com.br\/blog\/category\/ambiente-escolar\/\" target=\"_blank\" rel=\"noreferrer noopener\">outros artigos<\/a> do nosso blog.\u00a0<\/p>\n\n\n\n<h2 class=\"wp-block-heading\">Quer atrair mais alunos sem gastar com an\u00fancios?<\/h2>\n\n\n\n<p>A <strong>Melhor Escola <\/strong>j\u00e1 ajuda mais de <strong>7 mil gestores a manterem suas salas cheias <\/strong>durante todo o ano. Com a nossa ferramenta, sua institui\u00e7\u00e3o ganha visibilidade para milh\u00f5es de fam\u00edlias em busca de escolas, sem custo de investimento direto.<\/p>\n\n\n\n<p><a href=\"https:\/\/escolas.quero.com\/capte-alunos?utm_source=blog&utm_medium=cta-artigo&utm_campaign=sejaumparceiro\" target=\"_blank\" rel=\"noreferrer noopener\">Fale com um especialista e saiba como captar novos alunos!\u00a0<\/a><\/p>\n\n\n\n<p><\/p>\n","protected":false},"excerpt":{"rendered":"<p>Em resumo: A escola desempenha um papel fundamental na forma\u00e7\u00e3o de h\u00e1bitos que podem durar por toda a vida.\u00a0 Nesse sentido, o Dia Nacional da&hellip;<\/p>\n","protected":false},"author":27,"featured_media":24907,"comment_status":"open","ping_status":"open","sticky":false,"template":"","format":"standard","meta":{"footnotes":""},"categories":[262],"tags":[527,81,295,168,164,528,5],"class_list":["post-24905","post","type-post","status-publish","format-standard","has-post-thumbnail","hentry","category-ambiente-escolar","tag-alimentacao-na-escola","tag-alimentacao-saudavel","tag-ambiente-escolar","tag-captacao-de-alunos","tag-gestao-escolar","tag-merenda-escolar","tag-planejamento-escolar"],"yoast_head":"<!-- This site is optimized with the Yoast SEO plugin v27.5 - https:\/\/yoast.com\/product\/yoast-seo-wordpress\/ -->\n<title>Dia Nacional da Alimenta\u00e7\u00e3o na Escola: veja como celebrar a data<\/title>\n<meta name=\"description\" content=\"Descubra a import\u00e2ncia do Dia Nacional da Alimenta\u00e7\u00e3o na Escola e veja ideias de atividades para trabalhar h\u00e1bitos saud\u00e1veis entre os alunos\" \/>\n<meta name=\"robots\" content=\"index, follow, max-snippet:-1, max-image-preview:large, max-video-preview:-1\" \/>\n<link rel=\"canonical\" href=\"https:\/\/www.melhorescola.com.br\/blog\/dia-nacional-da-alimentacao-na-escola\/\" \/>\n<meta property=\"og:locale\" content=\"pt_BR\" \/>\n<meta property=\"og:type\" content=\"article\" \/>\n<meta property=\"og:title\" content=\"Dia Nacional da Alimenta\u00e7\u00e3o na Escola: veja como celebrar a data\" \/>\n<meta property=\"og:description\" content=\"Descubra a import\u00e2ncia do Dia Nacional da Alimenta\u00e7\u00e3o na Escola e veja ideias de atividades para trabalhar h\u00e1bitos saud\u00e1veis entre os alunos\" \/>\n<meta property=\"og:url\" content=\"https:\/\/www.melhorescola.com.br\/blog\/dia-nacional-da-alimentacao-na-escola\/\" \/>\n<meta property=\"og:site_name\" content=\"Blog do Melhor Escola\" \/>\n<meta property=\"article:published_time\" content=\"2025-10-16T17:18:04+00:00\" \/>\n<meta property=\"article:modified_time\" content=\"2025-10-16T17:18:05+00:00\" \/>\n<meta property=\"og:image\" content=\"https:\/\/www.melhorescola.com.br\/blog\/wp-content\/uploads\/2025\/10\/1-2.png\" \/>\n\t<meta property=\"og:image:width\" content=\"830\" \/>\n\t<meta property=\"og:image:height\" content=\"553\" \/>\n\t<meta property=\"og:image:type\" content=\"image\/png\" \/>\n<meta name=\"author\" content=\"Ana Paiva\" \/>\n<meta name=\"twitter:card\" content=\"summary_large_image\" \/>\n<meta name=\"twitter:label1\" content=\"Escrito por\" \/>\n\t<meta name=\"twitter:data1\" content=\"Ana Paiva\" \/>\n\t<meta name=\"twitter:label2\" content=\"Est. tempo de leitura\" \/>\n\t<meta name=\"twitter:data2\" content=\"9 minutos\" \/>\n<script type=\"application\/ld+json\" class=\"yoast-schema-graph\">{\"@context\":\"https:\\\/\\\/schema.org\",\"@graph\":[{\"@type\":\"Article\",\"@id\":\"https:\\\/\\\/www.melhorescola.com.br\\\/blog\\\/dia-nacional-da-alimentacao-na-escola\\\/#article\",\"isPartOf\":{\"@id\":\"https:\\\/\\\/www.melhorescola.com.br\\\/blog\\\/dia-nacional-da-alimentacao-na-escola\\\/\"},\"author\":{\"name\":\"Ana Paiva\",\"@id\":\"https:\\\/\\\/www.melhorescola.com.br\\\/blog\\\/#\\\/schema\\\/person\\\/5de2044c9fde0edd50d6f7cef3a23b5e\"},\"headline\":\"Dia Nacional da Alimenta\u00e7\u00e3o na Escola: veja como celebrar a data\",\"datePublished\":\"2025-10-16T17:18:04+00:00\",\"dateModified\":\"2025-10-16T17:18:05+00:00\",\"mainEntityOfPage\":{\"@id\":\"https:\\\/\\\/www.melhorescola.com.br\\\/blog\\\/dia-nacional-da-alimentacao-na-escola\\\/\"},\"wordCount\":1633,\"commentCount\":0,\"publisher\":{\"@id\":\"https:\\\/\\\/www.melhorescola.com.br\\\/blog\\\/#organization\"},\"image\":{\"@id\":\"https:\\\/\\\/www.melhorescola.com.br\\\/blog\\\/dia-nacional-da-alimentacao-na-escola\\\/#primaryimage\"},\"thumbnailUrl\":\"https:\\\/\\\/www.melhorescola.com.br\\\/blog\\\/wp-content\\\/uploads\\\/2025\\\/10\\\/1-2.png\",\"keywords\":[\"alimenta\u00e7\u00e3o na escola\",\"Alimenta\u00e7\u00e3o Saud\u00e1vel\",\"ambiente escolar\",\"Capta\u00e7\u00e3o de Alunos\",\"Gest\u00e3o Escolar\",\"merenda escolar\",\"Planejamento Escolar\"],\"articleSection\":[\"Ambiente Escolar\"],\"inLanguage\":\"pt-BR\",\"potentialAction\":[{\"@type\":\"CommentAction\",\"name\":\"Comment\",\"target\":[\"https:\\\/\\\/www.melhorescola.com.br\\\/blog\\\/dia-nacional-da-alimentacao-na-escola\\\/#respond\"]}]},{\"@type\":\"WebPage\",\"@id\":\"https:\\\/\\\/www.melhorescola.com.br\\\/blog\\\/dia-nacional-da-alimentacao-na-escola\\\/\",\"url\":\"https:\\\/\\\/www.melhorescola.com.br\\\/blog\\\/dia-nacional-da-alimentacao-na-escola\\\/\",\"name\":\"Dia Nacional da Alimenta\u00e7\u00e3o na Escola: veja como celebrar a data\",\"isPartOf\":{\"@id\":\"https:\\\/\\\/www.melhorescola.com.br\\\/blog\\\/#website\"},\"primaryImageOfPage\":{\"@id\":\"https:\\\/\\\/www.melhorescola.com.br\\\/blog\\\/dia-nacional-da-alimentacao-na-escola\\\/#primaryimage\"},\"image\":{\"@id\":\"https:\\\/\\\/www.melhorescola.com.br\\\/blog\\\/dia-nacional-da-alimentacao-na-escola\\\/#primaryimage\"},\"thumbnailUrl\":\"https:\\\/\\\/www.melhorescola.com.br\\\/blog\\\/wp-content\\\/uploads\\\/2025\\\/10\\\/1-2.png\",\"datePublished\":\"2025-10-16T17:18:04+00:00\",\"dateModified\":\"2025-10-16T17:18:05+00:00\",\"description\":\"Descubra a import\u00e2ncia do Dia Nacional da Alimenta\u00e7\u00e3o na Escola e veja ideias de atividades para trabalhar h\u00e1bitos saud\u00e1veis entre os alunos\",\"breadcrumb\":{\"@id\":\"https:\\\/\\\/www.melhorescola.com.br\\\/blog\\\/dia-nacional-da-alimentacao-na-escola\\\/#breadcrumb\"},\"inLanguage\":\"pt-BR\",\"potentialAction\":[{\"@type\":\"ReadAction\",\"target\":[\"https:\\\/\\\/www.melhorescola.com.br\\\/blog\\\/dia-nacional-da-alimentacao-na-escola\\\/\"]}]},{\"@type\":\"ImageObject\",\"inLanguage\":\"pt-BR\",\"@id\":\"https:\\\/\\\/www.melhorescola.com.br\\\/blog\\\/dia-nacional-da-alimentacao-na-escola\\\/#primaryimage\",\"url\":\"https:\\\/\\\/www.melhorescola.com.br\\\/blog\\\/wp-content\\\/uploads\\\/2025\\\/10\\\/1-2.png\",\"contentUrl\":\"https:\\\/\\\/www.melhorescola.com.br\\\/blog\\\/wp-content\\\/uploads\\\/2025\\\/10\\\/1-2.png\",\"width\":830,\"height\":553,\"caption\":\"dia nacional da alimenta\u00e7\u00e3o na escola\"},{\"@type\":\"BreadcrumbList\",\"@id\":\"https:\\\/\\\/www.melhorescola.com.br\\\/blog\\\/dia-nacional-da-alimentacao-na-escola\\\/#breadcrumb\",\"itemListElement\":[{\"@type\":\"ListItem\",\"position\":1,\"name\":\"In\u00edcio\",\"item\":\"https:\\\/\\\/www.melhorescola.com.br\\\/blog\\\/\"},{\"@type\":\"ListItem\",\"position\":2,\"name\":\"Dia Nacional da Alimenta\u00e7\u00e3o na Escola: veja como celebrar a data\"}]},{\"@type\":\"WebSite\",\"@id\":\"https:\\\/\\\/www.melhorescola.com.br\\\/blog\\\/#website\",\"url\":\"https:\\\/\\\/www.melhorescola.com.br\\\/blog\\\/\",\"name\":\"Blog do Melhor Escola\",\"description\":\"Veja conte\u00fados sobre capta\u00e7\u00e3o de alunos, gest\u00e3o escolar, marketing educacional, universo pedag\u00f3gico e muito mais!\",\"publisher\":{\"@id\":\"https:\\\/\\\/www.melhorescola.com.br\\\/blog\\\/#organization\"},\"potentialAction\":[{\"@type\":\"SearchAction\",\"target\":{\"@type\":\"EntryPoint\",\"urlTemplate\":\"https:\\\/\\\/www.melhorescola.com.br\\\/blog\\\/?s={search_term_string}\"},\"query-input\":{\"@type\":\"PropertyValueSpecification\",\"valueRequired\":true,\"valueName\":\"search_term_string\"}}],\"inLanguage\":\"pt-BR\"},{\"@type\":\"Organization\",\"@id\":\"https:\\\/\\\/www.melhorescola.com.br\\\/blog\\\/#organization\",\"name\":\"Melhor Escola B2B\",\"url\":\"https:\\\/\\\/www.melhorescola.com.br\\\/blog\\\/\",\"logo\":{\"@type\":\"ImageObject\",\"inLanguage\":\"pt-BR\",\"@id\":\"https:\\\/\\\/www.melhorescola.com.br\\\/blog\\\/#\\\/schema\\\/logo\\\/image\\\/\",\"url\":\"https:\\\/\\\/www.melhorescola.com.br\\\/blog\\\/wp-content\\\/uploads\\\/2024\\\/06\\\/images-removebg-preview-2.png\",\"contentUrl\":\"https:\\\/\\\/www.melhorescola.com.br\\\/blog\\\/wp-content\\\/uploads\\\/2024\\\/06\\\/images-removebg-preview-2.png\",\"width\":148,\"height\":148,\"caption\":\"Melhor Escola B2B\"},\"image\":{\"@id\":\"https:\\\/\\\/www.melhorescola.com.br\\\/blog\\\/#\\\/schema\\\/logo\\\/image\\\/\"}},{\"@type\":\"Person\",\"@id\":\"https:\\\/\\\/www.melhorescola.com.br\\\/blog\\\/#\\\/schema\\\/person\\\/5de2044c9fde0edd50d6f7cef3a23b5e\",\"name\":\"Ana Paiva\",\"image\":{\"@type\":\"ImageObject\",\"inLanguage\":\"pt-BR\",\"@id\":\"https:\\\/\\\/secure.gravatar.com\\\/avatar\\\/5733257f78af208ff1acf8031ec53d9032333f2e3847994a6f25fca799f29f1a?s=96&d=mm&r=g\",\"url\":\"https:\\\/\\\/secure.gravatar.com\\\/avatar\\\/5733257f78af208ff1acf8031ec53d9032333f2e3847994a6f25fca799f29f1a?s=96&d=mm&r=g\",\"contentUrl\":\"https:\\\/\\\/secure.gravatar.com\\\/avatar\\\/5733257f78af208ff1acf8031ec53d9032333f2e3847994a6f25fca799f29f1a?s=96&d=mm&r=g\",\"caption\":\"Ana Paiva\"},\"url\":\"https:\\\/\\\/www.melhorescola.com.br\\\/blog\\\/author\\\/ana-beatriz\\\/\"}]}<\/script>\n<!-- \/ Yoast SEO plugin. -->","yoast_head_json":{"title":"Dia Nacional da Alimenta\u00e7\u00e3o na Escola: veja como celebrar a data","description":"Descubra a import\u00e2ncia do Dia Nacional da Alimenta\u00e7\u00e3o na Escola e veja ideias de atividades para trabalhar h\u00e1bitos saud\u00e1veis entre os alunos","robots":{"index":"index","follow":"follow","max-snippet":"max-snippet:-1","max-image-preview":"max-image-preview:large","max-video-preview":"max-video-preview:-1"},"canonical":"https:\/\/www.melhorescola.com.br\/blog\/dia-nacional-da-alimentacao-na-escola\/","og_locale":"pt_BR","og_type":"article","og_title":"Dia Nacional da Alimenta\u00e7\u00e3o na Escola: veja como celebrar a data","og_description":"Descubra a import\u00e2ncia do Dia Nacional da Alimenta\u00e7\u00e3o na Escola e veja ideias de atividades para trabalhar h\u00e1bitos saud\u00e1veis entre os alunos","og_url":"https:\/\/www.melhorescola.com.br\/blog\/dia-nacional-da-alimentacao-na-escola\/","og_site_name":"Blog do Melhor Escola","article_published_time":"2025-10-16T17:18:04+00:00","article_modified_time":"2025-10-16T17:18:05+00:00","og_image":[{"width":830,"height":553,"url":"https:\/\/www.melhorescola.com.br\/blog\/wp-content\/uploads\/2025\/10\/1-2.png","type":"image\/png"}],"author":"Ana Paiva","twitter_card":"summary_large_image","twitter_misc":{"Escrito por":"Ana Paiva","Est. tempo de leitura":"9 minutos"},"schema":{"@context":"https:\/\/schema.org","@graph":[{"@type":"Article","@id":"https:\/\/www.melhorescola.com.br\/blog\/dia-nacional-da-alimentacao-na-escola\/#article","isPartOf":{"@id":"https:\/\/www.melhorescola.com.br\/blog\/dia-nacional-da-alimentacao-na-escola\/"},"author":{"name":"Ana Paiva","@id":"https:\/\/www.melhorescola.com.br\/blog\/#\/schema\/person\/5de2044c9fde0edd50d6f7cef3a23b5e"},"headline":"Dia Nacional da Alimenta\u00e7\u00e3o na Escola: veja como celebrar a data","datePublished":"2025-10-16T17:18:04+00:00","dateModified":"2025-10-16T17:18:05+00:00","mainEntityOfPage":{"@id":"https:\/\/www.melhorescola.com.br\/blog\/dia-nacional-da-alimentacao-na-escola\/"},"wordCount":1633,"commentCount":0,"publisher":{"@id":"https:\/\/www.melhorescola.com.br\/blog\/#organization"},"image":{"@id":"https:\/\/www.melhorescola.com.br\/blog\/dia-nacional-da-alimentacao-na-escola\/#primaryimage"},"thumbnailUrl":"https:\/\/www.melhorescola.com.br\/blog\/wp-content\/uploads\/2025\/10\/1-2.png","keywords":["alimenta\u00e7\u00e3o na escola","Alimenta\u00e7\u00e3o Saud\u00e1vel","ambiente escolar","Capta\u00e7\u00e3o de Alunos","Gest\u00e3o Escolar","merenda escolar","Planejamento Escolar"],"articleSection":["Ambiente Escolar"],"inLanguage":"pt-BR","potentialAction":[{"@type":"CommentAction","name":"Comment","target":["https:\/\/www.melhorescola.com.br\/blog\/dia-nacional-da-alimentacao-na-escola\/#respond"]}]},{"@type":"WebPage","@id":"https:\/\/www.melhorescola.com.br\/blog\/dia-nacional-da-alimentacao-na-escola\/","url":"https:\/\/www.melhorescola.com.br\/blog\/dia-nacional-da-alimentacao-na-escola\/","name":"Dia Nacional da Alimenta\u00e7\u00e3o na Escola: veja como celebrar a data","isPartOf":{"@id":"https:\/\/www.melhorescola.com.br\/blog\/#website"},"primaryImageOfPage":{"@id":"https:\/\/www.melhorescola.com.br\/blog\/dia-nacional-da-alimentacao-na-escola\/#primaryimage"},"image":{"@id":"https:\/\/www.melhorescola.com.br\/blog\/dia-nacional-da-alimentacao-na-escola\/#primaryimage"},"thumbnailUrl":"https:\/\/www.melhorescola.com.br\/blog\/wp-content\/uploads\/2025\/10\/1-2.png","datePublished":"2025-10-16T17:18:04+00:00","dateModified":"2025-10-16T17:18:05+00:00","description":"Descubra a import\u00e2ncia do Dia Nacional da Alimenta\u00e7\u00e3o na Escola e veja ideias de atividades para trabalhar h\u00e1bitos saud\u00e1veis entre os alunos","breadcrumb":{"@id":"https:\/\/www.melhorescola.com.br\/blog\/dia-nacional-da-alimentacao-na-escola\/#breadcrumb"},"inLanguage":"pt-BR","potentialAction":[{"@type":"ReadAction","target":["https:\/\/www.melhorescola.com.br\/blog\/dia-nacional-da-alimentacao-na-escola\/"]}]},{"@type":"ImageObject","inLanguage":"pt-BR","@id":"https:\/\/www.melhorescola.com.br\/blog\/dia-nacional-da-alimentacao-na-escola\/#primaryimage","url":"https:\/\/www.melhorescola.com.br\/blog\/wp-content\/uploads\/2025\/10\/1-2.png","contentUrl":"https:\/\/www.melhorescola.com.br\/blog\/wp-content\/uploads\/2025\/10\/1-2.png","width":830,"height":553,"caption":"dia nacional da alimenta\u00e7\u00e3o na escola"},{"@type":"BreadcrumbList","@id":"https:\/\/www.melhorescola.com.br\/blog\/dia-nacional-da-alimentacao-na-escola\/#breadcrumb","itemListElement":[{"@type":"ListItem","position":1,"name":"In\u00edcio","item":"https:\/\/www.melhorescola.com.br\/blog\/"},{"@type":"ListItem","position":2,"name":"Dia Nacional da Alimenta\u00e7\u00e3o na Escola: veja como celebrar a data"}]},{"@type":"WebSite","@id":"https:\/\/www.melhorescola.com.br\/blog\/#website","url":"https:\/\/www.melhorescola.com.br\/blog\/","name":"Blog do Melhor Escola","description":"Veja conte\u00fados sobre capta\u00e7\u00e3o de alunos, gest\u00e3o escolar, marketing educacional, universo pedag\u00f3gico e muito mais!","publisher":{"@id":"https:\/\/www.melhorescola.com.br\/blog\/#organization"},"potentialAction":[{"@type":"SearchAction","target":{"@type":"EntryPoint","urlTemplate":"https:\/\/www.melhorescola.com.br\/blog\/?s={search_term_string}"},"query-input":{"@type":"PropertyValueSpecification","valueRequired":true,"valueName":"search_term_string"}}],"inLanguage":"pt-BR"},{"@type":"Organization","@id":"https:\/\/www.melhorescola.com.br\/blog\/#organization","name":"Melhor Escola B2B","url":"https:\/\/www.melhorescola.com.br\/blog\/","logo":{"@type":"ImageObject","inLanguage":"pt-BR","@id":"https:\/\/www.melhorescola.com.br\/blog\/#\/schema\/logo\/image\/","url":"https:\/\/www.melhorescola.com.br\/blog\/wp-content\/uploads\/2024\/06\/images-removebg-preview-2.png","contentUrl":"https:\/\/www.melhorescola.com.br\/blog\/wp-content\/uploads\/2024\/06\/images-removebg-preview-2.png","width":148,"height":148,"caption":"Melhor Escola B2B"},"image":{"@id":"https:\/\/www.melhorescola.com.br\/blog\/#\/schema\/logo\/image\/"}},{"@type":"Person","@id":"https:\/\/www.melhorescola.com.br\/blog\/#\/schema\/person\/5de2044c9fde0edd50d6f7cef3a23b5e","name":"Ana Paiva","image":{"@type":"ImageObject","inLanguage":"pt-BR","@id":"https:\/\/secure.gravatar.com\/avatar\/5733257f78af208ff1acf8031ec53d9032333f2e3847994a6f25fca799f29f1a?s=96&d=mm&r=g","url":"https:\/\/secure.gravatar.com\/avatar\/5733257f78af208ff1acf8031ec53d9032333f2e3847994a6f25fca799f29f1a?s=96&d=mm&r=g","contentUrl":"https:\/\/secure.gravatar.com\/avatar\/5733257f78af208ff1acf8031ec53d9032333f2e3847994a6f25fca799f29f1a?s=96&d=mm&r=g","caption":"Ana Paiva"},"url":"https:\/\/www.melhorescola.com.br\/blog\/author\/ana-beatriz\/"}]}},"_links":{"self":[{"href":"https:\/\/www.melhorescola.com.br\/blog\/wp-json\/wp\/v2\/posts\/24905","targetHints":{"allow":["GET"]}}],"collection":[{"href":"https:\/\/www.melhorescola.com.br\/blog\/wp-json\/wp\/v2\/posts"}],"about":[{"href":"https:\/\/www.melhorescola.com.br\/blog\/wp-json\/wp\/v2\/types\/post"}],"author":[{"embeddable":true,"href":"https:\/\/www.melhorescola.com.br\/blog\/wp-json\/wp\/v2\/users\/27"}],"replies":[{"embeddable":true,"href":"https:\/\/www.melhorescola.com.br\/blog\/wp-json\/wp\/v2\/comments?post=24905"}],"version-history":[{"count":1,"href":"https:\/\/www.melhorescola.com.br\/blog\/wp-json\/wp\/v2\/posts\/24905\/revisions"}],"predecessor-version":[{"id":24911,"href":"https:\/\/www.melhorescola.com.br\/blog\/wp-json\/wp\/v2\/posts\/24905\/revisions\/24911"}],"wp:featuredmedia":[{"embeddable":true,"href":"https:\/\/www.melhorescola.com.br\/blog\/wp-json\/wp\/v2\/media\/24907"}],"wp:attachment":[{"href":"https:\/\/www.melhorescola.com.br\/blog\/wp-json\/wp\/v2\/media?parent=24905"}],"wp:term":[{"taxonomy":"category","embeddable":true,"href":"https:\/\/www.melhorescola.com.br\/blog\/wp-json\/wp\/v2\/categories?post=24905"},{"taxonomy":"post_tag","embeddable":true,"href":"https:\/\/www.melhorescola.com.br\/blog\/wp-json\/wp\/v2\/tags?post=24905"}],"curies":[{"name":"wp","href":"https:\/\/api.w.org\/{rel}","templated":true}]}}