{"id":24850,"date":"2025-09-09T13:52:14","date_gmt":"2025-09-09T16:52:14","guid":{"rendered":"https:\/\/www.melhorescola.com.br\/blog\/?p=24850"},"modified":"2025-09-09T13:55:28","modified_gmt":"2025-09-09T16:55:28","slug":"escolas-de-tempo-integral","status":"publish","type":"post","link":"https:\/\/www.melhorescola.com.br\/blog\/escolas-de-tempo-integral\/","title":{"rendered":"MEC e MinC levam arte e cultura para escolas de tempo integral"},"content":{"rendered":"\n<p><strong>Em resumo:<\/strong><\/p>\n\n\n\n<ol class=\"wp-block-list\">\n<li><strong>Parceria MEC + MinC:<\/strong> o governo vai financiar projetos de <strong>arte e cultura<\/strong> <strong>para escolas p\u00fablicas de tempo integral<\/strong>, fortalecendo a forma\u00e7\u00e3o integral dos alunos.<br><\/li>\n\n\n\n<li><strong>Benef\u00edcios pedag\u00f3gicos e sociais:<\/strong> as atividades art\u00edsticas promovem inclus\u00e3o, engajamento, bem-estar estudantil e redu\u00e7\u00e3o da evas\u00e3o escolar.<br><\/li>\n\n\n\n<li><strong>Oportunidades para gestores:<\/strong> a iniciativa oferece inspira\u00e7\u00e3o para escolas p\u00fablicas e privadas repensarem <strong>projetos de arte e cultura<\/strong>, alinhando gest\u00e3o pedag\u00f3gica e pol\u00edticas p\u00fablicas.<\/li>\n<\/ol>\n\n\n\n<p>Nos \u00faltimos meses, a <strong>educa\u00e7\u00e3o em tempo integral<\/strong> voltou ao centro do debate educacional com <a href=\"https:\/\/www.melhorescola.com.br\/blog\/educacao-em-tempo-integral\/\" target=\"_blank\" rel=\"noreferrer noopener\">novas diretrizes divulgadas<\/a> pelo <strong>Conselho Nacional da Educa\u00e7\u00e3o (CNE).&nbsp;<\/strong><\/p>\n\n\n\n<ul class=\"wp-block-list\">\n<li><a href=\"https:\/\/www.melhorescola.com.br\/blog\/evasao-escolar\/\" target=\"_blank\" rel=\"noreferrer noopener\">Veja dicas estrat\u00e9gicas de como combater a evas\u00e3o escolar<\/a><\/li>\n<\/ul>\n\n\n\n<p>O documento estabeleceu regras e orienta\u00e7\u00f5es para que <strong>escolas p\u00fablicas e privadas<\/strong> de tempo integral ofere\u00e7am uma jornada ampliada que vai al\u00e9m das horas a mais na escola, focando na forma\u00e7\u00e3o integral dos alunos, em seus aspectos acad\u00eamicos, emocionais, sociais, \u00e9ticos e culturais.&nbsp;<\/p>\n\n\n\n<p>Agora, uma <strong>parceria in\u00e9dita entre O Minist\u00e9rio da Educa\u00e7\u00e3o (MEC) e o Minist\u00e9rio da Cultura (MinC)<\/strong> refor\u00e7a e financia esse movimento, trazendo <strong>arte e cultura como pilares<\/strong> para consolidar a forma\u00e7\u00e3o integral nas escolas.<\/p>\n\n\n\n<p>A parceria surge como uma oportunidade para <strong>gestores e educadores de escolas p\u00fablicas<\/strong> ampliarem as possibilidades pedag\u00f3gicas dentro do <strong>modelo de tempo integral.<\/strong><\/p>\n\n\n\n<p>Continue a leitura, entenda mais sobre a novidade, saiba como sua escola pode participar e conhe\u00e7a os impactos pedag\u00f3gicos e de gest\u00e3o a partir da nova medida.&nbsp;<\/p>\n\n\n\n<p><strong>Confira os t\u00f3picos que vamos abordar:<\/strong><\/p>\n\n\n\n<ul class=\"wp-block-list\">\n<li>Como o MEC + MinC vai levar arte e cultura para escolas de tempo integral?<\/li>\n\n\n\n<li>O que \u00e9 a Escola em Tempo Integral?<\/li>\n\n\n\n<li>Por que arte e cultura s\u00e3o importantes na forma\u00e7\u00e3o integral?<\/li>\n\n\n\n<li>Quais os impactos do Arte e Cultura na gest\u00e3o escolar?&nbsp;<\/li>\n<\/ul>\n\n\n\n<figure class=\"wp-block-image size-full\"><img fetchpriority=\"high\" decoding=\"async\" width=\"830\" height=\"553\" src=\"https:\/\/www.melhorescola.com.br\/blog\/wp-content\/uploads\/2025\/09\/2-5.png\" alt=\"crian\u00e7as de escolas em tempo integral trabalhando arte e cultura na escola\" class=\"wp-image-24852\" srcset=\"https:\/\/www.melhorescola.com.br\/blog\/wp-content\/uploads\/2025\/09\/2-5.png 830w, https:\/\/www.melhorescola.com.br\/blog\/wp-content\/uploads\/2025\/09\/2-5-800x533.png 800w, https:\/\/www.melhorescola.com.br\/blog\/wp-content\/uploads\/2025\/09\/2-5-768x512.png 768w\" sizes=\"(max-width: 830px) 100vw, 830px\" \/><\/figure>\n\n\n\n<h2 class=\"wp-block-heading\">Como o MEC + MinC vai levar arte e cultura para escolas de tempo integral?<\/h2>\n\n\n\n<p>Nos \u00faltimos dias, o <strong>MEC<\/strong> e o <strong>MinC<\/strong> firmaram uma <strong>parceria in\u00e9dita<\/strong> para implementar projetos de <strong>arte e cultura nas escolas p\u00fablicas de tempo integral<\/strong> em todo o pa\u00eds.&nbsp;<\/p>\n\n\n\n<p>A a\u00e7\u00e3o, institu\u00edda por portaria interministerial, integra o programa do governo <strong>Escola em Tempo Integral<\/strong>, com foco em fortalecer a <strong>forma\u00e7\u00e3o integral<\/strong> dos estudantes e a <a href=\"https:\/\/www.melhorescola.com.br\/blog\/capacitacao-continuada-de-professores-como-fazer\/\" target=\"_blank\" rel=\"noreferrer noopener\">capacita\u00e7\u00e3o de professores<\/a>, artistas e parceiros.<\/p>\n\n\n\n<p>Com a nova parceria, as <strong>escolas de tempo integral<\/strong> passam a contar com apoio t\u00e9cnico e financeiro para desenvolver projetos de arte e cultura \u2014 abrindo caminho para experi\u00eancias educativas mais completas e inovadoras.<\/p>\n\n\n\n<h3 class=\"wp-block-heading\">Quais os objetivos da parceria?<\/h3>\n\n\n\n<ul class=\"wp-block-list\">\n<li>Integrar atividades <strong>art\u00edstico-culturais ao curr\u00edculo escolar<\/strong>;<br><\/li>\n\n\n\n<li>Valorizar manifesta\u00e7\u00f5es culturais populares e tradi\u00e7\u00f5es afro-brasileiras, ind\u00edgenas e africanas;<br><\/li>\n\n\n\n<li>Incentivar a <strong>coopera\u00e7\u00e3o entre artistas, professores e comunidades escolares<\/strong>;<br><\/li>\n\n\n\n<li>Priorizar escolas em <strong>territ\u00f3rios com maior vulnerabilidade socioecon\u00f4mica e cultural<\/strong>;<br><\/li>\n\n\n\n<li>Apoiar financeiramente e tecnicamente os projetos por meio de <strong>editais de chamamento p\u00fablico<\/strong> e transfer\u00eancia de recursos da Uni\u00e3o.<\/li>\n<\/ul>\n\n\n\n<p>Durante a cerim\u00f4nia de lan\u00e7amento do <strong>Arte e Cultura<\/strong>, o&nbsp; ministro da Educa\u00e7\u00e3o, <strong>Camilo Santana<\/strong>, destacou que a <strong>universaliza\u00e7\u00e3o do ensino integral<\/strong> contribui para reduzir a evas\u00e3o escolar e \u00edndices de viol\u00eancia:<\/p>\n\n\n\n<blockquote class=\"wp-block-quote is-layout-flow wp-block-quote-is-layout-flow\">\n<p><em>A escola em tempo integral olha o projeto de vida do aluno como um todo, que precisa ter cultura, esporte, curso de l\u00ednguas e precisa ter uma coordena\u00e7\u00e3o pedag\u00f3gica que olha para o projeto de vida de cada aluno<\/em>, destacou o ministro.&nbsp;<\/p>\n<\/blockquote>\n\n\n\n<p>J\u00e1 a ministra da Cultura, <strong>Margareth Menezes<\/strong>, refor\u00e7ou que <strong>arte e cultura s\u00e3o insepar\u00e1veis da educa\u00e7\u00e3o<\/strong>, trazendo desenvolvimento cognitivo, social e emocional.<\/p>\n\n\n\n<blockquote class=\"wp-block-quote is-layout-flow wp-block-quote-is-layout-flow\">\n<p><em>Desejo que cada professor ou professora, cada aluno e aluna, cada mestre e mestra, que todos e todas colaborem ou participem dessa intera\u00e7\u00e3o da arte e da cultura dentro das escolas, possam experimentar as boas emo\u00e7\u00f5es interativas e integrativas que a arte e a cultura podem proporcionar e contribuir como elemento de aprendizagem e transforma\u00e7\u00e3o de vida<\/em>, pontuou a ministra.&nbsp;<\/p>\n<\/blockquote>\n\n\n\n<h3 class=\"wp-block-heading\">Como participar?<\/h3>\n\n\n\n<p>Podem se inscrever na iniciativa secretarias de Educa\u00e7\u00e3o e Cultura de estados e munic\u00edpios, \u00f3rg\u00e3os e entidades p\u00fablicas cong\u00eaneres.&nbsp;<\/p>\n\n\n\n<p>Os interessados devem elaborar e cadastrar um <strong>plano de trabalho na plataforma TransfereGov<\/strong>, detalhando objetivos, cronogramas f\u00edsico e financeiro, justificativas e estrat\u00e9gias de aplica\u00e7\u00e3o das despesas.&nbsp;<\/p>\n\n\n\n<figure class=\"wp-block-table\"><table class=\"has-fixed-layout\"><tbody><tr><td><strong>Dica para gestores:<\/strong><br><br>Projetos de arte e cultura podem <strong>fortalecer a integra\u00e7\u00e3o entre professores, alunos e comunidade<\/strong>. Ao planejar essas a\u00e7\u00f5es, os gestores podem:<br><br>&#8211; Criar parcerias com universidades e artistas locais;<br><br>&#8211; Desenvolver atividades que trabalham habilidades socioemocionais;<br><br>&#8211; Aumentar o engajamento da comunidade escolar e diminuir a evas\u00e3o.&nbsp;<\/td><\/tr><\/tbody><\/table><\/figure>\n\n\n\n<p>Os projetos podem envolver parcerias com universidades, especialmente cursos de artes, e com organiza\u00e7\u00f5es da sociedade civil ligadas \u00e0 cultura, como pontos e pont\u00f5es de cultura.&nbsp;<\/p>\n\n\n\n<p>A participa\u00e7\u00e3o \u00e9 volunt\u00e1ria e os planos aprovados receber\u00e3o <strong>apoio financeiro e t\u00e9cnico<\/strong> do governo federal para implementa\u00e7\u00e3o das a\u00e7\u00f5es.<\/p>\n\n\n\n<h2 class=\"wp-block-heading\">O que \u00e9 a Escola em Tempo Integral?<\/h2>\n\n\n\n<p>O <strong>Programa <\/strong><a href=\"https:\/\/www.gov.br\/mec\/pt-br\/escola-em-tempo-integral\" target=\"_blank\" rel=\"noreferrer noopener\"><strong>Escola em Tempo Integral<\/strong><\/a> \u00e9 uma iniciativa do <strong>governo federal<\/strong> que busca <strong>fomentar a cria\u00e7\u00e3o de matr\u00edculas em tempo integral em todas as etapas e modalidades da educa\u00e7\u00e3o b\u00e1sica<\/strong>, da Educa\u00e7\u00e3o Infantil ao Ensino M\u00e9dio.&nbsp;<\/p>\n\n\n\n<p>O objetivo vai al\u00e9m de ampliar o tempo na escola: trata-se de oferecer uma <strong>educa\u00e7\u00e3o integral<\/strong>, que considera o desenvolvimento acad\u00eamico, socioemocional, cultural e \u00e9tico dos alunos.<\/p>\n\n\n\n<figure class=\"wp-block-image size-full\"><img decoding=\"async\" width=\"830\" height=\"553\" data-src=\"https:\/\/www.melhorescola.com.br\/blog\/wp-content\/uploads\/2025\/09\/1-5.png\" alt=\"alunos de tempo integral em atividade de m\u00fasica na escola\" class=\"wp-image-24853 lazyload\" data-srcset=\"https:\/\/www.melhorescola.com.br\/blog\/wp-content\/uploads\/2025\/09\/1-5.png 830w, https:\/\/www.melhorescola.com.br\/blog\/wp-content\/uploads\/2025\/09\/1-5-800x533.png 800w, https:\/\/www.melhorescola.com.br\/blog\/wp-content\/uploads\/2025\/09\/1-5-768x512.png 768w\" data-sizes=\"(max-width: 830px) 100vw, 830px\" src=\"data:image\/svg+xml;base64,PHN2ZyB3aWR0aD0iMSIgaGVpZ2h0PSIxIiB4bWxucz0iaHR0cDovL3d3dy53My5vcmcvMjAwMC9zdmciPjwvc3ZnPg==\" style=\"--smush-placeholder-width: 830px; --smush-placeholder-aspect-ratio: 830\/553;\" \/><\/figure>\n\n\n\n<p><strong>Como funciona na pr\u00e1tica:<\/strong><\/p>\n\n\n\n<ul class=\"wp-block-list\">\n<li><strong>Jornada estendida:<\/strong> m\u00ednimo de 7 horas por dia e 35 horas semanais;<br><\/li>\n\n\n\n<li><strong>Integra\u00e7\u00e3o curricular:<\/strong> atividades acad\u00eamicas, esportivas, culturais e art\u00edsticas conectadas entre si;<br><\/li>\n\n\n\n<li><strong>Gest\u00e3o pedag\u00f3gica:<\/strong> planejamento estrat\u00e9gico para alinhar professores, turmas e atividades, garantindo qualidade e engajamento;<br><\/li>\n\n\n\n<li><strong>Flexibilidade e inova\u00e7\u00e3o:<\/strong> escolas podem adaptar m\u00e9todos e parcerias para atender melhor \u00e0s necessidades dos alunos.<\/li>\n<\/ul>\n\n\n\n<p>As novas regras do <strong>Conselho Nacional de Educa\u00e7\u00e3o (CNE)<\/strong> refor\u00e7am esses princ\u00edpios, orientando escolas p\u00fablicas e privadas a estruturarem suas <strong>rotinas, curr\u00edculos e pol\u00edticas de gest\u00e3o<\/strong> de acordo com a perspectiva da educa\u00e7\u00e3o integral.&nbsp;<\/p>\n\n\n\n<figure class=\"wp-block-table\"><table class=\"has-fixed-layout\"><tbody><tr><td><strong>Dica para gestores: <\/strong>embora o programa <strong>Arte e Cultura<\/strong> seja voltado principalmente para escolas p\u00fablicas com financiamento direto, institui\u00e7\u00f5es privadas tamb\u00e9m podem se inspirar para revisar e ampliar seus pr\u00f3prios projetos de arte e cultura na escola em tempo integral.<\/td><\/tr><\/tbody><\/table><\/figure>\n\n\n\n<p>Isso exige que a <strong>dire\u00e7\u00e3o e coordena\u00e7\u00e3o pedag\u00f3gica planejem com aten\u00e7\u00e3o,<\/strong> garantindo que a <a href=\"https:\/\/www.melhorescola.com.br\/blog\/educacao-em-periodo-integral-vantagens-e-desafios\/\" target=\"_blank\" rel=\"noreferrer noopener\">jornada ampliada<\/a> n\u00e3o se trate apenas de mais tempo na escola, mas traga <strong>uma experi\u00eancia educativa completa e transformadora<\/strong>.<\/p>\n\n\n\n<h2 class=\"wp-block-heading\">Por que arte e cultura s\u00e3o importantes na forma\u00e7\u00e3o integral?<\/h2>\n\n\n\n<p>Incluir <strong>arte e cultura nas escolas de tempo integral<\/strong> tem impactos bem maiores do que apenas oferecer \u201catividades complementares\u201d.&nbsp;<\/p>\n\n\n\n<p>A <a href=\"https:\/\/www.melhorescola.com.br\/blog\/educacao-artistica\/\" target=\"_blank\" rel=\"noreferrer noopener\">forma\u00e7\u00e3o art\u00edstica e cultural <\/a>desempenha um papel central no <strong>desenvolvimento cognitivo, socioemocional e cr\u00edtico<\/strong> dos alunos, contribuindo para uma forma\u00e7\u00e3o integral de qualidade que vai se estender at\u00e9 a vida adulta .<\/p>\n\n\n\n<p><strong>Principais benef\u00edcios para a escola e os alunos:<\/strong><\/p>\n\n\n\n<ul class=\"wp-block-list\">\n<li><strong>Engajamento estudantil:<\/strong> atividades art\u00edsticas e culturais despertam interesse, criatividade e motiva\u00e7\u00e3o para aprender.<br><\/li>\n\n\n\n<li><strong>Redu\u00e7\u00e3o da evas\u00e3o escolar:<\/strong> alunos que se sentem parte de um ambiente estimulante e inclusivo tendem a frequentar a escola com mais regularidade.<br><\/li>\n\n\n\n<li><strong>Fortalecimento do v\u00ednculo comunidade-escola:<\/strong> projetos culturais e art\u00edsticos promovem intera\u00e7\u00e3o entre professores, alunos e fam\u00edlias, valorizando a diversidade cultural local.<br><\/li>\n\n\n\n<li><strong>Desenvolvimento de compet\u00eancias socioemocionais:<\/strong> participa\u00e7\u00e3o em atividades art\u00edsticas ajuda na autoestima, empatia, coopera\u00e7\u00e3o e resolu\u00e7\u00e3o de problemas.<br><\/li>\n\n\n\n<li><strong>Inova\u00e7\u00e3o pedag\u00f3gica:<\/strong> gestores podem integrar a arte aos conte\u00fados curriculares, tornando o aprendizado mais din\u00e2mico e significativo.<\/li>\n<\/ul>\n\n\n\n<p>Nesse sentido, aproveitar a iniciativa do governo para investir em <strong>programas de arte e cultura <\/strong>\u00e9 uma estrat\u00e9gia que impacta positivamente o bem-estar estudantil, a inclus\u00e3o e a forma\u00e7\u00e3o completa dos alunos, alinhando a <a href=\"https:\/\/www.melhorescola.com.br\/blog\/plano-de-gestao-escolar-o-que-e-e-como-implementa-lo\/\" target=\"_blank\" rel=\"noreferrer noopener\">gest\u00e3o pedag\u00f3gica<\/a> com pol\u00edticas p\u00fablicas que valorizam a educa\u00e7\u00e3o integral.<\/p>\n\n\n\n<h2 class=\"wp-block-heading\">Quais os impactos do Arte e Cultura para a gest\u00e3o escolar?<\/h2>\n\n\n\n<p>Investir em <strong>programas de arte e cultura no modelo de escola em tempo integral<\/strong> pode transformar a gest\u00e3o pedag\u00f3gica e fortalecer a escola como espa\u00e7o de forma\u00e7\u00e3o integral.<\/p>\n\n\n\n<p>Para gestores, <strong>os principais impactos incluem:<\/strong><\/p>\n\n\n\n<h3 class=\"wp-block-heading\">1. Redu\u00e7\u00e3o da evas\u00e3o escolar<\/h3>\n\n\n\n<p>Projetos art\u00edsticos e culturais aumentam o engajamento dos alunos, tornando o ambiente escolar mais atrativo e motivador. Esse envolvimento reflete diretamente nos indicadores educacionais da escola, contribuindo para o <strong>sucesso acad\u00eamico e a <\/strong><a href=\"https:\/\/www.melhorescola.com.br\/blog\/busca-ativa-escolar\/\" target=\"_blank\" rel=\"noreferrer noopener\"><strong>reten\u00e7\u00e3o de estudantes<\/strong><\/a><strong>.<\/strong><\/p>\n\n\n\n<h3 class=\"wp-block-heading\">2. Amplia\u00e7\u00e3o de projetos interdisciplinares<\/h3>\n\n\n\n<p>Integrar<strong> arte e cultura<\/strong> com outras \u00e1reas do conhecimento fortalece o <a href=\"https:\/\/www.melhorescola.com.br\/blog\/ppp-escolar-alinhado-a-bncc-descubra-como-fazer\/\" target=\"_blank\" rel=\"noreferrer noopener\"><strong>Projeto Pol\u00edtico-Pedag\u00f3gico (PPP)<\/strong><\/a> e incentiva pr\u00e1ticas pedag\u00f3gicas inovadoras. Dessa forma, a equipe docente consegue desenvolver atividades mais conectadas, estimulando a criatividade e o pensamento cr\u00edtico dos alunos.<\/p>\n\n\n\n<h3 class=\"wp-block-heading\">3. Novas parcerias culturais<\/h3>\n\n\n\n<p>A <strong>coopera\u00e7\u00e3o com artistas, universidades e organiza\u00e7\u00f5es da sociedade civil<\/strong> amplia a presen\u00e7a da escola na comunidade. Essas parcerias criam oportunidades de aprendizado al\u00e9m da sala de aula e <strong>fortalecem a imagem institucional da escola <\/strong>como promotora de cultura e forma\u00e7\u00e3o integral.<\/p>\n\n\n\n<figure class=\"wp-block-image size-full\"><img decoding=\"async\" width=\"830\" height=\"553\" data-src=\"https:\/\/www.melhorescola.com.br\/blog\/wp-content\/uploads\/2025\/09\/3-5.png\" alt=\"escola de tempo integral em atividade de arte e cultura na escola\n\" class=\"wp-image-24855 lazyload\" data-srcset=\"https:\/\/www.melhorescola.com.br\/blog\/wp-content\/uploads\/2025\/09\/3-5.png 830w, https:\/\/www.melhorescola.com.br\/blog\/wp-content\/uploads\/2025\/09\/3-5-800x533.png 800w, https:\/\/www.melhorescola.com.br\/blog\/wp-content\/uploads\/2025\/09\/3-5-768x512.png 768w\" data-sizes=\"(max-width: 830px) 100vw, 830px\" src=\"data:image\/svg+xml;base64,PHN2ZyB3aWR0aD0iMSIgaGVpZ2h0PSIxIiB4bWxucz0iaHR0cDovL3d3dy53My5vcmcvMjAwMC9zdmciPjwvc3ZnPg==\" style=\"--smush-placeholder-width: 830px; --smush-placeholder-aspect-ratio: 830\/553;\" \/><\/figure>\n\n\n\n<p>Como vimos, a <strong>parceria entre MEC e MinC<\/strong> refor\u00e7a que a<strong> educa\u00e7\u00e3o em tempo integral<\/strong> n\u00e3o se limita ao aumento da carga hor\u00e1ria na escola.&nbsp;<\/p>\n\n\n\n<p>Para gestores e educadores, essa iniciativa <strong>representa uma oportunidade concreta de inovar na gest\u00e3o escolar<\/strong>, integrar projetos art\u00edsticos ao curr\u00edculo e fortalecer o v\u00ednculo com a comunidade.<\/p>\n\n\n\n<p>Por isso, <strong>planejar de forma estrat\u00e9gica <\/strong>como implementar essas a\u00e7\u00f5es \u00e9 essencial para potencializar os resultados pedag\u00f3gicos e administrativos da escola, consolidando-se como refer\u00eancia em educa\u00e7\u00e3o integral.<\/p>\n\n\n\n<p><strong>Gostou do conte\u00fado? Ent\u00e3o, fique por dentro das novidades:<\/strong> acompanhe <a href=\"https:\/\/www.melhorescola.com.br\/blog\/category\/ambiente-escolar\/\" target=\"_blank\" rel=\"noreferrer noopener\">nosso blog<\/a> para receber artigos sobre pol\u00edticas p\u00fablicas, tend\u00eancias pedag\u00f3gicas e boas pr\u00e1ticas de gest\u00e3o escolar.<\/p>\n\n\n\n<p><\/p>\n","protected":false},"excerpt":{"rendered":"<p>Em resumo: Nos \u00faltimos meses, a educa\u00e7\u00e3o em tempo integral voltou ao centro do debate educacional com novas diretrizes divulgadas pelo Conselho Nacional da Educa\u00e7\u00e3o&hellip;<\/p>\n","protected":false},"author":27,"featured_media":24851,"comment_status":"open","ping_status":"open","sticky":false,"template":"","format":"standard","meta":{"footnotes":""},"categories":[262],"tags":[295,519,518,164,5],"class_list":["post-24850","post","type-post","status-publish","format-standard","has-post-thumbnail","hentry","category-ambiente-escolar","tag-ambiente-escolar","tag-arte-e-cultura-na-escola","tag-escola-em-tempo-integral","tag-gestao-escolar","tag-planejamento-escolar"],"yoast_head":"<!-- This site is optimized with the Yoast SEO plugin v27.4 - https:\/\/yoast.com\/product\/yoast-seo-wordpress\/ -->\n<title>MEC e MinC levam arte e cultura para escolas de tempo integral<\/title>\n<meta name=\"description\" content=\"Entenda como a parceria entre MEC e MinC fortalece a educa\u00e7\u00e3o em tempo integral com arte e cultura e quais os impactos para a gest\u00e3o escolar.\" \/>\n<meta name=\"robots\" content=\"index, follow, max-snippet:-1, max-image-preview:large, max-video-preview:-1\" \/>\n<link rel=\"canonical\" href=\"https:\/\/www.melhorescola.com.br\/blog\/escolas-de-tempo-integral\/\" \/>\n<meta property=\"og:locale\" content=\"pt_BR\" \/>\n<meta property=\"og:type\" content=\"article\" \/>\n<meta property=\"og:title\" content=\"MEC e MinC levam arte e cultura para escolas de tempo integral\" \/>\n<meta property=\"og:description\" content=\"Entenda como a parceria entre MEC e MinC fortalece a educa\u00e7\u00e3o em tempo integral com arte e cultura e quais os impactos para a gest\u00e3o escolar.\" \/>\n<meta property=\"og:url\" content=\"https:\/\/www.melhorescola.com.br\/blog\/escolas-de-tempo-integral\/\" \/>\n<meta property=\"og:site_name\" content=\"Blog do Melhor Escola\" \/>\n<meta property=\"article:published_time\" content=\"2025-09-09T16:52:14+00:00\" \/>\n<meta property=\"article:modified_time\" content=\"2025-09-09T16:55:28+00:00\" \/>\n<meta property=\"og:image\" content=\"https:\/\/www.melhorescola.com.br\/blog\/wp-content\/uploads\/2025\/09\/4-5.png\" \/>\n\t<meta property=\"og:image:width\" content=\"830\" \/>\n\t<meta property=\"og:image:height\" content=\"553\" \/>\n\t<meta property=\"og:image:type\" content=\"image\/png\" \/>\n<meta name=\"author\" content=\"Ana Paiva\" \/>\n<meta name=\"twitter:card\" content=\"summary_large_image\" \/>\n<meta name=\"twitter:label1\" content=\"Escrito por\" \/>\n\t<meta name=\"twitter:data1\" content=\"Ana Paiva\" \/>\n\t<meta name=\"twitter:label2\" content=\"Est. tempo de leitura\" \/>\n\t<meta name=\"twitter:data2\" content=\"9 minutos\" \/>\n<script type=\"application\/ld+json\" class=\"yoast-schema-graph\">{\"@context\":\"https:\\\/\\\/schema.org\",\"@graph\":[{\"@type\":\"Article\",\"@id\":\"https:\\\/\\\/www.melhorescola.com.br\\\/blog\\\/escolas-de-tempo-integral\\\/#article\",\"isPartOf\":{\"@id\":\"https:\\\/\\\/www.melhorescola.com.br\\\/blog\\\/escolas-de-tempo-integral\\\/\"},\"author\":{\"name\":\"Ana Paiva\",\"@id\":\"https:\\\/\\\/www.melhorescola.com.br\\\/blog\\\/#\\\/schema\\\/person\\\/5de2044c9fde0edd50d6f7cef3a23b5e\"},\"headline\":\"MEC e MinC levam arte e cultura para escolas de tempo integral\",\"datePublished\":\"2025-09-09T16:52:14+00:00\",\"dateModified\":\"2025-09-09T16:55:28+00:00\",\"mainEntityOfPage\":{\"@id\":\"https:\\\/\\\/www.melhorescola.com.br\\\/blog\\\/escolas-de-tempo-integral\\\/\"},\"wordCount\":1681,\"commentCount\":0,\"publisher\":{\"@id\":\"https:\\\/\\\/www.melhorescola.com.br\\\/blog\\\/#organization\"},\"image\":{\"@id\":\"https:\\\/\\\/www.melhorescola.com.br\\\/blog\\\/escolas-de-tempo-integral\\\/#primaryimage\"},\"thumbnailUrl\":\"https:\\\/\\\/www.melhorescola.com.br\\\/blog\\\/wp-content\\\/uploads\\\/2025\\\/09\\\/4-5.png\",\"keywords\":[\"ambiente escolar\",\"arte e cultura na escola\",\"escola em tempo integral\",\"Gest\u00e3o Escolar\",\"Planejamento Escolar\"],\"articleSection\":[\"Ambiente Escolar\"],\"inLanguage\":\"pt-BR\",\"potentialAction\":[{\"@type\":\"CommentAction\",\"name\":\"Comment\",\"target\":[\"https:\\\/\\\/www.melhorescola.com.br\\\/blog\\\/escolas-de-tempo-integral\\\/#respond\"]}]},{\"@type\":\"WebPage\",\"@id\":\"https:\\\/\\\/www.melhorescola.com.br\\\/blog\\\/escolas-de-tempo-integral\\\/\",\"url\":\"https:\\\/\\\/www.melhorescola.com.br\\\/blog\\\/escolas-de-tempo-integral\\\/\",\"name\":\"MEC e MinC levam arte e cultura para escolas de tempo integral\",\"isPartOf\":{\"@id\":\"https:\\\/\\\/www.melhorescola.com.br\\\/blog\\\/#website\"},\"primaryImageOfPage\":{\"@id\":\"https:\\\/\\\/www.melhorescola.com.br\\\/blog\\\/escolas-de-tempo-integral\\\/#primaryimage\"},\"image\":{\"@id\":\"https:\\\/\\\/www.melhorescola.com.br\\\/blog\\\/escolas-de-tempo-integral\\\/#primaryimage\"},\"thumbnailUrl\":\"https:\\\/\\\/www.melhorescola.com.br\\\/blog\\\/wp-content\\\/uploads\\\/2025\\\/09\\\/4-5.png\",\"datePublished\":\"2025-09-09T16:52:14+00:00\",\"dateModified\":\"2025-09-09T16:55:28+00:00\",\"description\":\"Entenda como a parceria entre MEC e MinC fortalece a educa\u00e7\u00e3o em tempo integral com arte e cultura e quais os impactos para a gest\u00e3o escolar.\",\"breadcrumb\":{\"@id\":\"https:\\\/\\\/www.melhorescola.com.br\\\/blog\\\/escolas-de-tempo-integral\\\/#breadcrumb\"},\"inLanguage\":\"pt-BR\",\"potentialAction\":[{\"@type\":\"ReadAction\",\"target\":[\"https:\\\/\\\/www.melhorescola.com.br\\\/blog\\\/escolas-de-tempo-integral\\\/\"]}]},{\"@type\":\"ImageObject\",\"inLanguage\":\"pt-BR\",\"@id\":\"https:\\\/\\\/www.melhorescola.com.br\\\/blog\\\/escolas-de-tempo-integral\\\/#primaryimage\",\"url\":\"https:\\\/\\\/www.melhorescola.com.br\\\/blog\\\/wp-content\\\/uploads\\\/2025\\\/09\\\/4-5.png\",\"contentUrl\":\"https:\\\/\\\/www.melhorescola.com.br\\\/blog\\\/wp-content\\\/uploads\\\/2025\\\/09\\\/4-5.png\",\"width\":830,\"height\":553,\"caption\":\"projeto de arte e cultura na escola\"},{\"@type\":\"BreadcrumbList\",\"@id\":\"https:\\\/\\\/www.melhorescola.com.br\\\/blog\\\/escolas-de-tempo-integral\\\/#breadcrumb\",\"itemListElement\":[{\"@type\":\"ListItem\",\"position\":1,\"name\":\"In\u00edcio\",\"item\":\"https:\\\/\\\/www.melhorescola.com.br\\\/blog\\\/\"},{\"@type\":\"ListItem\",\"position\":2,\"name\":\"MEC e MinC levam arte e cultura para escolas de tempo integral\"}]},{\"@type\":\"WebSite\",\"@id\":\"https:\\\/\\\/www.melhorescola.com.br\\\/blog\\\/#website\",\"url\":\"https:\\\/\\\/www.melhorescola.com.br\\\/blog\\\/\",\"name\":\"Blog do Melhor Escola\",\"description\":\"Veja conte\u00fados sobre capta\u00e7\u00e3o de alunos, gest\u00e3o escolar, marketing educacional, universo pedag\u00f3gico e muito mais!\",\"publisher\":{\"@id\":\"https:\\\/\\\/www.melhorescola.com.br\\\/blog\\\/#organization\"},\"potentialAction\":[{\"@type\":\"SearchAction\",\"target\":{\"@type\":\"EntryPoint\",\"urlTemplate\":\"https:\\\/\\\/www.melhorescola.com.br\\\/blog\\\/?s={search_term_string}\"},\"query-input\":{\"@type\":\"PropertyValueSpecification\",\"valueRequired\":true,\"valueName\":\"search_term_string\"}}],\"inLanguage\":\"pt-BR\"},{\"@type\":\"Organization\",\"@id\":\"https:\\\/\\\/www.melhorescola.com.br\\\/blog\\\/#organization\",\"name\":\"Melhor Escola B2B\",\"url\":\"https:\\\/\\\/www.melhorescola.com.br\\\/blog\\\/\",\"logo\":{\"@type\":\"ImageObject\",\"inLanguage\":\"pt-BR\",\"@id\":\"https:\\\/\\\/www.melhorescola.com.br\\\/blog\\\/#\\\/schema\\\/logo\\\/image\\\/\",\"url\":\"https:\\\/\\\/www.melhorescola.com.br\\\/blog\\\/wp-content\\\/uploads\\\/2024\\\/06\\\/images-removebg-preview-2.png\",\"contentUrl\":\"https:\\\/\\\/www.melhorescola.com.br\\\/blog\\\/wp-content\\\/uploads\\\/2024\\\/06\\\/images-removebg-preview-2.png\",\"width\":148,\"height\":148,\"caption\":\"Melhor Escola B2B\"},\"image\":{\"@id\":\"https:\\\/\\\/www.melhorescola.com.br\\\/blog\\\/#\\\/schema\\\/logo\\\/image\\\/\"}},{\"@type\":\"Person\",\"@id\":\"https:\\\/\\\/www.melhorescola.com.br\\\/blog\\\/#\\\/schema\\\/person\\\/5de2044c9fde0edd50d6f7cef3a23b5e\",\"name\":\"Ana Paiva\",\"image\":{\"@type\":\"ImageObject\",\"inLanguage\":\"pt-BR\",\"@id\":\"https:\\\/\\\/secure.gravatar.com\\\/avatar\\\/5733257f78af208ff1acf8031ec53d9032333f2e3847994a6f25fca799f29f1a?s=96&d=mm&r=g\",\"url\":\"https:\\\/\\\/secure.gravatar.com\\\/avatar\\\/5733257f78af208ff1acf8031ec53d9032333f2e3847994a6f25fca799f29f1a?s=96&d=mm&r=g\",\"contentUrl\":\"https:\\\/\\\/secure.gravatar.com\\\/avatar\\\/5733257f78af208ff1acf8031ec53d9032333f2e3847994a6f25fca799f29f1a?s=96&d=mm&r=g\",\"caption\":\"Ana Paiva\"},\"url\":\"https:\\\/\\\/www.melhorescola.com.br\\\/blog\\\/author\\\/ana-beatriz\\\/\"}]}<\/script>\n<!-- \/ Yoast SEO plugin. -->","yoast_head_json":{"title":"MEC e MinC levam arte e cultura para escolas de tempo integral","description":"Entenda como a parceria entre MEC e MinC fortalece a educa\u00e7\u00e3o em tempo integral com arte e cultura e quais os impactos para a gest\u00e3o escolar.","robots":{"index":"index","follow":"follow","max-snippet":"max-snippet:-1","max-image-preview":"max-image-preview:large","max-video-preview":"max-video-preview:-1"},"canonical":"https:\/\/www.melhorescola.com.br\/blog\/escolas-de-tempo-integral\/","og_locale":"pt_BR","og_type":"article","og_title":"MEC e MinC levam arte e cultura para escolas de tempo integral","og_description":"Entenda como a parceria entre MEC e MinC fortalece a educa\u00e7\u00e3o em tempo integral com arte e cultura e quais os impactos para a gest\u00e3o escolar.","og_url":"https:\/\/www.melhorescola.com.br\/blog\/escolas-de-tempo-integral\/","og_site_name":"Blog do Melhor Escola","article_published_time":"2025-09-09T16:52:14+00:00","article_modified_time":"2025-09-09T16:55:28+00:00","og_image":[{"width":830,"height":553,"url":"https:\/\/www.melhorescola.com.br\/blog\/wp-content\/uploads\/2025\/09\/4-5.png","type":"image\/png"}],"author":"Ana Paiva","twitter_card":"summary_large_image","twitter_misc":{"Escrito por":"Ana Paiva","Est. tempo de leitura":"9 minutos"},"schema":{"@context":"https:\/\/schema.org","@graph":[{"@type":"Article","@id":"https:\/\/www.melhorescola.com.br\/blog\/escolas-de-tempo-integral\/#article","isPartOf":{"@id":"https:\/\/www.melhorescola.com.br\/blog\/escolas-de-tempo-integral\/"},"author":{"name":"Ana Paiva","@id":"https:\/\/www.melhorescola.com.br\/blog\/#\/schema\/person\/5de2044c9fde0edd50d6f7cef3a23b5e"},"headline":"MEC e MinC levam arte e cultura para escolas de tempo integral","datePublished":"2025-09-09T16:52:14+00:00","dateModified":"2025-09-09T16:55:28+00:00","mainEntityOfPage":{"@id":"https:\/\/www.melhorescola.com.br\/blog\/escolas-de-tempo-integral\/"},"wordCount":1681,"commentCount":0,"publisher":{"@id":"https:\/\/www.melhorescola.com.br\/blog\/#organization"},"image":{"@id":"https:\/\/www.melhorescola.com.br\/blog\/escolas-de-tempo-integral\/#primaryimage"},"thumbnailUrl":"https:\/\/www.melhorescola.com.br\/blog\/wp-content\/uploads\/2025\/09\/4-5.png","keywords":["ambiente escolar","arte e cultura na escola","escola em tempo integral","Gest\u00e3o Escolar","Planejamento Escolar"],"articleSection":["Ambiente Escolar"],"inLanguage":"pt-BR","potentialAction":[{"@type":"CommentAction","name":"Comment","target":["https:\/\/www.melhorescola.com.br\/blog\/escolas-de-tempo-integral\/#respond"]}]},{"@type":"WebPage","@id":"https:\/\/www.melhorescola.com.br\/blog\/escolas-de-tempo-integral\/","url":"https:\/\/www.melhorescola.com.br\/blog\/escolas-de-tempo-integral\/","name":"MEC e MinC levam arte e cultura para escolas de tempo integral","isPartOf":{"@id":"https:\/\/www.melhorescola.com.br\/blog\/#website"},"primaryImageOfPage":{"@id":"https:\/\/www.melhorescola.com.br\/blog\/escolas-de-tempo-integral\/#primaryimage"},"image":{"@id":"https:\/\/www.melhorescola.com.br\/blog\/escolas-de-tempo-integral\/#primaryimage"},"thumbnailUrl":"https:\/\/www.melhorescola.com.br\/blog\/wp-content\/uploads\/2025\/09\/4-5.png","datePublished":"2025-09-09T16:52:14+00:00","dateModified":"2025-09-09T16:55:28+00:00","description":"Entenda como a parceria entre MEC e MinC fortalece a educa\u00e7\u00e3o em tempo integral com arte e cultura e quais os impactos para a gest\u00e3o escolar.","breadcrumb":{"@id":"https:\/\/www.melhorescola.com.br\/blog\/escolas-de-tempo-integral\/#breadcrumb"},"inLanguage":"pt-BR","potentialAction":[{"@type":"ReadAction","target":["https:\/\/www.melhorescola.com.br\/blog\/escolas-de-tempo-integral\/"]}]},{"@type":"ImageObject","inLanguage":"pt-BR","@id":"https:\/\/www.melhorescola.com.br\/blog\/escolas-de-tempo-integral\/#primaryimage","url":"https:\/\/www.melhorescola.com.br\/blog\/wp-content\/uploads\/2025\/09\/4-5.png","contentUrl":"https:\/\/www.melhorescola.com.br\/blog\/wp-content\/uploads\/2025\/09\/4-5.png","width":830,"height":553,"caption":"projeto de arte e cultura na escola"},{"@type":"BreadcrumbList","@id":"https:\/\/www.melhorescola.com.br\/blog\/escolas-de-tempo-integral\/#breadcrumb","itemListElement":[{"@type":"ListItem","position":1,"name":"In\u00edcio","item":"https:\/\/www.melhorescola.com.br\/blog\/"},{"@type":"ListItem","position":2,"name":"MEC e MinC levam arte e cultura para escolas de tempo integral"}]},{"@type":"WebSite","@id":"https:\/\/www.melhorescola.com.br\/blog\/#website","url":"https:\/\/www.melhorescola.com.br\/blog\/","name":"Blog do Melhor Escola","description":"Veja conte\u00fados sobre capta\u00e7\u00e3o de alunos, gest\u00e3o escolar, marketing educacional, universo pedag\u00f3gico e muito mais!","publisher":{"@id":"https:\/\/www.melhorescola.com.br\/blog\/#organization"},"potentialAction":[{"@type":"SearchAction","target":{"@type":"EntryPoint","urlTemplate":"https:\/\/www.melhorescola.com.br\/blog\/?s={search_term_string}"},"query-input":{"@type":"PropertyValueSpecification","valueRequired":true,"valueName":"search_term_string"}}],"inLanguage":"pt-BR"},{"@type":"Organization","@id":"https:\/\/www.melhorescola.com.br\/blog\/#organization","name":"Melhor Escola B2B","url":"https:\/\/www.melhorescola.com.br\/blog\/","logo":{"@type":"ImageObject","inLanguage":"pt-BR","@id":"https:\/\/www.melhorescola.com.br\/blog\/#\/schema\/logo\/image\/","url":"https:\/\/www.melhorescola.com.br\/blog\/wp-content\/uploads\/2024\/06\/images-removebg-preview-2.png","contentUrl":"https:\/\/www.melhorescola.com.br\/blog\/wp-content\/uploads\/2024\/06\/images-removebg-preview-2.png","width":148,"height":148,"caption":"Melhor Escola B2B"},"image":{"@id":"https:\/\/www.melhorescola.com.br\/blog\/#\/schema\/logo\/image\/"}},{"@type":"Person","@id":"https:\/\/www.melhorescola.com.br\/blog\/#\/schema\/person\/5de2044c9fde0edd50d6f7cef3a23b5e","name":"Ana Paiva","image":{"@type":"ImageObject","inLanguage":"pt-BR","@id":"https:\/\/secure.gravatar.com\/avatar\/5733257f78af208ff1acf8031ec53d9032333f2e3847994a6f25fca799f29f1a?s=96&d=mm&r=g","url":"https:\/\/secure.gravatar.com\/avatar\/5733257f78af208ff1acf8031ec53d9032333f2e3847994a6f25fca799f29f1a?s=96&d=mm&r=g","contentUrl":"https:\/\/secure.gravatar.com\/avatar\/5733257f78af208ff1acf8031ec53d9032333f2e3847994a6f25fca799f29f1a?s=96&d=mm&r=g","caption":"Ana Paiva"},"url":"https:\/\/www.melhorescola.com.br\/blog\/author\/ana-beatriz\/"}]}},"_links":{"self":[{"href":"https:\/\/www.melhorescola.com.br\/blog\/wp-json\/wp\/v2\/posts\/24850","targetHints":{"allow":["GET"]}}],"collection":[{"href":"https:\/\/www.melhorescola.com.br\/blog\/wp-json\/wp\/v2\/posts"}],"about":[{"href":"https:\/\/www.melhorescola.com.br\/blog\/wp-json\/wp\/v2\/types\/post"}],"author":[{"embeddable":true,"href":"https:\/\/www.melhorescola.com.br\/blog\/wp-json\/wp\/v2\/users\/27"}],"replies":[{"embeddable":true,"href":"https:\/\/www.melhorescola.com.br\/blog\/wp-json\/wp\/v2\/comments?post=24850"}],"version-history":[{"count":2,"href":"https:\/\/www.melhorescola.com.br\/blog\/wp-json\/wp\/v2\/posts\/24850\/revisions"}],"predecessor-version":[{"id":24857,"href":"https:\/\/www.melhorescola.com.br\/blog\/wp-json\/wp\/v2\/posts\/24850\/revisions\/24857"}],"wp:featuredmedia":[{"embeddable":true,"href":"https:\/\/www.melhorescola.com.br\/blog\/wp-json\/wp\/v2\/media\/24851"}],"wp:attachment":[{"href":"https:\/\/www.melhorescola.com.br\/blog\/wp-json\/wp\/v2\/media?parent=24850"}],"wp:term":[{"taxonomy":"category","embeddable":true,"href":"https:\/\/www.melhorescola.com.br\/blog\/wp-json\/wp\/v2\/categories?post=24850"},{"taxonomy":"post_tag","embeddable":true,"href":"https:\/\/www.melhorescola.com.br\/blog\/wp-json\/wp\/v2\/tags?post=24850"}],"curies":[{"name":"wp","href":"https:\/\/api.w.org\/{rel}","templated":true}]}}