{"id":24842,"date":"2025-09-08T13:45:19","date_gmt":"2025-09-08T16:45:19","guid":{"rendered":"https:\/\/www.melhorescola.com.br\/blog\/?p=24842"},"modified":"2025-09-08T13:46:56","modified_gmt":"2025-09-08T16:46:56","slug":"setembro-amarelo-nas-escolas-2","status":"publish","type":"post","link":"https:\/\/www.melhorescola.com.br\/blog\/setembro-amarelo-nas-escolas-2\/","title":{"rendered":"5 atividades para trabalhar o Setembro Amarelo nas escolas"},"content":{"rendered":"\n<p><strong>Em resumo:<\/strong><\/p>\n\n\n\n<ul class=\"wp-block-list\">\n<li>Entenda como a campanha do<strong> setembro amarelo nas escolas<\/strong> contribui para fortalecer a <strong>sa\u00fade mental dos alunos<\/strong>, prevenir o suic\u00eddio e desenvolver um ambiente escolar seguro e acolhedor.<br><\/li>\n\n\n\n<li>Conhe\u00e7a estrat\u00e9gias pr\u00e1ticas, sinais de alerta a serem observados e formas de integrar o cuidado emocional \u00e0 rotina escolar durante todo o ano letivo.<br><\/li>\n\n\n\n<li>Descubra <strong>5 atividades setembro amarelo<\/strong> aplic\u00e1veis na escola, desde rodas de conversa e oficinas socioemocionais at\u00e9 campanhas internas e parcerias com profissionais especializados.<\/li>\n<\/ul>\n\n\n\n<p>O<strong> Setembro Amarelo nas escolas<\/strong> \u00e9 o momento em que a comunidade educativa intensifica a\u00e7\u00f5es de preven\u00e7\u00e3o ao suic\u00eddio e de promo\u00e7\u00e3o da sa\u00fade mental de\u00a0 alunos e professores.\u00a0<\/p>\n\n\n\n<ul class=\"wp-block-list\">\n<li><a href=\"https:\/\/www.melhorescola.com.br\/blog\/evasao-escolar\/\" target=\"_blank\" rel=\"noreferrer noopener\">Veja dicas estrat\u00e9gicas de como combater a evas\u00e3o escolar<\/a><\/li>\n<\/ul>\n\n\n\n<p>Apesar da delicadeza do tema, as institui\u00e7\u00f5es de ensino t\u00eam papel primordial como espa\u00e7os de conscientiza\u00e7\u00e3o, acolhimento e identifica\u00e7\u00e3o precoce de sinais de sofrimento.<\/p>\n\n\n\n<p>Isso porque as crian\u00e7as e os adolescentes e at\u00e9 mesmo os professores possuem um v\u00ednculo di\u00e1rio com as institui\u00e7\u00f5es e passam a maior parte de seu tempo no ambiente escolar, construindo v\u00ednculos e acumulando viv\u00eancias que precisam ser acompanhadas de perto.<\/p>\n\n\n\n<p>Nesse sentido, \u00e9 importante que a gest\u00e3o escolar esteja preparada para entender e acompanhar viv\u00eancias, observar mudan\u00e7as comportamentais e atuar durante todo o ano letivo nas quest\u00f5es socioemocionais de alunos e professores.<\/p>\n\n\n\n<p>Continue a leitura, entenda de que maneira as institui\u00e7\u00f5es de ensino podem trabalhar o <strong>setembro amarelo nas escolas<\/strong>, veja ideias de atividades e saiba como abordar o tema envolvendo educadores, fam\u00edlias e toda a <a href=\"https:\/\/www.melhorescola.com.br\/blog\/comunidade-escolar\/\" target=\"_blank\" rel=\"noreferrer noopener\">comunidade escolar<\/a>.<\/p>\n\n\n\n<p><strong>Neste artigo voc\u00ea vai ver:<\/strong><\/p>\n\n\n\n<ul class=\"wp-block-list\">\n<li>Qual \u00e9 a hist\u00f3ria por tr\u00e1s do Setembro Amarelo?<\/li>\n\n\n\n<li>Qual a import\u00e2ncia do setembro amarelo nas escolas?<\/li>\n\n\n\n<li>Qual \u00e9 o objetivo de trabalhar o Setembro Amarelo na escola?<\/li>\n\n\n\n<li>Como abordar o setembro amarelo com os alunos?<\/li>\n\n\n\n<li>O que fazer no Setembro Amarelo? H3 \u2013 Quais atividades para o setembro amarelo nas escolas?<\/li>\n<\/ul>\n\n\n\n<figure class=\"wp-block-image size-full\"><img fetchpriority=\"high\" decoding=\"async\" width=\"830\" height=\"553\" src=\"https:\/\/www.melhorescola.com.br\/blog\/wp-content\/uploads\/2025\/09\/2-4.png\" alt=\"menina com fica amarela na m\u00e3o representando o setembro amarelo nas escolas\" class=\"wp-image-24844\" srcset=\"https:\/\/www.melhorescola.com.br\/blog\/wp-content\/uploads\/2025\/09\/2-4.png 830w, https:\/\/www.melhorescola.com.br\/blog\/wp-content\/uploads\/2025\/09\/2-4-800x533.png 800w, https:\/\/www.melhorescola.com.br\/blog\/wp-content\/uploads\/2025\/09\/2-4-768x512.png 768w\" sizes=\"(max-width: 830px) 100vw, 830px\" \/><\/figure>\n\n\n\n<h2 class=\"wp-block-heading\">Qual \u00e9 a hist\u00f3ria por tr\u00e1s do Setembro Amarelo?<\/h2>\n\n\n\n<p>Como educador, voc\u00ea sabe que o m\u00eas de setembro est\u00e1 associado a campanha de preven\u00e7\u00e3o e combate ao suic\u00eddio, certo? Mas voc\u00ea conhece a hist\u00f3ria por tr\u00e1s do surgimento dessa iniciativa?\u00a0<\/p>\n\n\n\n<p>O <strong>Setembro Amarelo<\/strong> \u00e9 hoje <strong>a maior campanha brasileira de conscientiza\u00e7\u00e3o sobre a preven\u00e7\u00e3o ao suic\u00eddio<\/strong>, mas sua origem remonta a uma hist\u00f3ria que aconteceu nos Estados Unidos.<\/p>\n\n\n\n<p>Em 1994, o jovem <strong>Mike Emme<\/strong>, de 17 anos, morreu por suic\u00eddio em seu carro, um Mustang 1968 pintado por ele mesmo na cor amarela. Durante o funeral, familiares e amigos<strong> distribu\u00edram cart\u00f5es com fitas amarelas e mensagens de apoio<\/strong> a pessoas que pudessem estar enfrentando o mesmo sofrimento.<\/p>\n\n\n\n<figure class=\"wp-block-table\"><table class=\"has-fixed-layout\"><tbody><tr><td><strong>Voc\u00ea sabia?\u00a0<\/strong><br>Mais de <strong>720 mil pessoas morrem por suic\u00eddio<\/strong> todos os anos no mundo, segundo a Organiza\u00e7\u00e3o Mundial da Sa\u00fade (OMS).<br><br>No Brasil, o suic\u00eddio \u00e9 a <strong>terceira principal causa de morte entre jovens de 15 a 29 anos<\/strong>.<br><br>Estudos mostram que <strong>a cada 100 tentativas, muitas poderiam ser prevenidas<\/strong> com aten\u00e7\u00e3o \u00e0 sa\u00fade mental e suporte emocional.<\/td><\/tr><\/tbody><\/table><\/figure>\n\n\n\n<p>O gesto ganhou repercuss\u00e3o e se transformou em um movimento internacional conhecido como <strong><em>Yellow Ribbon<\/em><\/strong> (fita amarela).<\/p>\n\n\n\n<p>No Brasil, a campanha foi oficialmente lan\u00e7ada em 2015,\u00a0 por iniciativa do <strong>Centro de Valoriza\u00e7\u00e3o da Vida (CVV)<\/strong>. O m\u00eas de setembro foi escolhido porque o dia <strong>10 de setembro <\/strong>j\u00e1 era reconhecido pela <strong>Organiza\u00e7\u00e3o Mundial da Sa\u00fade (OMS) <\/strong>como o <strong>Dia Mundial de Preven\u00e7\u00e3o ao Suic\u00eddio.<\/strong><\/p>\n\n\n\n<h2 class=\"wp-block-heading\">Qual a import\u00e2ncia do setembro amarelo nas escolas?<\/h2>\n\n\n\n<p>\u00c9 papel da escola proporcionar um espa\u00e7o seguro, acolhedor e de confian\u00e7a, nas quais quest\u00f5es sobre sa\u00fade mental possam ser debatidas sem tabus, al\u00e9m de observar sinais de dificuldade e encaminhar o apoio necess\u00e1rio.<\/p>\n\n\n\n<p>No entanto, esse cuidado n\u00e3o deve se restringir apenas \u00e0s campanhas de setembro:<strong> \u00e9 essencial que a aten\u00e7\u00e3o ao bem-estar emocional fa\u00e7a parte da rotina escolar ao longo de todo o ano.\u00a0<\/strong><\/p>\n\n\n\n<p>Nesse sentido, <strong>integrar a discuss\u00e3o de temas socioemocionais \u00e0 rotina escolar <\/strong>ajuda a:<\/p>\n\n\n\n<ol class=\"wp-block-list\">\n<li>Identificar sinais de sofrimento ou comportamento de risco;<br><\/li>\n\n\n\n<li>Promover um <strong>ambiente seguro e acolhedor<\/strong>;<br><\/li>\n\n\n\n<li>Reduzir <a href=\"https:\/\/www.melhorescola.com.br\/blog\/bullying-na-escola\/\" target=\"_blank\" rel=\"noreferrer noopener\">casos de bullying<\/a> e isolamento social;<br><\/li>\n\n\n\n<li>Fortalecer v\u00ednculos entre alunos, professores e fam\u00edlias;<br><\/li>\n\n\n\n<li>Preparar estudantes para lidar com desafios emocionais ao longo da vida.<\/li>\n<\/ol>\n\n\n\n<h3 class=\"wp-block-heading\">Qual a import\u00e2ncia de cuidar da sa\u00fade mental dos professores?\u00a0<\/h3>\n\n\n\n<p>Se atentar \u00e0 <a href=\"https:\/\/www.melhorescola.com.br\/blog\/saude-mental-dos-professores\/\" target=\"_blank\" rel=\"noreferrer noopener\"><strong>sa\u00fade mental da equipe pedag\u00f3gica<\/strong><\/a> \u00e9 igualmente essencial. Uma pesquisa do Instituto Pen\u00ednsula (2022) apontou que mais de <strong>84% dos professores brasileiros<\/strong> relatam exaust\u00e3o emocional, e os transtornos mentais est\u00e3o entre os principais motivos de afastamento da sala de aula.<\/p>\n\n\n\n<p>Ao cuidar dos professores a sua institui\u00e7\u00e3o garante:<\/p>\n\n\n\n<ul class=\"wp-block-list\">\n<li>Melhor desempenho e engajamento na sala de aula;<br><\/li>\n\n\n\n<li>Mais aten\u00e7\u00e3o e acolhimento aos alunos;<br><\/li>\n\n\n\n<li>Reten\u00e7\u00e3o da equipe pedag\u00f3gica e clima escolar saud\u00e1vel.<\/li>\n<\/ul>\n\n\n\n<p>O <strong>setembro amarelo nas escolas<\/strong> \u00e9, portanto, um convite para uma abordagem ampla, envolvendo todos os membros da comunidade escolar e tornando o cuidado com a sa\u00fade mental uma prioridade cont\u00ednua.<\/p>\n\n\n\n<h2 class=\"wp-block-heading\">Qual \u00e9 o objetivo de trabalhar o Setembro Amarelo na escola?<\/h2>\n\n\n\n<p>O principal objetivo de trabalhar o <strong>setembro amarelo nas escolas<\/strong> \u00e9 <strong>chamar a aten\u00e7\u00e3o sobre a conscientiza\u00e7\u00e3o e o cuidado com a <\/strong><a href=\"https:\/\/www.melhorescola.com.br\/blog\/veja-como-as-escolas-podem-apoiar-alunos-com-transtornos-de-saude-mental\/\" target=\"_blank\" rel=\"noreferrer noopener\"><strong>sa\u00fade mental<\/strong><\/a><strong> dos alunos e professores<\/strong>, criando ambientes seguros para que sentimentos, emo\u00e7\u00f5es e dificuldades possam ser compartilhados sem tabus.<\/p>\n\n\n\n<figure class=\"wp-block-table\"><table class=\"has-fixed-layout\"><tbody><tr><td><strong>Dica para gestores: <\/strong>investir em <strong>atividades setembro amarelo<\/strong> ajuda a prevenir situa\u00e7\u00f5es cr\u00edticas e fortalece o clima escolar, reduzindo conflitos e melhorando o desempenho acad\u00eamico e emocional de estudantes e professores.<\/td><\/tr><\/tbody><\/table><\/figure>\n\n\n\n<p>Ao implementar a\u00e7\u00f5es de preven\u00e7\u00e3o ao suic\u00eddio, a escola busca:<\/p>\n\n\n\n<figure class=\"wp-block-image size-full\"><img decoding=\"async\" width=\"830\" height=\"553\" data-src=\"https:\/\/www.melhorescola.com.br\/blog\/wp-content\/uploads\/2025\/09\/4-4.png\" alt=\"professora abra\u00e7ando aluna como sinal de apoio emocional \" class=\"wp-image-24845 lazyload\" data-srcset=\"https:\/\/www.melhorescola.com.br\/blog\/wp-content\/uploads\/2025\/09\/4-4.png 830w, https:\/\/www.melhorescola.com.br\/blog\/wp-content\/uploads\/2025\/09\/4-4-800x533.png 800w, https:\/\/www.melhorescola.com.br\/blog\/wp-content\/uploads\/2025\/09\/4-4-768x512.png 768w\" data-sizes=\"(max-width: 830px) 100vw, 830px\" src=\"data:image\/svg+xml;base64,PHN2ZyB3aWR0aD0iMSIgaGVpZ2h0PSIxIiB4bWxucz0iaHR0cDovL3d3dy53My5vcmcvMjAwMC9zdmciPjwvc3ZnPg==\" style=\"--smush-placeholder-width: 830px; --smush-placeholder-aspect-ratio: 830\/553;\" \/><\/figure>\n\n\n\n<ul class=\"wp-block-list\">\n<li><strong>Educar e informar<\/strong>: trazer debates, rodas de conversa e oficinas sobre sa\u00fade mental e bem-estar emocional.<br><\/li>\n\n\n\n<li><strong>Identificar sinais de alerta<\/strong>: observar mudan\u00e7as de comportamento, isolamento, queda de rendimento ou desmotiva\u00e7\u00e3o, para encaminhar apoio adequado.<br><\/li>\n\n\n\n<li><strong>Acolher e fortalecer v\u00ednculos<\/strong>: criar uma cultura de empatia, respeito e escuta ativa entre alunos, professores e familiares.<br><\/li>\n\n\n\n<li><strong>Integrar a comunidade escolar<\/strong>: envolver coordenadores, professores, fam\u00edlias e alunos em atividades e campanhas que reforcem o valor da vida e a preven\u00e7\u00e3o ao suic\u00eddio.<br><\/li>\n\n\n\n<li><strong>Garantir continuidade<\/strong>: tornar a aten\u00e7\u00e3o \u00e0 sa\u00fade mental uma pr\u00e1tica di\u00e1ria, n\u00e3o limitada ao m\u00eas de setembro, trazendo programas e atividades durante todo o ano letivo.<\/li>\n<\/ul>\n\n\n\n<h2 class=\"wp-block-heading\">Como abordar o setembro amarelo com os alunos?<\/h2>\n\n\n\n<p>Para abordar o <strong>setembro amarelo nas escolas <\/strong>\u00e9 necess\u00e1rio criar <strong>rotinas cont\u00ednuas de aten\u00e7\u00e3o \u00e0 sa\u00fade mental dos alunos<\/strong>, prevenindo situa\u00e7\u00f5es cr\u00edticas e fortalecendo o ambiente escolar.<\/p>\n\n\n\n<p>Para que essas a\u00e7\u00f5es sejam efetivas, a escola pode adotar <strong>estrat\u00e9gias claras e pr\u00e1ticas<\/strong>, integrando-as \u00e0 rotina escolar de <a href=\"https:\/\/www.melhorescola.com.br\/blog\/planejamento-escolar-como-fazer-do-jeito-certo\/\" target=\"_blank\" rel=\"noreferrer noopener\">forma planejada e consistente<\/a>. Algumas maneiras de trabalhar o tema ao longo do ano incluem:<\/p>\n\n\n\n<h3 class=\"wp-block-heading\">1. Criar estrat\u00e9gias para trabalhar o tema durante todo o ano letivo<\/h3>\n\n\n\n<p>Incorporar a <strong>tem\u00e1tica da sa\u00fade mental \u00e0 rotina escolar <\/strong>ajuda os alunos a se expressarem e a desenvolverem confian\u00e7a. Algumas pr\u00e1ticas recomendadas:<\/p>\n\n\n\n<ul class=\"wp-block-list\">\n<li><strong>Conscientizar a comunidade escolar<\/strong> sobre a import\u00e2ncia do cuidado emocional;<br><\/li>\n\n\n\n<li><strong>Informar canais de acolhimento<\/strong> e ajuda, como o CRAS e psic\u00f3logos da escola;<br><\/li>\n\n\n\n<li><strong>Envolver profissionais especializados<\/strong> em sa\u00fade mental, para orientar e apoiar alunos e equipe escolar;<br><\/li>\n\n\n\n<li><strong>Realizar atividades de conscientiza\u00e7\u00e3o<\/strong> durante o m\u00eas de setembro;<br><\/li>\n\n\n\n<li><strong>Apoiar o desenvolvimento da educa\u00e7\u00e3o socioemocional<\/strong>, trabalhando habilidades de autocontrole, empatia e resili\u00eancia.<br><\/li>\n<\/ul>\n\n\n\n<h3 class=\"wp-block-heading\">2. Prevenir de fatores que afetam a sa\u00fade mental<\/h3>\n\n\n\n<p>A escola deve adotar uma postura ativa contra situa\u00e7\u00f5es que impactam o psicol\u00f3gico dos alunos:<\/p>\n\n\n\n<ul class=\"wp-block-list\">\n<li><strong>Bullying e <\/strong><a href=\"https:\/\/www.melhorescola.com.br\/blog\/violencia-nas-escolas\/\" target=\"_blank\" rel=\"noreferrer noopener\"><strong>viol\u00eancia<\/strong><\/a><strong>;<br><\/strong><\/li>\n\n\n\n<li><strong>Press\u00e3o por provas e vestibulares;<\/strong><strong><br><\/strong><\/li>\n\n\n\n<li><strong>Preconceitos e abuso de autoridade;<\/strong><strong><br><\/strong><\/li>\n\n\n\n<li><strong>Ambientes pouco acolhedores ou tensos.\u00a0<\/strong><\/li>\n<\/ul>\n\n\n\n<h3 class=\"wp-block-heading\">3. Identificar os sinais de que um aluno precisa de ajuda<\/h3>\n\n\n\n<p>A gest\u00e3o escolar, especialmente coordenadores e profissionais capacitados, deve estar atenta a comportamentos que indicam <a href=\"https:\/\/www.melhorescola.com.br\/blog\/depressao-infantil\/\" target=\"_blank\" rel=\"noreferrer noopener\">sofrimento emocional<\/a>. Entre os sinais mais comuns est\u00e3o:<\/p>\n\n\n\n<ul class=\"wp-block-list\">\n<li>Perda de interesse nas aulas ou desempenho abaixo da m\u00e9dia;<br><\/li>\n\n\n\n<li>Queda de rendimento em alunos com hist\u00f3rico de boas notas;<br><\/li>\n\n\n\n<li><a href=\"https:\/\/www.melhorescola.com.br\/blog\/estrategias-evasao-escolar\/\" target=\"_blank\" rel=\"noreferrer noopener\">Evas\u00e3o escolar<\/a> ou faltas frequentes;<br><\/li>\n\n\n\n<li>Isolamento social, inclusive dentro da sala de aula;<br><\/li>\n\n\n\n<li>N\u00e3o realiza\u00e7\u00e3o de atividades escolares ou falta de participa\u00e7\u00e3o em eventos;<br><\/li>\n\n\n\n<li>Assuntos tristes, negativos ou beligerantes;<br><\/li>\n\n\n\n<li>Sonol\u00eancia ou sinais de ins\u00f4nia ligados a transtornos mentais;<br><\/li>\n\n\n\n<li>Desempenho alto nas aulas, mas baixo em avalia\u00e7\u00f5es, podendo indicar ansiedade.<\/li>\n<\/ul>\n\n\n\n<p>Nesse sentido, manter a <strong>comunica\u00e7\u00e3o constante com os professores<\/strong> \u00e9 essencial, pois s\u00e3o esses profissionais que est\u00e3o em contato direto com os alunos e podem identificar sinais precoces de sofrimento emocional.<\/p>\n\n\n\n<h3 class=\"wp-block-heading\">4. Encaminhar e agir<\/h3>\n\n\n\n<p>Quando a coordena\u00e7\u00e3o ou a dire\u00e7\u00e3o identifica sinais de dist\u00farbio psicol\u00f3gico, \u00e9 fundamental:<\/p>\n\n\n\n<ul class=\"wp-block-list\">\n<li>Notificar <strong>pais ou respons\u00e1veis<\/strong>;<br><\/li>\n\n\n\n<li>Acionar <strong>apoio profissional especializado<\/strong>;<br><\/li>\n\n\n\n<li>Garantir que <strong>a equipe escolar esteja treinada<\/strong> para lidar com casos de sa\u00fade mental e preven\u00e7\u00e3o ao suic\u00eddio.<\/li>\n<\/ul>\n\n\n\n<p>Dessa forma, a escola cumpre seu papel de <strong>proteger os alunos, garantir a sa\u00fade mental e implementar a\u00e7\u00f5es efetivas de preven\u00e7\u00e3o ao suic\u00eddio<\/strong>, fortalecendo toda a comunidade escolar.<\/p>\n\n\n\n<h2 class=\"wp-block-heading\">O que fazer no Setembro Amarelo?\u00a0<\/h2>\n\n\n\n<p>Como vimos, mais do que uma campanha pontual, o setembro amarelo \u00e9 uma oportunidade para implementar estrat\u00e9gias que possam ser integradas ao dia a dia da institui\u00e7\u00e3o, <strong>criando rotinas de acolhimento, di\u00e1logo e conscientiza\u00e7\u00e3o.<\/strong><\/p>\n\n\n\n<figure class=\"wp-block-image size-full\"><img decoding=\"async\" width=\"830\" height=\"553\" data-src=\"https:\/\/www.melhorescola.com.br\/blog\/wp-content\/uploads\/2025\/09\/3-3.png\" alt=\"roda de conversa em atividade de setembro amarelo nas escolas\" class=\"wp-image-24846 lazyload\" data-srcset=\"https:\/\/www.melhorescola.com.br\/blog\/wp-content\/uploads\/2025\/09\/3-3.png 830w, https:\/\/www.melhorescola.com.br\/blog\/wp-content\/uploads\/2025\/09\/3-3-800x533.png 800w, https:\/\/www.melhorescola.com.br\/blog\/wp-content\/uploads\/2025\/09\/3-3-768x512.png 768w\" data-sizes=\"(max-width: 830px) 100vw, 830px\" src=\"data:image\/svg+xml;base64,PHN2ZyB3aWR0aD0iMSIgaGVpZ2h0PSIxIiB4bWxucz0iaHR0cDovL3d3dy53My5vcmcvMjAwMC9zdmciPjwvc3ZnPg==\" style=\"--smush-placeholder-width: 830px; --smush-placeholder-aspect-ratio: 830\/553;\" \/><\/figure>\n\n\n\n<p><strong>Planejar essas a\u00e7\u00f5es envolve:<\/strong><\/p>\n\n\n\n<ol class=\"wp-block-list\">\n<li><strong>Engajar toda a comunidade escolar<\/strong> \u2014 professores, coordenadores, alunos e fam\u00edlias;<br><\/li>\n\n\n\n<li><strong>Combinar momentos de sensibiliza\u00e7\u00e3o com pr\u00e1ticas cont\u00ednuas<\/strong> de cuidado emocional;<br><\/li>\n\n\n\n<li><strong>Utilizar recursos pedag\u00f3gicos e atividades l\u00fadicas<\/strong> para tornar o aprendizado sobre sa\u00fade mental mais acess\u00edvel;<br><\/li>\n\n\n\n<li><strong>Medir impactos e ajustar estrat\u00e9gias<\/strong>, garantindo que as a\u00e7\u00f5es sejam realmente efetivas.<\/li>\n<\/ol>\n\n\n\n<h3 class=\"wp-block-heading\">Quais atividades para o setembro amarelo nas escolas?<\/h3>\n\n\n\n<p>Para tornar o <strong>setembro amarelo nas escolas<\/strong> mais efetivo, destacamos <strong>5<\/strong> <strong>atividades pr\u00e1ticas e aplic\u00e1veis<\/strong> que podem ser implementadas de forma estrat\u00e9gica.\u00a0<\/p>\n\n\n\n<p>Confira a seguir cada a\u00e7\u00e3o e como aplic\u00e1-la na rotina escolar:\u00a0<\/p>\n\n\n\n<figure class=\"wp-block-table\"><table class=\"has-fixed-layout\"><tbody><tr><td><strong>Atividade<\/strong><\/td><td><strong>Objetivo<\/strong><\/td><td><strong>Como aplicar<\/strong><\/td><\/tr><tr><td><strong>1 \u2013 Rodas de conversa e debates<\/strong><\/td><td>Quebrar tabus sobre sa\u00fade mental e suic\u00eddio<\/td><td>Criar momentos de di\u00e1logo entre alunos, professores e especialistas; envolver psic\u00f3logos ou profissionais externos.<\/td><\/tr><tr><td><strong>2 \u2013 Oficinas de educa\u00e7\u00e3o socioemocional<\/strong><\/td><td>Desenvolver empatia, autocontrole e resili\u00eancia<\/td><td>Realizar atividades adaptadas por faixa et\u00e1ria que trabalhem emo\u00e7\u00f5es, sentimentos e habilidades sociais.<\/td><\/tr><tr><td><strong>3 \u2013<\/strong> <strong>Campanhas internas de conscientiza\u00e7\u00e3o<\/strong><\/td><td>Informar e sensibilizar a comunidade escolar<\/td><td>Criar murais, cartazes, pain\u00e9is e concursos de desenho\/reda\u00e7\u00e3o sobre cuidado com a vida e preven\u00e7\u00e3o ao suic\u00eddio.<\/td><\/tr><tr><td><strong>4 \u2013 Parcerias com profissionais de sa\u00fade mental<\/strong><\/td><td>Apoiar alunos em situa\u00e7\u00e3o de vulnerabilidade<\/td><td>Convidar psic\u00f3logos ou psiquiatras para palestras, rodas de di\u00e1logo e sess\u00f5es de orienta\u00e7\u00e3o individual; treinar professores para identificar sinais de alerta.<\/td><\/tr><tr><td><strong>5 \u2013 Integra\u00e7\u00e3o com as fam\u00edlias<\/strong><\/td><td>Fortalecer o apoio externo e a cultura de acolhimento<\/td><td>Realizar workshops e reuni\u00f5es para orientar respons\u00e1veis sobre sinais de sofrimento emocional; divulgar canais de ajuda como CRAS e CVV.<\/td><\/tr><\/tbody><\/table><\/figure>\n\n\n\n<p>Como vimos, ao integrar <strong>atividades setembro amarelo<\/strong> nas escolas com <strong>preven\u00e7\u00e3o ao suic\u00eddio<\/strong> e o fortalecimento da sa\u00fade mental dos alunos nas pr\u00e1ticas pedag\u00f3gicas, a institui\u00e7\u00e3o refor\u00e7a seu papel de agente de prote\u00e7\u00e3o, forma\u00e7\u00e3o e <a href=\"https:\/\/www.melhorescola.com.br\/blog\/acolher-os-professores\/\" target=\"_blank\" rel=\"noreferrer noopener\">acolhimento<\/a>.<\/p>\n\n\n\n<p>Assim, trabalhar o <strong>Setembro Amarelo<\/strong> \u00e9 investir em um <strong>processo educativo que valoriza a vida<\/strong>, traz bem-estar emocional e posiciona a escola como refer\u00eancia na promo\u00e7\u00e3o de ambientes seguros e saud\u00e1veis, gerando impactos duradouros para alunos, equipes pedag\u00f3gicas e toda a comunidade escolar.<\/p>\n\n\n\n<p>E ent\u00e3o, gostou desse conte\u00fado? Compartilhe com outros educadores que gostariam de saber mais sobre como trabalhar o <strong>setembro amarelo nas escolas<\/strong>.<strong> <\/strong>Aproveite e leia <a href=\"https:\/\/www.melhorescola.com.br\/blog\/category\/ambiente-escolar\/\" target=\"_blank\" rel=\"noreferrer noopener\">outros artigos<\/a> do nosso blog.\u00a0\u00a0<\/p>\n\n\n\n<p><\/p>\n","protected":false},"excerpt":{"rendered":"<p>Em resumo: O Setembro Amarelo nas escolas \u00e9 o momento em que a comunidade educativa intensifica a\u00e7\u00f5es de preven\u00e7\u00e3o ao suic\u00eddio e de promo\u00e7\u00e3o da&hellip;<\/p>\n","protected":false},"author":27,"featured_media":24843,"comment_status":"open","ping_status":"open","sticky":false,"template":"","format":"standard","meta":{"footnotes":""},"categories":[262],"tags":[295,517,164,5,277,516],"class_list":["post-24842","post","type-post","status-publish","format-standard","has-post-thumbnail","hentry","category-ambiente-escolar","tag-ambiente-escolar","tag-atividades-setembro-amarelo","tag-gestao-escolar","tag-planejamento-escolar","tag-setembro-amarelo","tag-setembro-amarelo-nas-escolas"],"yoast_head":"<!-- This site is optimized with the Yoast SEO plugin v27.5 - https:\/\/yoast.com\/product\/yoast-seo-wordpress\/ -->\n<title>5 atividades para trabalhar o Setembro Amarelo nas escolas<\/title>\n<meta name=\"description\" content=\"Setembro amarelo nas escolas: saiba como trabalhar a sa\u00fade mental dos alunos e aplicar atividades pr\u00e1ticas durante todo o ano.\" \/>\n<meta name=\"robots\" content=\"index, follow, max-snippet:-1, max-image-preview:large, max-video-preview:-1\" \/>\n<link rel=\"canonical\" href=\"https:\/\/www.melhorescola.com.br\/blog\/setembro-amarelo-nas-escolas-2\/\" \/>\n<meta property=\"og:locale\" content=\"pt_BR\" \/>\n<meta property=\"og:type\" content=\"article\" \/>\n<meta property=\"og:title\" content=\"5 atividades para trabalhar o Setembro Amarelo nas escolas\" \/>\n<meta property=\"og:description\" content=\"Setembro amarelo nas escolas: saiba como trabalhar a sa\u00fade mental dos alunos e aplicar atividades pr\u00e1ticas durante todo o ano.\" \/>\n<meta property=\"og:url\" content=\"https:\/\/www.melhorescola.com.br\/blog\/setembro-amarelo-nas-escolas-2\/\" \/>\n<meta property=\"og:site_name\" content=\"Blog do Melhor Escola\" \/>\n<meta property=\"article:published_time\" content=\"2025-09-08T16:45:19+00:00\" \/>\n<meta property=\"article:modified_time\" content=\"2025-09-08T16:46:56+00:00\" \/>\n<meta property=\"og:image\" content=\"https:\/\/www.melhorescola.com.br\/blog\/wp-content\/uploads\/2025\/09\/1-4.png\" \/>\n\t<meta property=\"og:image:width\" content=\"830\" \/>\n\t<meta property=\"og:image:height\" content=\"553\" \/>\n\t<meta property=\"og:image:type\" content=\"image\/png\" \/>\n<meta name=\"author\" content=\"Ana Paiva\" \/>\n<meta name=\"twitter:card\" content=\"summary_large_image\" \/>\n<meta name=\"twitter:label1\" content=\"Escrito por\" \/>\n\t<meta name=\"twitter:data1\" content=\"Ana Paiva\" \/>\n\t<meta name=\"twitter:label2\" content=\"Est. tempo de leitura\" \/>\n\t<meta name=\"twitter:data2\" content=\"11 minutos\" \/>\n<script type=\"application\/ld+json\" class=\"yoast-schema-graph\">{\"@context\":\"https:\\\/\\\/schema.org\",\"@graph\":[{\"@type\":\"Article\",\"@id\":\"https:\\\/\\\/www.melhorescola.com.br\\\/blog\\\/setembro-amarelo-nas-escolas-2\\\/#article\",\"isPartOf\":{\"@id\":\"https:\\\/\\\/www.melhorescola.com.br\\\/blog\\\/setembro-amarelo-nas-escolas-2\\\/\"},\"author\":{\"name\":\"Ana Paiva\",\"@id\":\"https:\\\/\\\/www.melhorescola.com.br\\\/blog\\\/#\\\/schema\\\/person\\\/5de2044c9fde0edd50d6f7cef3a23b5e\"},\"headline\":\"5 atividades para trabalhar o Setembro Amarelo nas escolas\",\"datePublished\":\"2025-09-08T16:45:19+00:00\",\"dateModified\":\"2025-09-08T16:46:56+00:00\",\"mainEntityOfPage\":{\"@id\":\"https:\\\/\\\/www.melhorescola.com.br\\\/blog\\\/setembro-amarelo-nas-escolas-2\\\/\"},\"wordCount\":1982,\"commentCount\":0,\"publisher\":{\"@id\":\"https:\\\/\\\/www.melhorescola.com.br\\\/blog\\\/#organization\"},\"image\":{\"@id\":\"https:\\\/\\\/www.melhorescola.com.br\\\/blog\\\/setembro-amarelo-nas-escolas-2\\\/#primaryimage\"},\"thumbnailUrl\":\"https:\\\/\\\/www.melhorescola.com.br\\\/blog\\\/wp-content\\\/uploads\\\/2025\\\/09\\\/1-4.png\",\"keywords\":[\"ambiente escolar\",\"atividades setembro amarelo\",\"Gest\u00e3o Escolar\",\"Planejamento Escolar\",\"Setembro amarelo\",\"setembro amarelo nas escolas\"],\"articleSection\":[\"Ambiente Escolar\"],\"inLanguage\":\"pt-BR\",\"potentialAction\":[{\"@type\":\"CommentAction\",\"name\":\"Comment\",\"target\":[\"https:\\\/\\\/www.melhorescola.com.br\\\/blog\\\/setembro-amarelo-nas-escolas-2\\\/#respond\"]}]},{\"@type\":\"WebPage\",\"@id\":\"https:\\\/\\\/www.melhorescola.com.br\\\/blog\\\/setembro-amarelo-nas-escolas-2\\\/\",\"url\":\"https:\\\/\\\/www.melhorescola.com.br\\\/blog\\\/setembro-amarelo-nas-escolas-2\\\/\",\"name\":\"5 atividades para trabalhar o Setembro Amarelo nas escolas\",\"isPartOf\":{\"@id\":\"https:\\\/\\\/www.melhorescola.com.br\\\/blog\\\/#website\"},\"primaryImageOfPage\":{\"@id\":\"https:\\\/\\\/www.melhorescola.com.br\\\/blog\\\/setembro-amarelo-nas-escolas-2\\\/#primaryimage\"},\"image\":{\"@id\":\"https:\\\/\\\/www.melhorescola.com.br\\\/blog\\\/setembro-amarelo-nas-escolas-2\\\/#primaryimage\"},\"thumbnailUrl\":\"https:\\\/\\\/www.melhorescola.com.br\\\/blog\\\/wp-content\\\/uploads\\\/2025\\\/09\\\/1-4.png\",\"datePublished\":\"2025-09-08T16:45:19+00:00\",\"dateModified\":\"2025-09-08T16:46:56+00:00\",\"description\":\"Setembro amarelo nas escolas: saiba como trabalhar a sa\u00fade mental dos alunos e aplicar atividades pr\u00e1ticas durante todo o ano.\",\"breadcrumb\":{\"@id\":\"https:\\\/\\\/www.melhorescola.com.br\\\/blog\\\/setembro-amarelo-nas-escolas-2\\\/#breadcrumb\"},\"inLanguage\":\"pt-BR\",\"potentialAction\":[{\"@type\":\"ReadAction\",\"target\":[\"https:\\\/\\\/www.melhorescola.com.br\\\/blog\\\/setembro-amarelo-nas-escolas-2\\\/\"]}]},{\"@type\":\"ImageObject\",\"inLanguage\":\"pt-BR\",\"@id\":\"https:\\\/\\\/www.melhorescola.com.br\\\/blog\\\/setembro-amarelo-nas-escolas-2\\\/#primaryimage\",\"url\":\"https:\\\/\\\/www.melhorescola.com.br\\\/blog\\\/wp-content\\\/uploads\\\/2025\\\/09\\\/1-4.png\",\"contentUrl\":\"https:\\\/\\\/www.melhorescola.com.br\\\/blog\\\/wp-content\\\/uploads\\\/2025\\\/09\\\/1-4.png\",\"width\":830,\"height\":553},{\"@type\":\"BreadcrumbList\",\"@id\":\"https:\\\/\\\/www.melhorescola.com.br\\\/blog\\\/setembro-amarelo-nas-escolas-2\\\/#breadcrumb\",\"itemListElement\":[{\"@type\":\"ListItem\",\"position\":1,\"name\":\"In\u00edcio\",\"item\":\"https:\\\/\\\/www.melhorescola.com.br\\\/blog\\\/\"},{\"@type\":\"ListItem\",\"position\":2,\"name\":\"5 atividades para trabalhar o Setembro Amarelo nas escolas\"}]},{\"@type\":\"WebSite\",\"@id\":\"https:\\\/\\\/www.melhorescola.com.br\\\/blog\\\/#website\",\"url\":\"https:\\\/\\\/www.melhorescola.com.br\\\/blog\\\/\",\"name\":\"Blog do Melhor Escola\",\"description\":\"Veja conte\u00fados sobre capta\u00e7\u00e3o de alunos, gest\u00e3o escolar, marketing educacional, universo pedag\u00f3gico e muito mais!\",\"publisher\":{\"@id\":\"https:\\\/\\\/www.melhorescola.com.br\\\/blog\\\/#organization\"},\"potentialAction\":[{\"@type\":\"SearchAction\",\"target\":{\"@type\":\"EntryPoint\",\"urlTemplate\":\"https:\\\/\\\/www.melhorescola.com.br\\\/blog\\\/?s={search_term_string}\"},\"query-input\":{\"@type\":\"PropertyValueSpecification\",\"valueRequired\":true,\"valueName\":\"search_term_string\"}}],\"inLanguage\":\"pt-BR\"},{\"@type\":\"Organization\",\"@id\":\"https:\\\/\\\/www.melhorescola.com.br\\\/blog\\\/#organization\",\"name\":\"Melhor Escola B2B\",\"url\":\"https:\\\/\\\/www.melhorescola.com.br\\\/blog\\\/\",\"logo\":{\"@type\":\"ImageObject\",\"inLanguage\":\"pt-BR\",\"@id\":\"https:\\\/\\\/www.melhorescola.com.br\\\/blog\\\/#\\\/schema\\\/logo\\\/image\\\/\",\"url\":\"https:\\\/\\\/www.melhorescola.com.br\\\/blog\\\/wp-content\\\/uploads\\\/2024\\\/06\\\/images-removebg-preview-2.png\",\"contentUrl\":\"https:\\\/\\\/www.melhorescola.com.br\\\/blog\\\/wp-content\\\/uploads\\\/2024\\\/06\\\/images-removebg-preview-2.png\",\"width\":148,\"height\":148,\"caption\":\"Melhor Escola B2B\"},\"image\":{\"@id\":\"https:\\\/\\\/www.melhorescola.com.br\\\/blog\\\/#\\\/schema\\\/logo\\\/image\\\/\"}},{\"@type\":\"Person\",\"@id\":\"https:\\\/\\\/www.melhorescola.com.br\\\/blog\\\/#\\\/schema\\\/person\\\/5de2044c9fde0edd50d6f7cef3a23b5e\",\"name\":\"Ana Paiva\",\"image\":{\"@type\":\"ImageObject\",\"inLanguage\":\"pt-BR\",\"@id\":\"https:\\\/\\\/secure.gravatar.com\\\/avatar\\\/5733257f78af208ff1acf8031ec53d9032333f2e3847994a6f25fca799f29f1a?s=96&d=mm&r=g\",\"url\":\"https:\\\/\\\/secure.gravatar.com\\\/avatar\\\/5733257f78af208ff1acf8031ec53d9032333f2e3847994a6f25fca799f29f1a?s=96&d=mm&r=g\",\"contentUrl\":\"https:\\\/\\\/secure.gravatar.com\\\/avatar\\\/5733257f78af208ff1acf8031ec53d9032333f2e3847994a6f25fca799f29f1a?s=96&d=mm&r=g\",\"caption\":\"Ana Paiva\"},\"url\":\"https:\\\/\\\/www.melhorescola.com.br\\\/blog\\\/author\\\/ana-beatriz\\\/\"}]}<\/script>\n<!-- \/ Yoast SEO plugin. -->","yoast_head_json":{"title":"5 atividades para trabalhar o Setembro Amarelo nas escolas","description":"Setembro amarelo nas escolas: saiba como trabalhar a sa\u00fade mental dos alunos e aplicar atividades pr\u00e1ticas durante todo o ano.","robots":{"index":"index","follow":"follow","max-snippet":"max-snippet:-1","max-image-preview":"max-image-preview:large","max-video-preview":"max-video-preview:-1"},"canonical":"https:\/\/www.melhorescola.com.br\/blog\/setembro-amarelo-nas-escolas-2\/","og_locale":"pt_BR","og_type":"article","og_title":"5 atividades para trabalhar o Setembro Amarelo nas escolas","og_description":"Setembro amarelo nas escolas: saiba como trabalhar a sa\u00fade mental dos alunos e aplicar atividades pr\u00e1ticas durante todo o ano.","og_url":"https:\/\/www.melhorescola.com.br\/blog\/setembro-amarelo-nas-escolas-2\/","og_site_name":"Blog do Melhor Escola","article_published_time":"2025-09-08T16:45:19+00:00","article_modified_time":"2025-09-08T16:46:56+00:00","og_image":[{"width":830,"height":553,"url":"https:\/\/www.melhorescola.com.br\/blog\/wp-content\/uploads\/2025\/09\/1-4.png","type":"image\/png"}],"author":"Ana Paiva","twitter_card":"summary_large_image","twitter_misc":{"Escrito por":"Ana Paiva","Est. tempo de leitura":"11 minutos"},"schema":{"@context":"https:\/\/schema.org","@graph":[{"@type":"Article","@id":"https:\/\/www.melhorescola.com.br\/blog\/setembro-amarelo-nas-escolas-2\/#article","isPartOf":{"@id":"https:\/\/www.melhorescola.com.br\/blog\/setembro-amarelo-nas-escolas-2\/"},"author":{"name":"Ana Paiva","@id":"https:\/\/www.melhorescola.com.br\/blog\/#\/schema\/person\/5de2044c9fde0edd50d6f7cef3a23b5e"},"headline":"5 atividades para trabalhar o Setembro Amarelo nas escolas","datePublished":"2025-09-08T16:45:19+00:00","dateModified":"2025-09-08T16:46:56+00:00","mainEntityOfPage":{"@id":"https:\/\/www.melhorescola.com.br\/blog\/setembro-amarelo-nas-escolas-2\/"},"wordCount":1982,"commentCount":0,"publisher":{"@id":"https:\/\/www.melhorescola.com.br\/blog\/#organization"},"image":{"@id":"https:\/\/www.melhorescola.com.br\/blog\/setembro-amarelo-nas-escolas-2\/#primaryimage"},"thumbnailUrl":"https:\/\/www.melhorescola.com.br\/blog\/wp-content\/uploads\/2025\/09\/1-4.png","keywords":["ambiente escolar","atividades setembro amarelo","Gest\u00e3o Escolar","Planejamento Escolar","Setembro amarelo","setembro amarelo nas escolas"],"articleSection":["Ambiente Escolar"],"inLanguage":"pt-BR","potentialAction":[{"@type":"CommentAction","name":"Comment","target":["https:\/\/www.melhorescola.com.br\/blog\/setembro-amarelo-nas-escolas-2\/#respond"]}]},{"@type":"WebPage","@id":"https:\/\/www.melhorescola.com.br\/blog\/setembro-amarelo-nas-escolas-2\/","url":"https:\/\/www.melhorescola.com.br\/blog\/setembro-amarelo-nas-escolas-2\/","name":"5 atividades para trabalhar o Setembro Amarelo nas escolas","isPartOf":{"@id":"https:\/\/www.melhorescola.com.br\/blog\/#website"},"primaryImageOfPage":{"@id":"https:\/\/www.melhorescola.com.br\/blog\/setembro-amarelo-nas-escolas-2\/#primaryimage"},"image":{"@id":"https:\/\/www.melhorescola.com.br\/blog\/setembro-amarelo-nas-escolas-2\/#primaryimage"},"thumbnailUrl":"https:\/\/www.melhorescola.com.br\/blog\/wp-content\/uploads\/2025\/09\/1-4.png","datePublished":"2025-09-08T16:45:19+00:00","dateModified":"2025-09-08T16:46:56+00:00","description":"Setembro amarelo nas escolas: saiba como trabalhar a sa\u00fade mental dos alunos e aplicar atividades pr\u00e1ticas durante todo o ano.","breadcrumb":{"@id":"https:\/\/www.melhorescola.com.br\/blog\/setembro-amarelo-nas-escolas-2\/#breadcrumb"},"inLanguage":"pt-BR","potentialAction":[{"@type":"ReadAction","target":["https:\/\/www.melhorescola.com.br\/blog\/setembro-amarelo-nas-escolas-2\/"]}]},{"@type":"ImageObject","inLanguage":"pt-BR","@id":"https:\/\/www.melhorescola.com.br\/blog\/setembro-amarelo-nas-escolas-2\/#primaryimage","url":"https:\/\/www.melhorescola.com.br\/blog\/wp-content\/uploads\/2025\/09\/1-4.png","contentUrl":"https:\/\/www.melhorescola.com.br\/blog\/wp-content\/uploads\/2025\/09\/1-4.png","width":830,"height":553},{"@type":"BreadcrumbList","@id":"https:\/\/www.melhorescola.com.br\/blog\/setembro-amarelo-nas-escolas-2\/#breadcrumb","itemListElement":[{"@type":"ListItem","position":1,"name":"In\u00edcio","item":"https:\/\/www.melhorescola.com.br\/blog\/"},{"@type":"ListItem","position":2,"name":"5 atividades para trabalhar o Setembro Amarelo nas escolas"}]},{"@type":"WebSite","@id":"https:\/\/www.melhorescola.com.br\/blog\/#website","url":"https:\/\/www.melhorescola.com.br\/blog\/","name":"Blog do Melhor Escola","description":"Veja conte\u00fados sobre capta\u00e7\u00e3o de alunos, gest\u00e3o escolar, marketing educacional, universo pedag\u00f3gico e muito mais!","publisher":{"@id":"https:\/\/www.melhorescola.com.br\/blog\/#organization"},"potentialAction":[{"@type":"SearchAction","target":{"@type":"EntryPoint","urlTemplate":"https:\/\/www.melhorescola.com.br\/blog\/?s={search_term_string}"},"query-input":{"@type":"PropertyValueSpecification","valueRequired":true,"valueName":"search_term_string"}}],"inLanguage":"pt-BR"},{"@type":"Organization","@id":"https:\/\/www.melhorescola.com.br\/blog\/#organization","name":"Melhor Escola B2B","url":"https:\/\/www.melhorescola.com.br\/blog\/","logo":{"@type":"ImageObject","inLanguage":"pt-BR","@id":"https:\/\/www.melhorescola.com.br\/blog\/#\/schema\/logo\/image\/","url":"https:\/\/www.melhorescola.com.br\/blog\/wp-content\/uploads\/2024\/06\/images-removebg-preview-2.png","contentUrl":"https:\/\/www.melhorescola.com.br\/blog\/wp-content\/uploads\/2024\/06\/images-removebg-preview-2.png","width":148,"height":148,"caption":"Melhor Escola B2B"},"image":{"@id":"https:\/\/www.melhorescola.com.br\/blog\/#\/schema\/logo\/image\/"}},{"@type":"Person","@id":"https:\/\/www.melhorescola.com.br\/blog\/#\/schema\/person\/5de2044c9fde0edd50d6f7cef3a23b5e","name":"Ana Paiva","image":{"@type":"ImageObject","inLanguage":"pt-BR","@id":"https:\/\/secure.gravatar.com\/avatar\/5733257f78af208ff1acf8031ec53d9032333f2e3847994a6f25fca799f29f1a?s=96&d=mm&r=g","url":"https:\/\/secure.gravatar.com\/avatar\/5733257f78af208ff1acf8031ec53d9032333f2e3847994a6f25fca799f29f1a?s=96&d=mm&r=g","contentUrl":"https:\/\/secure.gravatar.com\/avatar\/5733257f78af208ff1acf8031ec53d9032333f2e3847994a6f25fca799f29f1a?s=96&d=mm&r=g","caption":"Ana Paiva"},"url":"https:\/\/www.melhorescola.com.br\/blog\/author\/ana-beatriz\/"}]}},"_links":{"self":[{"href":"https:\/\/www.melhorescola.com.br\/blog\/wp-json\/wp\/v2\/posts\/24842","targetHints":{"allow":["GET"]}}],"collection":[{"href":"https:\/\/www.melhorescola.com.br\/blog\/wp-json\/wp\/v2\/posts"}],"about":[{"href":"https:\/\/www.melhorescola.com.br\/blog\/wp-json\/wp\/v2\/types\/post"}],"author":[{"embeddable":true,"href":"https:\/\/www.melhorescola.com.br\/blog\/wp-json\/wp\/v2\/users\/27"}],"replies":[{"embeddable":true,"href":"https:\/\/www.melhorescola.com.br\/blog\/wp-json\/wp\/v2\/comments?post=24842"}],"version-history":[{"count":2,"href":"https:\/\/www.melhorescola.com.br\/blog\/wp-json\/wp\/v2\/posts\/24842\/revisions"}],"predecessor-version":[{"id":24848,"href":"https:\/\/www.melhorescola.com.br\/blog\/wp-json\/wp\/v2\/posts\/24842\/revisions\/24848"}],"wp:featuredmedia":[{"embeddable":true,"href":"https:\/\/www.melhorescola.com.br\/blog\/wp-json\/wp\/v2\/media\/24843"}],"wp:attachment":[{"href":"https:\/\/www.melhorescola.com.br\/blog\/wp-json\/wp\/v2\/media?parent=24842"}],"wp:term":[{"taxonomy":"category","embeddable":true,"href":"https:\/\/www.melhorescola.com.br\/blog\/wp-json\/wp\/v2\/categories?post=24842"},{"taxonomy":"post_tag","embeddable":true,"href":"https:\/\/www.melhorescola.com.br\/blog\/wp-json\/wp\/v2\/tags?post=24842"}],"curies":[{"name":"wp","href":"https:\/\/api.w.org\/{rel}","templated":true}]}}