{"id":24698,"date":"2025-07-14T16:05:00","date_gmt":"2025-07-14T19:05:00","guid":{"rendered":"https:\/\/www.melhorescola.com.br\/blog\/?p=24698"},"modified":"2025-07-14T16:19:58","modified_gmt":"2025-07-14T19:19:58","slug":"meta-de-alfabetizacao","status":"publish","type":"post","link":"https:\/\/www.melhorescola.com.br\/blog\/meta-de-alfabetizacao\/","title":{"rendered":"Brasil n\u00e3o atinge meta de alfabetiza\u00e7\u00e3o nacional em 2024"},"content":{"rendered":"\n<p>A <strong>meta de alfabetiza\u00e7\u00e3o<\/strong> estabelecida pelo Minist\u00e9rio da Educa\u00e7\u00e3o (MEC) para 2024 n\u00e3o foi alcan\u00e7ada.&nbsp;<\/p>\n\n\n\n<ul class=\"wp-block-list\">\n<li><a href=\"https:\/\/www.melhorescola.com.br\/blog\/evasao-escolar\/\" target=\"_blank\" rel=\"noreferrer noopener\">Veja dicas estrat\u00e9gicas&nbsp; de como combater a evas\u00e3o escolar<\/a><\/li>\n<\/ul>\n\n\n\n<p>A mais recente avalia\u00e7\u00e3o nacional, que envolveu <strong>mais de 2 milh\u00f5es de estudantes<\/strong> da rede p\u00fablica, revelou que apenas <strong>59,2% das crian\u00e7as<\/strong> ao final do 2\u00ba ano do Ensino Fundamental est\u00e3o alfabetizadas \u2014 abaixo da meta nacional de 60%.<\/p>\n\n\n\n<p>Segundo o ministro da Educa\u00e7\u00e3o, <strong>Camilo Santana<\/strong>, a principal raz\u00e3o para o n\u00e3o cumprimento da meta foi a trag\u00e9dia clim\u00e1tica que atingiu o <strong>Rio Grande do Sul<\/strong>. Devido \u00e0s enchentes, o estado teve uma queda brusca nos \u00edndices, passando de <strong>63,4% (2023)<\/strong> para <strong>44,7% (2024)<\/strong>, o que impactou diretamente a m\u00e9dia nacional.<\/p>\n\n\n\n<p>O levantamento foi conduzido pelo <strong>Inep<\/strong>, com base nas avalia\u00e7\u00f5es estaduais aplicadas em <strong>42 mil escolas de 5.450 munic\u00edpios<\/strong>. Ao todo, <strong>11 estados atingiram a meta<\/strong>, e <strong>Roraima<\/strong> foi o \u00fanico que n\u00e3o participou da avalia\u00e7\u00e3o em 2024.<\/p>\n\n\n\n<p>Para <strong>gestores escolares, mantenedores e educadores<\/strong>, entender esses dados \u00e9 essencial para<a href=\"https:\/\/www.melhorescola.com.br\/blog\/busca-ativa-escolar\/\" target=\"_blank\" rel=\"noreferrer noopener\"> tra\u00e7ar estrat\u00e9gias pedag\u00f3gicas<\/a> mais eficazes e <strong>superar os desafios da alfabetiza\u00e7\u00e3o infantil no Brasil<\/strong>.<\/p>\n\n\n\n<p>Continue a leitura para entender como \u00e9 feita essa an\u00e1lise, o que causa os<strong> baixos \u00edndices de alfabetiza\u00e7\u00e3o no Brasil<\/strong> e quais caminhos as escolas podem adotar para melhorar esse cen\u00e1rio.<\/p>\n\n\n\n<p><strong>Neste artigo voc\u00ea vai ver:<\/strong><\/p>\n\n\n\n<ul class=\"wp-block-list\">\n<li>Quais s\u00e3o as metas de alfabetiza\u00e7\u00e3o no Brasil?<\/li>\n\n\n\n<li>Como \u00e9 feita a an\u00e1lise dos \u00edndices de alfabetiza\u00e7\u00e3o?<\/li>\n\n\n\n<li>Quais s\u00e3o os desafios do processo de alfabetiza\u00e7\u00e3o no Brasil?<\/li>\n\n\n\n<li>Como sua escola pode contribuir para melhorar a alfabetiza\u00e7\u00e3o no Brasil?<\/li>\n<\/ul>\n\n\n\n<figure class=\"wp-block-image size-full\"><img fetchpriority=\"high\" decoding=\"async\" width=\"830\" height=\"553\" src=\"https:\/\/www.melhorescola.com.br\/blog\/wp-content\/uploads\/2025\/07\/2.png\" alt=\"crian\u00e7a em idade de alfabetiza\u00e7\u00e3o\" class=\"wp-image-24701\" srcset=\"https:\/\/www.melhorescola.com.br\/blog\/wp-content\/uploads\/2025\/07\/2.png 830w, https:\/\/www.melhorescola.com.br\/blog\/wp-content\/uploads\/2025\/07\/2-800x533.png 800w, https:\/\/www.melhorescola.com.br\/blog\/wp-content\/uploads\/2025\/07\/2-768x512.png 768w\" sizes=\"(max-width: 830px) 100vw, 830px\" \/><\/figure>\n\n\n\n<h2 class=\"wp-block-heading\">Quais s\u00e3o as metas de alfabetiza\u00e7\u00e3o no Brasil?<\/h2>\n\n\n\n<p>A <strong>meta de alfabetiza\u00e7\u00e3o<\/strong> estabelecida pelo governo federal para 2024 era que <strong>60% das crian\u00e7as<\/strong> estivessem alfabetizadas at\u00e9 o final do <strong>2\u00ba ano do ensino fundamental<\/strong>. No entanto, <strong>dados divulgados pelo Inep <\/strong>mostraram que o pa\u00eds alcan\u00e7ou <strong>59,2%<\/strong>, ficando <strong>abaixo da expectativa nacional<\/strong>.<\/p>\n\n\n\n<h3 class=\"wp-block-heading\">O que representa o recorte de 2024?<\/h3>\n\n\n\n<p>Embora o \u00edndice de 59,2% represente um avan\u00e7o em rela\u00e7\u00e3o a 2023 (que registrou 56%), a diferen\u00e7a entre o resultado e a meta revela <strong>desigualdades regionais e obst\u00e1culos estruturais<\/strong> no processo de alfabetiza\u00e7\u00e3o.<\/p>\n\n\n\n<p>Segundo o ministro Camilo Santana, <strong>a trag\u00e9dia ambiental no Rio Grande do Sul<\/strong> teve impacto direto sobre a m\u00e9dia nacional, j\u00e1 que o estado caiu de 63,4% para 44,7% de crian\u00e7as alfabetizadas em um ano. Em suas palavras:&nbsp;<\/p>\n\n\n\n<blockquote class=\"wp-block-quote is-layout-flow wp-block-quote-is-layout-flow\">\n<p><em>O Rio Grande do Sul caiu absurdamente. Se o estado tivesse, pelo menos, mantido o percentual de 2023, n\u00f3s ter\u00edamos chegado \u00e0 meta de 60,2%, em 2024, se n\u00e3o fosse a situa\u00e7\u00e3o at\u00edpica de calamidade no estado. Isso afetou fortemente o resultado<\/em>, afirmou.&nbsp;<\/p>\n<\/blockquote>\n\n\n\n<h2 class=\"wp-block-heading\">Como \u00e9 feita a an\u00e1lise dos \u00edndices de alfabetiza\u00e7\u00e3o?<\/h2>\n\n\n\n<p>A an\u00e1lise dos <strong>\u00edndices de alfabetiza\u00e7\u00e3o<\/strong> no Brasil \u00e9 feita a partir das <strong>avalia\u00e7\u00f5es estaduais aplicadas com alunos do 2\u00ba ano do ensino fundamental<\/strong>, seguindo as diretrizes do MEC e coordena\u00e7\u00e3o t\u00e9cnica do Inep.<\/p>\n\n\n\n<figure class=\"wp-block-table\"><table class=\"has-fixed-layout\"><tbody><tr><td><strong>Importante<\/strong><br>O MEC n\u00e3o aplica diretamente a prova. Os testes s\u00e3o realizados pelos estados com base em um conjunto de itens previamente definidos e homologados nacionalmente, garantindo padroniza\u00e7\u00e3o nos resultados.<\/td><\/tr><\/tbody><\/table><\/figure>\n\n\n\n<p>Esses dados comp\u00f5em o <strong>Indicador Crian\u00e7a Alfabetizada<\/strong>, lan\u00e7ado em 2023 como parte do programa<a href=\"https:\/\/www.gov.br\/mec-e-ocde-se-reunem-para-discutir-acoes-de-aperfeicoamento-da-politica-educacional-brasileira\/pt-br\/crianca-alfabetizada\" target=\"_blank\" rel=\"noreferrer noopener\"> <strong>Compromisso Nacional Crian\u00e7a Alfabetizada<\/strong><\/a>.<\/p>\n\n\n\n<h3 class=\"wp-block-heading\">O que \u00e9 avaliado?<\/h3>\n\n\n\n<p>O estudante responde a:<\/p>\n\n\n\n<ul class=\"wp-block-list\">\n<li><strong>16 quest\u00f5es de m\u00faltipla escolha<\/strong><strong><br><\/strong><\/li>\n\n\n\n<li><strong>2 quest\u00f5es de resposta constru\u00edda<\/strong><strong><br><\/strong><\/li>\n\n\n\n<li><strong>1 produ\u00e7\u00e3o textual simples<\/strong><strong><br><\/strong><\/li>\n<\/ul>\n\n\n\n<p>Esses itens avaliam se a crian\u00e7a:<\/p>\n\n\n\n<ul class=\"wp-block-list\">\n<li>L\u00ea palavras, frases e textos curtos<br><\/li>\n\n\n\n<li>Compreende informa\u00e7\u00f5es expl\u00edcitas em textos simples<br><\/li>\n\n\n\n<li>Interpreta tirinhas e hist\u00f3rias em quadrinhos<br><\/li>\n\n\n\n<li>Escreve bilhetes ou convites, mesmo com erros ortogr\u00e1ficos<\/li>\n<\/ul>\n\n\n\n<p>Para ser considerada alfabetizada, a crian\u00e7a precisa atingir <strong>pelo menos 743 pontos<\/strong> na escala do <a href=\"https:\/\/querobolsa.com.br\/revista\/avaliacao-da-educacao\" target=\"_blank\" rel=\"noreferrer noopener\"><strong>Sistema de Avalia\u00e7\u00e3o da Educa\u00e7\u00e3o B\u00e1sica (Saeb)<\/strong><\/a>, segundo a <strong>Pesquisa Alfabetiza Brasil<\/strong>, conduzida pelo Inep.<\/p>\n\n\n\n<h3 class=\"wp-block-heading\">Quem participa?<\/h3>\n\n\n\n<p>Em 2024, participaram do levantamento <strong>mais de 2 milh\u00f5es de alunos<\/strong>, distribu\u00eddos em <strong>42 mil escolas p\u00fablicas de 5.450 munic\u00edpios brasileiros<\/strong>. O \u00fanico estado que n\u00e3o participou foi <strong>Roraima<\/strong>, devido \u00e0 alta propor\u00e7\u00e3o de escolas localizadas em territ\u00f3rios ind\u00edgenas.<\/p>\n\n\n\n<h3 class=\"wp-block-heading\">Qual a meta do programa Brasil Alfabetizado?<\/h3>\n\n\n\n<p>O <strong>Compromisso Nacional Crian\u00e7a Alfabetizada<\/strong>, tamb\u00e9m conhecido como <strong>programa Brasil Alfabetizado<\/strong>, \u00e9 a principal estrat\u00e9gia do Minist\u00e9rio da Educa\u00e7\u00e3o (MEC) para garantir que <strong>todas as crian\u00e7as estejam alfabetizadas at\u00e9 o final do 2\u00ba ano do ensino fundamental<\/strong>.<\/p>\n\n\n\n<figure class=\"wp-block-image size-full\"><img decoding=\"async\" width=\"830\" height=\"553\" data-src=\"https:\/\/www.melhorescola.com.br\/blog\/wp-content\/uploads\/2025\/07\/3.png\" alt=\"crian\u00e7as em idade de alfabetiza\u00e7\u00e3o na escola \" class=\"wp-image-24703 lazyload\" data-srcset=\"https:\/\/www.melhorescola.com.br\/blog\/wp-content\/uploads\/2025\/07\/3.png 830w, https:\/\/www.melhorescola.com.br\/blog\/wp-content\/uploads\/2025\/07\/3-800x533.png 800w, https:\/\/www.melhorescola.com.br\/blog\/wp-content\/uploads\/2025\/07\/3-768x512.png 768w\" data-sizes=\"(max-width: 830px) 100vw, 830px\" src=\"data:image\/svg+xml;base64,PHN2ZyB3aWR0aD0iMSIgaGVpZ2h0PSIxIiB4bWxucz0iaHR0cDovL3d3dy53My5vcmcvMjAwMC9zdmciPjwvc3ZnPg==\" style=\"--smush-placeholder-width: 830px; --smush-placeholder-aspect-ratio: 830\/553;\" \/><\/figure>\n\n\n\n<p>A meta principal do programa \u00e9 que <strong>mais de 80% das crian\u00e7as brasileiras<\/strong> <a href=\"https:\/\/www.melhorescola.com.br\/blog\/alfabetizacao-a-distancia-e-possivel\/\" target=\"_blank\" rel=\"noreferrer noopener\">alcancem a alfabetiza\u00e7\u00e3o plena<\/a> at\u00e9 o ano de <strong>2030<\/strong>. Para isso, o governo federal estabeleceu <strong>metas progressivas por ano<\/strong>, que servem como par\u00e2metro para estados e munic\u00edpios ajustarem suas pol\u00edticas educacionais.<\/p>\n\n\n\n<h3 class=\"wp-block-heading\">Metas anuais de alfabetiza\u00e7\u00e3o previstas no programa:<\/h3>\n\n\n\n<figure class=\"wp-block-table has-medium-font-size\"><table class=\"has-fixed-layout\"><tbody><tr><td><strong>Ano<\/strong><\/td><td><strong>Meta nacional de alfabetiza\u00e7\u00e3o<\/strong><\/td><\/tr><tr><td><strong>2024<\/strong><\/td><td>60% (resultado alcan\u00e7ado: 59,2%)<\/td><\/tr><tr><td><strong>2025<\/strong><\/td><td>64%<\/td><\/tr><tr><td><strong>2026<\/strong><\/td><td>67%<\/td><\/tr><tr><td><strong>2027<\/strong><\/td><td>71%<\/td><\/tr><tr><td><strong>2028<\/strong><\/td><td>74%<\/td><\/tr><tr><td><strong>2029<\/strong><\/td><td>77%<\/td><\/tr><tr><td><strong>2030<\/strong><\/td><td>80%<\/td><\/tr><\/tbody><\/table><\/figure>\n\n\n\n<p>Al\u00e9m do acompanhamento dos \u00edndices, o programa prev\u00ea <strong>apoio t\u00e9cnico e financeiro<\/strong> para redes de ensino, investimento em <strong>forma\u00e7\u00e3o docente<\/strong>, <strong>fortalecimento da gest\u00e3o escolar<\/strong> e melhorias na avalia\u00e7\u00e3o do processo de aprendizagem nos anos iniciais.<\/p>\n\n\n\n<p>Segundo o MEC, o programa tamb\u00e9m tem como objetivo reduzir as desigualdades educacionais regionais, por meio da atua\u00e7\u00e3o integrada entre <strong>governo federal, estados e munic\u00edpios<\/strong>.<\/p>\n\n\n\n<p>Al\u00e9m disso, o <strong>Plano Nacional de Educa\u00e7\u00e3o (PNE)<\/strong> tamb\u00e9m orienta metas de aprendizagem e alfabetiza\u00e7\u00e3o em seu <strong>primeiro objetivo estrat\u00e9gico<\/strong>, refor\u00e7ando a urg\u00eancia da alfabetiza\u00e7\u00e3o na idade certa como <a href=\"https:\/\/www.melhorescola.com.br\/blog\/ensino-complementar\/\" target=\"_blank\" rel=\"noreferrer noopener\">base para o sucesso escolar<\/a>.<\/p>\n\n\n\n<h2 class=\"wp-block-heading\">Quais s\u00e3o os desafios do processo de alfabetiza\u00e7\u00e3o no Brasil?<\/h2>\n\n\n\n<p>Apesar do Brasil ter registrado avan\u00e7os em 2024 se comparado ao ano anterior, <strong>o pa\u00eds ainda enfrenta diversos obst\u00e1culos estruturais e contextuais<\/strong> que dificultam o alcance das metas estabelecidas pelo MEC quando o assunto \u00e9 <strong>alfabetiza\u00e7\u00e3o infantil<\/strong>.<\/p>\n\n\n\n<p>A seguir, destacamos os <strong>principais desafios das institui\u00e7\u00f5es de ensino em todo o pa\u00eds no contexto da alfabetiza\u00e7\u00e3o infantil<\/strong>:&nbsp;<\/p>\n\n\n\n<h3 class=\"wp-block-heading\">1 &#8211;&nbsp; Desigualdade educacional entre estados e munic\u00edpios<\/h3>\n\n\n\n<p>Enquanto estados como <strong>Cear\u00e1 (85,3%)<\/strong> e <strong>Goi\u00e1s (72,7%)<\/strong> superaram a meta nacional, outros, como <strong>Bahia (36%)<\/strong> e <strong>Rio Grande do Norte (39,3%)<\/strong>, apresentam percentuais alarmantes.&nbsp;<\/p>\n\n\n\n<p>Essa disparidade evidencia a urg\u00eancia de <strong>pol\u00edticas p\u00fablicas mais equitativas<\/strong>, que considerem o contexto local de cada rede de ensino.<\/p>\n\n\n\n<h3 class=\"wp-block-heading\">2 &#8211; Defasagens do p\u00f3s-pandemia<\/h3>\n\n\n\n<p>A <a href=\"https:\/\/www.melhorescola.com.br\/blog\/captacao-de-novos-alunos\/\" target=\"_blank\" rel=\"noreferrer noopener\">pandemia de Covid-19<\/a> interrompeu processos de aprendizagem e causou atrasos significativos na alfabetiza\u00e7\u00e3o, especialmente entre crian\u00e7as de fam\u00edlias em situa\u00e7\u00e3o de vulnerabilidade.&nbsp;<\/p>\n\n\n\n<p>Os reflexos ainda s\u00e3o sentidos em muitas salas de aula, principalmente onde n\u00e3o houve suporte tecnol\u00f3gico e acompanhamento adequado durante o ensino remoto.<\/p>\n\n\n\n<h3 class=\"wp-block-heading\">3 &#8211; Falta de forma\u00e7\u00e3o continuada para professores<\/h3>\n\n\n\n<p>O sucesso da alfabetiza\u00e7\u00e3o est\u00e1 diretamente ligado \u00e0 <strong>capacita\u00e7\u00e3o docente<\/strong>. Muitos educadores ainda n\u00e3o t\u00eam acesso a <strong>forma\u00e7\u00f5es regulares, pr\u00e1ticas e alinhadas \u00e0 Base Nacional Comum Curricular (<\/strong><a href=\"https:\/\/www.melhorescola.com.br\/blog\/bncc-na-educacao-infantil\/\" target=\"_blank\" rel=\"noreferrer noopener\"><strong>BNCC<\/strong><\/a><strong>)<\/strong>, o que prejudica a aplica\u00e7\u00e3o de m\u00e9todos eficazes de alfabetiza\u00e7\u00e3o.<\/p>\n\n\n\n<h3 class=\"wp-block-heading\">4 &#8211; Infraestrutura escolar inadequada<\/h3>\n\n\n\n<p>Salas superlotadas, escassez de materiais pedag\u00f3gicos e falta de bibliotecas ou espa\u00e7os de leitura <strong>impactam diretamente o desenvolvimento da linguagem escrita e oral<\/strong> nos anos iniciais do ensino fundamental.<\/p>\n\n\n\n<h3 class=\"wp-block-heading\">5 &#8211; Impactos de eventos clim\u00e1ticos extremos<\/h3>\n\n\n\n<p>O caso do <strong>Rio Grande do Sul<\/strong>, cuja taxa de alfabetiza\u00e7\u00e3o caiu de <strong>63,4% (2023)<\/strong> para <strong>44,7% (2024)<\/strong>, escancara como <strong>cat\u00e1strofes naturais podem comprometer seriamente o acesso \u00e0 educa\u00e7\u00e3o<\/strong>.&nbsp;<\/p>\n\n\n\n<p>As enchentes no estado resultaram na suspens\u00e3o de aulas por semanas, refletindo diretamente nos indicadores de alfabetiza\u00e7\u00e3o.<\/p>\n\n\n\n<h2 class=\"wp-block-heading\">Como sua escola pode contribuir para melhorar a alfabetiza\u00e7\u00e3o no Brasil?<\/h2>\n\n\n\n<p>Com os <a href=\"https:\/\/www.gov.br\/mec\/pt-br\/assuntos\/noticias\/2025\/julho\/58-dos-municipios-melhoraram-alfabetizacao\" target=\"_blank\" rel=\"noreferrer noopener\"><strong>\u00faltimos dados divulgados pelo MEC<\/strong><\/a>, fica evidente que o desafio da alfabetiza\u00e7\u00e3o vai al\u00e9m de pol\u00edticas p\u00fablicas, uma vez que exige o <strong>comprometimento direto das escolas, educadores e gestores<\/strong>.&nbsp;<\/p>\n\n\n\n<figure class=\"wp-block-image size-full\"><img decoding=\"async\" width=\"830\" height=\"553\" data-src=\"https:\/\/www.melhorescola.com.br\/blog\/wp-content\/uploads\/2025\/07\/1.png\" alt=\"professora alfabetizando crian\u00e7as na escola\" class=\"wp-image-24704 lazyload\" data-srcset=\"https:\/\/www.melhorescola.com.br\/blog\/wp-content\/uploads\/2025\/07\/1.png 830w, https:\/\/www.melhorescola.com.br\/blog\/wp-content\/uploads\/2025\/07\/1-800x533.png 800w, https:\/\/www.melhorescola.com.br\/blog\/wp-content\/uploads\/2025\/07\/1-768x512.png 768w\" data-sizes=\"(max-width: 830px) 100vw, 830px\" src=\"data:image\/svg+xml;base64,PHN2ZyB3aWR0aD0iMSIgaGVpZ2h0PSIxIiB4bWxucz0iaHR0cDovL3d3dy53My5vcmcvMjAwMC9zdmciPjwvc3ZnPg==\" style=\"--smush-placeholder-width: 830px; --smush-placeholder-aspect-ratio: 830\/553;\" \/><\/figure>\n\n\n\n<p>Cada institui\u00e7\u00e3o tem um papel fundamental na constru\u00e7\u00e3o de um pa\u00eds mais alfabetizado, e isso<strong> come\u00e7a com decis\u00f5es estrat\u00e9gicas no presente.<\/strong><\/p>\n\n\n\n<p>Veja algumas formas de atua\u00e7\u00e3o:<\/p>\n\n\n\n<ul class=\"wp-block-list\">\n<li><strong>Reforce a forma\u00e7\u00e3o continuada dos professores<\/strong>, com foco no ensino da leitura e escrita nos anos iniciais;<br><\/li>\n\n\n\n<li><strong>Invista em avalia\u00e7\u00f5es diagn\u00f3sticas regulares<\/strong>, para mapear defasagens desde o in\u00edcio da jornada escolar;<br><\/li>\n\n\n\n<li><strong>Adote pr\u00e1ticas pedag\u00f3gicas inovadoras<\/strong> que respeitem o <a href=\"https:\/\/www.melhorescola.com.br\/blog\/trilha-de-aprendizagem\/\" target=\"_blank\" rel=\"noreferrer noopener\">ritmo de aprendizagem de cada aluno<\/a>;<br><\/li>\n\n\n\n<li><strong>Fortale\u00e7a os v\u00ednculos com as fam\u00edlias<\/strong>, incentivando a leitura em casa e o acompanhamento da alfabetiza\u00e7\u00e3o;<br><\/li>\n\n\n\n<li><strong>Amplie o acesso \u00e0 sua escola por meio de programas de inclus\u00e3o<\/strong>, como as<strong> bolsas de estudo do Melhor Escola<\/strong>.<\/li>\n<\/ul>\n\n\n\n<p>Ao se tornar <strong>parceiro do Melhor Escola<\/strong>, sua institui\u00e7\u00e3o passa a integrar um ecossistema que valoriza a qualidade do ensino, amplia o acesso de milhares de fam\u00edlias \u00e0 educa\u00e7\u00e3o b\u00e1sica e fortalece o compromisso com o futuro do pa\u00eds.<\/p>\n\n\n\n<p>E ent\u00e3o, gostou desse conte\u00fado? Compartilhe com outros educadores que gostariam de saber mais sobre as <strong>metas de alfabetiza\u00e7\u00e3o do Brasil<\/strong>. Aproveite e leia <a href=\"https:\/\/www.melhorescola.com.br\/blog\/category\/ambiente-escolar\/\" target=\"_blank\" rel=\"noreferrer noopener\">outros artigos <\/a>do nosso blog. <\/p>\n\n\n\n<p><strong>Quer atrair mais alunos e ajudar sua escola a crescer e contribuir com as metas de alfabetiza\u00e7\u00e3o no Brasil?<\/strong> Fa\u00e7a parte da nossa rede de institui\u00e7\u00f5es parceiras e comece agora mesmo a divulgar seu col\u00e9gio no<strong> <\/strong><a href=\"https:\/\/www.melhorescola.com.br\/blog\/dupla-divulgacao\/\" target=\"_blank\" rel=\"noreferrer noopener\"><strong>Melhor Escola\/Quero Bolsa<\/strong><\/a><strong>!<\/strong><\/p>\n\n\n\n<p><\/p>\n","protected":false},"excerpt":{"rendered":"<p>A meta de alfabetiza\u00e7\u00e3o estabelecida pelo Minist\u00e9rio da Educa\u00e7\u00e3o (MEC) para 2024 n\u00e3o foi alcan\u00e7ada.&nbsp; A mais recente avalia\u00e7\u00e3o nacional, que envolveu mais de 2&hellip;<\/p>\n","protected":false},"author":27,"featured_media":24700,"comment_status":"open","ping_status":"open","sticky":false,"template":"","format":"standard","meta":{"footnotes":""},"categories":[262,1],"tags":[],"class_list":["post-24698","post","type-post","status-publish","format-standard","has-post-thumbnail","hentry","category-ambiente-escolar","category-sem-categoria"],"yoast_head":"<!-- This site is optimized with the Yoast SEO plugin v27.4 - https:\/\/yoast.com\/product\/yoast-seo-wordpress\/ -->\n<title>Brasil n\u00e3o atinge meta de alfabetiza\u00e7\u00e3o nacional em 2024<\/title>\n<meta name=\"description\" content=\"O Brasil ficou abaixo da meta de alfabetiza\u00e7\u00e3o em 2024. Entenda os motivos, o impacto nas escolas e o papel da gest\u00e3o educacional.\" \/>\n<meta name=\"robots\" content=\"index, follow, max-snippet:-1, max-image-preview:large, max-video-preview:-1\" \/>\n<link rel=\"canonical\" href=\"https:\/\/www.melhorescola.com.br\/blog\/meta-de-alfabetizacao\/\" \/>\n<meta property=\"og:locale\" content=\"pt_BR\" \/>\n<meta property=\"og:type\" content=\"article\" \/>\n<meta property=\"og:title\" content=\"Brasil n\u00e3o atinge meta de alfabetiza\u00e7\u00e3o nacional em 2024\" \/>\n<meta property=\"og:description\" content=\"O Brasil ficou abaixo da meta de alfabetiza\u00e7\u00e3o em 2024. Entenda os motivos, o impacto nas escolas e o papel da gest\u00e3o educacional.\" \/>\n<meta property=\"og:url\" content=\"https:\/\/www.melhorescola.com.br\/blog\/meta-de-alfabetizacao\/\" \/>\n<meta property=\"og:site_name\" content=\"Blog do Melhor Escola\" \/>\n<meta property=\"article:published_time\" content=\"2025-07-14T19:05:00+00:00\" \/>\n<meta property=\"article:modified_time\" content=\"2025-07-14T19:19:58+00:00\" \/>\n<meta property=\"og:image\" content=\"https:\/\/www.melhorescola.com.br\/blog\/wp-content\/uploads\/2025\/07\/adoravel-garota-hispanica-brinca.jpg\" \/>\n\t<meta property=\"og:image:width\" content=\"830\" \/>\n\t<meta property=\"og:image:height\" content=\"553\" \/>\n\t<meta property=\"og:image:type\" content=\"image\/jpeg\" \/>\n<meta name=\"author\" content=\"Ana Paiva\" \/>\n<meta name=\"twitter:card\" content=\"summary_large_image\" \/>\n<meta name=\"twitter:label1\" content=\"Escrito por\" \/>\n\t<meta name=\"twitter:data1\" content=\"Ana Paiva\" \/>\n\t<meta name=\"twitter:label2\" content=\"Est. tempo de leitura\" \/>\n\t<meta name=\"twitter:data2\" content=\"9 minutos\" \/>\n<script type=\"application\/ld+json\" class=\"yoast-schema-graph\">{\"@context\":\"https:\\\/\\\/schema.org\",\"@graph\":[{\"@type\":\"Article\",\"@id\":\"https:\\\/\\\/www.melhorescola.com.br\\\/blog\\\/meta-de-alfabetizacao\\\/#article\",\"isPartOf\":{\"@id\":\"https:\\\/\\\/www.melhorescola.com.br\\\/blog\\\/meta-de-alfabetizacao\\\/\"},\"author\":{\"name\":\"Ana Paiva\",\"@id\":\"https:\\\/\\\/www.melhorescola.com.br\\\/blog\\\/#\\\/schema\\\/person\\\/5de2044c9fde0edd50d6f7cef3a23b5e\"},\"headline\":\"Brasil n\u00e3o atinge meta de alfabetiza\u00e7\u00e3o nacional em 2024\",\"datePublished\":\"2025-07-14T19:05:00+00:00\",\"dateModified\":\"2025-07-14T19:19:58+00:00\",\"mainEntityOfPage\":{\"@id\":\"https:\\\/\\\/www.melhorescola.com.br\\\/blog\\\/meta-de-alfabetizacao\\\/\"},\"wordCount\":1542,\"commentCount\":0,\"publisher\":{\"@id\":\"https:\\\/\\\/www.melhorescola.com.br\\\/blog\\\/#organization\"},\"image\":{\"@id\":\"https:\\\/\\\/www.melhorescola.com.br\\\/blog\\\/meta-de-alfabetizacao\\\/#primaryimage\"},\"thumbnailUrl\":\"https:\\\/\\\/www.melhorescola.com.br\\\/blog\\\/wp-content\\\/uploads\\\/2025\\\/07\\\/adoravel-garota-hispanica-brinca.jpg\",\"articleSection\":[\"Ambiente Escolar\"],\"inLanguage\":\"pt-BR\",\"potentialAction\":[{\"@type\":\"CommentAction\",\"name\":\"Comment\",\"target\":[\"https:\\\/\\\/www.melhorescola.com.br\\\/blog\\\/meta-de-alfabetizacao\\\/#respond\"]}]},{\"@type\":\"WebPage\",\"@id\":\"https:\\\/\\\/www.melhorescola.com.br\\\/blog\\\/meta-de-alfabetizacao\\\/\",\"url\":\"https:\\\/\\\/www.melhorescola.com.br\\\/blog\\\/meta-de-alfabetizacao\\\/\",\"name\":\"Brasil n\u00e3o atinge meta de alfabetiza\u00e7\u00e3o nacional em 2024\",\"isPartOf\":{\"@id\":\"https:\\\/\\\/www.melhorescola.com.br\\\/blog\\\/#website\"},\"primaryImageOfPage\":{\"@id\":\"https:\\\/\\\/www.melhorescola.com.br\\\/blog\\\/meta-de-alfabetizacao\\\/#primaryimage\"},\"image\":{\"@id\":\"https:\\\/\\\/www.melhorescola.com.br\\\/blog\\\/meta-de-alfabetizacao\\\/#primaryimage\"},\"thumbnailUrl\":\"https:\\\/\\\/www.melhorescola.com.br\\\/blog\\\/wp-content\\\/uploads\\\/2025\\\/07\\\/adoravel-garota-hispanica-brinca.jpg\",\"datePublished\":\"2025-07-14T19:05:00+00:00\",\"dateModified\":\"2025-07-14T19:19:58+00:00\",\"description\":\"O Brasil ficou abaixo da meta de alfabetiza\u00e7\u00e3o em 2024. Entenda os motivos, o impacto nas escolas e o papel da gest\u00e3o educacional.\",\"breadcrumb\":{\"@id\":\"https:\\\/\\\/www.melhorescola.com.br\\\/blog\\\/meta-de-alfabetizacao\\\/#breadcrumb\"},\"inLanguage\":\"pt-BR\",\"potentialAction\":[{\"@type\":\"ReadAction\",\"target\":[\"https:\\\/\\\/www.melhorescola.com.br\\\/blog\\\/meta-de-alfabetizacao\\\/\"]}]},{\"@type\":\"ImageObject\",\"inLanguage\":\"pt-BR\",\"@id\":\"https:\\\/\\\/www.melhorescola.com.br\\\/blog\\\/meta-de-alfabetizacao\\\/#primaryimage\",\"url\":\"https:\\\/\\\/www.melhorescola.com.br\\\/blog\\\/wp-content\\\/uploads\\\/2025\\\/07\\\/adoravel-garota-hispanica-brinca.jpg\",\"contentUrl\":\"https:\\\/\\\/www.melhorescola.com.br\\\/blog\\\/wp-content\\\/uploads\\\/2025\\\/07\\\/adoravel-garota-hispanica-brinca.jpg\",\"width\":830,\"height\":553,\"caption\":\"Adorable hispanic girl playing with maths puzzle game sitting on table at kindergarten\"},{\"@type\":\"BreadcrumbList\",\"@id\":\"https:\\\/\\\/www.melhorescola.com.br\\\/blog\\\/meta-de-alfabetizacao\\\/#breadcrumb\",\"itemListElement\":[{\"@type\":\"ListItem\",\"position\":1,\"name\":\"In\u00edcio\",\"item\":\"https:\\\/\\\/www.melhorescola.com.br\\\/blog\\\/\"},{\"@type\":\"ListItem\",\"position\":2,\"name\":\"Brasil n\u00e3o atinge meta de alfabetiza\u00e7\u00e3o nacional em 2024\"}]},{\"@type\":\"WebSite\",\"@id\":\"https:\\\/\\\/www.melhorescola.com.br\\\/blog\\\/#website\",\"url\":\"https:\\\/\\\/www.melhorescola.com.br\\\/blog\\\/\",\"name\":\"Blog do Melhor Escola\",\"description\":\"Veja conte\u00fados sobre capta\u00e7\u00e3o de alunos, gest\u00e3o escolar, marketing educacional, universo pedag\u00f3gico e muito mais!\",\"publisher\":{\"@id\":\"https:\\\/\\\/www.melhorescola.com.br\\\/blog\\\/#organization\"},\"potentialAction\":[{\"@type\":\"SearchAction\",\"target\":{\"@type\":\"EntryPoint\",\"urlTemplate\":\"https:\\\/\\\/www.melhorescola.com.br\\\/blog\\\/?s={search_term_string}\"},\"query-input\":{\"@type\":\"PropertyValueSpecification\",\"valueRequired\":true,\"valueName\":\"search_term_string\"}}],\"inLanguage\":\"pt-BR\"},{\"@type\":\"Organization\",\"@id\":\"https:\\\/\\\/www.melhorescola.com.br\\\/blog\\\/#organization\",\"name\":\"Melhor Escola B2B\",\"url\":\"https:\\\/\\\/www.melhorescola.com.br\\\/blog\\\/\",\"logo\":{\"@type\":\"ImageObject\",\"inLanguage\":\"pt-BR\",\"@id\":\"https:\\\/\\\/www.melhorescola.com.br\\\/blog\\\/#\\\/schema\\\/logo\\\/image\\\/\",\"url\":\"https:\\\/\\\/www.melhorescola.com.br\\\/blog\\\/wp-content\\\/uploads\\\/2024\\\/06\\\/images-removebg-preview-2.png\",\"contentUrl\":\"https:\\\/\\\/www.melhorescola.com.br\\\/blog\\\/wp-content\\\/uploads\\\/2024\\\/06\\\/images-removebg-preview-2.png\",\"width\":148,\"height\":148,\"caption\":\"Melhor Escola B2B\"},\"image\":{\"@id\":\"https:\\\/\\\/www.melhorescola.com.br\\\/blog\\\/#\\\/schema\\\/logo\\\/image\\\/\"}},{\"@type\":\"Person\",\"@id\":\"https:\\\/\\\/www.melhorescola.com.br\\\/blog\\\/#\\\/schema\\\/person\\\/5de2044c9fde0edd50d6f7cef3a23b5e\",\"name\":\"Ana Paiva\",\"image\":{\"@type\":\"ImageObject\",\"inLanguage\":\"pt-BR\",\"@id\":\"https:\\\/\\\/secure.gravatar.com\\\/avatar\\\/5733257f78af208ff1acf8031ec53d9032333f2e3847994a6f25fca799f29f1a?s=96&d=mm&r=g\",\"url\":\"https:\\\/\\\/secure.gravatar.com\\\/avatar\\\/5733257f78af208ff1acf8031ec53d9032333f2e3847994a6f25fca799f29f1a?s=96&d=mm&r=g\",\"contentUrl\":\"https:\\\/\\\/secure.gravatar.com\\\/avatar\\\/5733257f78af208ff1acf8031ec53d9032333f2e3847994a6f25fca799f29f1a?s=96&d=mm&r=g\",\"caption\":\"Ana Paiva\"},\"url\":\"https:\\\/\\\/www.melhorescola.com.br\\\/blog\\\/author\\\/ana-beatriz\\\/\"}]}<\/script>\n<!-- \/ Yoast SEO plugin. -->","yoast_head_json":{"title":"Brasil n\u00e3o atinge meta de alfabetiza\u00e7\u00e3o nacional em 2024","description":"O Brasil ficou abaixo da meta de alfabetiza\u00e7\u00e3o em 2024. Entenda os motivos, o impacto nas escolas e o papel da gest\u00e3o educacional.","robots":{"index":"index","follow":"follow","max-snippet":"max-snippet:-1","max-image-preview":"max-image-preview:large","max-video-preview":"max-video-preview:-1"},"canonical":"https:\/\/www.melhorescola.com.br\/blog\/meta-de-alfabetizacao\/","og_locale":"pt_BR","og_type":"article","og_title":"Brasil n\u00e3o atinge meta de alfabetiza\u00e7\u00e3o nacional em 2024","og_description":"O Brasil ficou abaixo da meta de alfabetiza\u00e7\u00e3o em 2024. Entenda os motivos, o impacto nas escolas e o papel da gest\u00e3o educacional.","og_url":"https:\/\/www.melhorescola.com.br\/blog\/meta-de-alfabetizacao\/","og_site_name":"Blog do Melhor Escola","article_published_time":"2025-07-14T19:05:00+00:00","article_modified_time":"2025-07-14T19:19:58+00:00","og_image":[{"width":830,"height":553,"url":"https:\/\/www.melhorescola.com.br\/blog\/wp-content\/uploads\/2025\/07\/adoravel-garota-hispanica-brinca.jpg","type":"image\/jpeg"}],"author":"Ana Paiva","twitter_card":"summary_large_image","twitter_misc":{"Escrito por":"Ana Paiva","Est. tempo de leitura":"9 minutos"},"schema":{"@context":"https:\/\/schema.org","@graph":[{"@type":"Article","@id":"https:\/\/www.melhorescola.com.br\/blog\/meta-de-alfabetizacao\/#article","isPartOf":{"@id":"https:\/\/www.melhorescola.com.br\/blog\/meta-de-alfabetizacao\/"},"author":{"name":"Ana Paiva","@id":"https:\/\/www.melhorescola.com.br\/blog\/#\/schema\/person\/5de2044c9fde0edd50d6f7cef3a23b5e"},"headline":"Brasil n\u00e3o atinge meta de alfabetiza\u00e7\u00e3o nacional em 2024","datePublished":"2025-07-14T19:05:00+00:00","dateModified":"2025-07-14T19:19:58+00:00","mainEntityOfPage":{"@id":"https:\/\/www.melhorescola.com.br\/blog\/meta-de-alfabetizacao\/"},"wordCount":1542,"commentCount":0,"publisher":{"@id":"https:\/\/www.melhorescola.com.br\/blog\/#organization"},"image":{"@id":"https:\/\/www.melhorescola.com.br\/blog\/meta-de-alfabetizacao\/#primaryimage"},"thumbnailUrl":"https:\/\/www.melhorescola.com.br\/blog\/wp-content\/uploads\/2025\/07\/adoravel-garota-hispanica-brinca.jpg","articleSection":["Ambiente Escolar"],"inLanguage":"pt-BR","potentialAction":[{"@type":"CommentAction","name":"Comment","target":["https:\/\/www.melhorescola.com.br\/blog\/meta-de-alfabetizacao\/#respond"]}]},{"@type":"WebPage","@id":"https:\/\/www.melhorescola.com.br\/blog\/meta-de-alfabetizacao\/","url":"https:\/\/www.melhorescola.com.br\/blog\/meta-de-alfabetizacao\/","name":"Brasil n\u00e3o atinge meta de alfabetiza\u00e7\u00e3o nacional em 2024","isPartOf":{"@id":"https:\/\/www.melhorescola.com.br\/blog\/#website"},"primaryImageOfPage":{"@id":"https:\/\/www.melhorescola.com.br\/blog\/meta-de-alfabetizacao\/#primaryimage"},"image":{"@id":"https:\/\/www.melhorescola.com.br\/blog\/meta-de-alfabetizacao\/#primaryimage"},"thumbnailUrl":"https:\/\/www.melhorescola.com.br\/blog\/wp-content\/uploads\/2025\/07\/adoravel-garota-hispanica-brinca.jpg","datePublished":"2025-07-14T19:05:00+00:00","dateModified":"2025-07-14T19:19:58+00:00","description":"O Brasil ficou abaixo da meta de alfabetiza\u00e7\u00e3o em 2024. Entenda os motivos, o impacto nas escolas e o papel da gest\u00e3o educacional.","breadcrumb":{"@id":"https:\/\/www.melhorescola.com.br\/blog\/meta-de-alfabetizacao\/#breadcrumb"},"inLanguage":"pt-BR","potentialAction":[{"@type":"ReadAction","target":["https:\/\/www.melhorescola.com.br\/blog\/meta-de-alfabetizacao\/"]}]},{"@type":"ImageObject","inLanguage":"pt-BR","@id":"https:\/\/www.melhorescola.com.br\/blog\/meta-de-alfabetizacao\/#primaryimage","url":"https:\/\/www.melhorescola.com.br\/blog\/wp-content\/uploads\/2025\/07\/adoravel-garota-hispanica-brinca.jpg","contentUrl":"https:\/\/www.melhorescola.com.br\/blog\/wp-content\/uploads\/2025\/07\/adoravel-garota-hispanica-brinca.jpg","width":830,"height":553,"caption":"Adorable hispanic girl playing with maths puzzle game sitting on table at kindergarten"},{"@type":"BreadcrumbList","@id":"https:\/\/www.melhorescola.com.br\/blog\/meta-de-alfabetizacao\/#breadcrumb","itemListElement":[{"@type":"ListItem","position":1,"name":"In\u00edcio","item":"https:\/\/www.melhorescola.com.br\/blog\/"},{"@type":"ListItem","position":2,"name":"Brasil n\u00e3o atinge meta de alfabetiza\u00e7\u00e3o nacional em 2024"}]},{"@type":"WebSite","@id":"https:\/\/www.melhorescola.com.br\/blog\/#website","url":"https:\/\/www.melhorescola.com.br\/blog\/","name":"Blog do Melhor Escola","description":"Veja conte\u00fados sobre capta\u00e7\u00e3o de alunos, gest\u00e3o escolar, marketing educacional, universo pedag\u00f3gico e muito mais!","publisher":{"@id":"https:\/\/www.melhorescola.com.br\/blog\/#organization"},"potentialAction":[{"@type":"SearchAction","target":{"@type":"EntryPoint","urlTemplate":"https:\/\/www.melhorescola.com.br\/blog\/?s={search_term_string}"},"query-input":{"@type":"PropertyValueSpecification","valueRequired":true,"valueName":"search_term_string"}}],"inLanguage":"pt-BR"},{"@type":"Organization","@id":"https:\/\/www.melhorescola.com.br\/blog\/#organization","name":"Melhor Escola B2B","url":"https:\/\/www.melhorescola.com.br\/blog\/","logo":{"@type":"ImageObject","inLanguage":"pt-BR","@id":"https:\/\/www.melhorescola.com.br\/blog\/#\/schema\/logo\/image\/","url":"https:\/\/www.melhorescola.com.br\/blog\/wp-content\/uploads\/2024\/06\/images-removebg-preview-2.png","contentUrl":"https:\/\/www.melhorescola.com.br\/blog\/wp-content\/uploads\/2024\/06\/images-removebg-preview-2.png","width":148,"height":148,"caption":"Melhor Escola B2B"},"image":{"@id":"https:\/\/www.melhorescola.com.br\/blog\/#\/schema\/logo\/image\/"}},{"@type":"Person","@id":"https:\/\/www.melhorescola.com.br\/blog\/#\/schema\/person\/5de2044c9fde0edd50d6f7cef3a23b5e","name":"Ana Paiva","image":{"@type":"ImageObject","inLanguage":"pt-BR","@id":"https:\/\/secure.gravatar.com\/avatar\/5733257f78af208ff1acf8031ec53d9032333f2e3847994a6f25fca799f29f1a?s=96&d=mm&r=g","url":"https:\/\/secure.gravatar.com\/avatar\/5733257f78af208ff1acf8031ec53d9032333f2e3847994a6f25fca799f29f1a?s=96&d=mm&r=g","contentUrl":"https:\/\/secure.gravatar.com\/avatar\/5733257f78af208ff1acf8031ec53d9032333f2e3847994a6f25fca799f29f1a?s=96&d=mm&r=g","caption":"Ana Paiva"},"url":"https:\/\/www.melhorescola.com.br\/blog\/author\/ana-beatriz\/"}]}},"_links":{"self":[{"href":"https:\/\/www.melhorescola.com.br\/blog\/wp-json\/wp\/v2\/posts\/24698","targetHints":{"allow":["GET"]}}],"collection":[{"href":"https:\/\/www.melhorescola.com.br\/blog\/wp-json\/wp\/v2\/posts"}],"about":[{"href":"https:\/\/www.melhorescola.com.br\/blog\/wp-json\/wp\/v2\/types\/post"}],"author":[{"embeddable":true,"href":"https:\/\/www.melhorescola.com.br\/blog\/wp-json\/wp\/v2\/users\/27"}],"replies":[{"embeddable":true,"href":"https:\/\/www.melhorescola.com.br\/blog\/wp-json\/wp\/v2\/comments?post=24698"}],"version-history":[{"count":3,"href":"https:\/\/www.melhorescola.com.br\/blog\/wp-json\/wp\/v2\/posts\/24698\/revisions"}],"predecessor-version":[{"id":24706,"href":"https:\/\/www.melhorescola.com.br\/blog\/wp-json\/wp\/v2\/posts\/24698\/revisions\/24706"}],"wp:featuredmedia":[{"embeddable":true,"href":"https:\/\/www.melhorescola.com.br\/blog\/wp-json\/wp\/v2\/media\/24700"}],"wp:attachment":[{"href":"https:\/\/www.melhorescola.com.br\/blog\/wp-json\/wp\/v2\/media?parent=24698"}],"wp:term":[{"taxonomy":"category","embeddable":true,"href":"https:\/\/www.melhorescola.com.br\/blog\/wp-json\/wp\/v2\/categories?post=24698"},{"taxonomy":"post_tag","embeddable":true,"href":"https:\/\/www.melhorescola.com.br\/blog\/wp-json\/wp\/v2\/tags?post=24698"}],"curies":[{"name":"wp","href":"https:\/\/api.w.org\/{rel}","templated":true}]}}