{"id":2462,"date":"2020-08-25T17:12:16","date_gmt":"2020-08-25T20:12:16","guid":{"rendered":"https:\/\/www.melhorescola.com.br\/blog\/?p=2462"},"modified":"2020-12-01T10:40:08","modified_gmt":"2020-12-01T13:40:08","slug":"educacao-infantil-69-milhoes-de-criancas-fora-da-escola","status":"publish","type":"post","link":"https:\/\/www.melhorescola.com.br\/blog\/educacao-infantil-69-milhoes-de-criancas-fora-da-escola\/","title":{"rendered":"Educa\u00e7\u00e3o Infantil: 6,9 milh\u00f5es de crian\u00e7as fora da escola"},"content":{"rendered":"\n<p class=\"wp-block-paragraph\">Um levantamento realizado pelo Melhor Escola revela que 44,4% das crian\u00e7as brasileiras na faixa et\u00e1ria de 0 a 5 anos est\u00e3o fora da escola. Embora o n\u00famero de alunos matriculados nas creches e pr\u00e9-escolas tenha crescido 14% em rela\u00e7\u00e3o a 2014, ainda s\u00e3o mais de 6,9 milh\u00f5es de crian\u00e7as fora da Educa\u00e7\u00e3o Infantil. Desse n\u00famero, 2,3 milh\u00f5es s\u00e3o crian\u00e7as de 0 a 3 anos e 384 mil t\u00eam entre 4 e 5 anos (7,1%) &#8211; faixa de idade em que o ensino \u00e9 obrigat\u00f3rio. <\/p>\n\n\n\n<p class=\"wp-block-paragraph\">Os dados s\u00e3o do levantamento feito pelo com base na Pesquisa Nacional por Amostra de Domic\u00edlio de 2019 e no Censo Escolar, tamb\u00e9m do ano passado.<\/p>\n\n\n\n<p class=\"wp-block-paragraph\">Leia tamb\u00e9m: <\/p>\n\n\n\n<p style=\"color:#f6911b\" class=\"has-text-color wp-block-paragraph\"><strong>+  <a href=\"https:\/\/www.melhorescola.com.br\/blog\/volta-as-aulas-qual-e-a-adesao-dos-pais-e-alunos\/\" target=\"_blank\" rel=\"noreferrer noopener\" aria-label=\" (abre numa nova aba)\">Volta \u00e0s aulas: qual \u00e9 a ades\u00e3o dos pais e alunos?<\/a> <\/strong><\/p>\n\n\n\n<p class=\"wp-block-paragraph\">A regi\u00e3o Sudeste concentra o maior percentual de matriculados na Ensino Infantil e tamb\u00e9m \u00e9&nbsp;a que tem o maior n\u00famero de crian\u00e7as fora das salas de aula. Do total de 6 milh\u00f5es, 40% n\u00e3o frequentam a escola. Na sequ\u00eancia, o Nordeste tem cerca de 4,5 milh\u00f5es e quase metade n\u00e3o est\u00e1 matriculada em nenhuma creche ou escola. O gr\u00e1fico abaixo mostra o cen\u00e1rio nacional, por regi\u00e3o:<\/p>\n\n\n\n<div class=\"wp-block-image\"><figure class=\"aligncenter\"><img decoding=\"async\" data-src=\"https:\/\/lh6.googleusercontent.com\/rtXaNJ9D1gupAvFkPuiD4rDh18ZbAGN_cWJrG_lSsxppuG5vkgbT69alCuIbiOa6xrWGwpZygYOvCfM9Y3epqbiungSjL3W9Udm-FswKCv9fHq5nz6-UCOXD5iL7F_cELnkLrhBp\" alt=\"PErcentual de crian\u00e7as que n\u00e3o frequentam creche ou escola por regi\u00e3o\" src=\"data:image\/svg+xml;base64,PHN2ZyB3aWR0aD0iMSIgaGVpZ2h0PSIxIiB4bWxucz0iaHR0cDovL3d3dy53My5vcmcvMjAwMC9zdmciPjwvc3ZnPg==\" class=\"lazyload\" \/><figcaption> <em>Fonte: Melhor Escola\/Pnad Cont\u00ednua 2019<\/em> <\/figcaption><\/figure><\/div>\n\n\n\n<p class=\"wp-block-paragraph\">\tEmbora a regi\u00e3o Sudeste tenha o maior n\u00famero absoluto de crian\u00e7as fora da escola, a regi\u00e3o Norte \u00e9 a que tem menos alunos matriculados na faixa et\u00e1ria de 0 a 5 anos. Somente 42,34% do total de mais de 1,6 milh\u00f5es de crian\u00e7as nessa faixa et\u00e1ria frequenta a escola. O percentual est\u00e1 bem abaixo da m\u00e9dia nacional, que chegou a 55,59%&nbsp; em 2019.<\/p>\n\n\n\n<div class=\"wp-block-image\"><figure class=\"aligncenter\"><img fetchpriority=\"high\" decoding=\"async\" width=\"635\" height=\"304\" src=\"https:\/\/www.melhorescola.com.br\/blog\/wp-content\/uploads\/2020\/08\/Tabela-1.png\" alt=\"Percentual de crian\u00e7as matriculadas no Brasil \" class=\"wp-image-2463\"\/><\/figure><\/div>\n\n\n\n<p class=\"wp-block-paragraph\">Um olhar mais atento ao n\u00famero de matr\u00edculas revela que a maioria desses estudantes depende da rede p\u00fablica de ensino. Do total de matr\u00edculas, 74,65%, ou 6.461 milh\u00f5es, est\u00e3o concentradas nas institui\u00e7\u00f5es municipais, estaduais e federais.&nbsp;<br><\/p>\n\n\n\n<div class=\"wp-block-image\"><figure class=\"aligncenter is-resized\"><img decoding=\"async\" data-src=\"https:\/\/lh3.googleusercontent.com\/lw-QQpq1XKrh_jz-plg9AnKcPy98M8jY1KSoJRCGfiW8x8vZVJtk6qCqeJxXEfPB0WqMeQjqbSU5mPbnuUjm1Y2_oUZn5A9_rOzZzxlHBmUoFRuy3yz6eIh94n9A1aLVXzQUAhcP\" alt=\"N\u00famero de alunos matriculados por Redes de Ensino no Brasil \" width=\"600\" height=\"371\" src=\"data:image\/svg+xml;base64,PHN2ZyB3aWR0aD0iMSIgaGVpZ2h0PSIxIiB4bWxucz0iaHR0cDovL3d3dy53My5vcmcvMjAwMC9zdmciPjwvc3ZnPg==\" class=\"lazyload\" style=\"--smush-placeholder-width: 600px; --smush-placeholder-aspect-ratio: 600\/371;\" \/><\/figure><\/div>\n\n\n\n<h3 class=\"wp-block-heading\"><strong>Principais motivos para as crian\u00e7as de 0 a 3 anos estarem fora da escola<\/strong><\/h3>\n\n\n\n<p class=\"wp-block-paragraph\">Dos mais de 6,9 milh\u00f5es de crian\u00e7as fora da escola, 2,3 milh\u00f5es tem entre 2 e 3 anos de idade. O levantamento feito pelo Melhor Escola revela que 39,86% das crian\u00e7as nesta faixa et\u00e1ria n\u00e3o est\u00e1 regularmente matriculada por diversos motivos:&nbsp; aus\u00eancia de institui\u00e7\u00f5es na regi\u00e3o onde moram, disponibilidade de vagas&nbsp; ou a escola n\u00e3o aceita a crian\u00e7a por conta da idade.&nbsp;<\/p>\n\n\n\n<div class=\"wp-block-image\"><figure class=\"aligncenter\"><img decoding=\"async\" width=\"643\" height=\"187\" data-src=\"https:\/\/www.melhorescola.com.br\/blog\/wp-content\/uploads\/2020\/08\/Tabela-2.png\" alt=\"Principal motivo para crian\u00e7as n\u00e3o frequentarem creche ou escola\" class=\"wp-image-2464 lazyload\" src=\"data:image\/svg+xml;base64,PHN2ZyB3aWR0aD0iMSIgaGVpZ2h0PSIxIiB4bWxucz0iaHR0cDovL3d3dy53My5vcmcvMjAwMC9zdmciPjwvc3ZnPg==\" style=\"--smush-placeholder-width: 643px; --smush-placeholder-aspect-ratio: 643\/187;\" \/><\/figure><\/div>\n\n\n\n<h2 class=\"wp-block-heading\"><strong>Migra\u00e7\u00e3o de alunos na Educa\u00e7\u00e3o Infantil no cen\u00e1rio p\u00f3s-pandemia<\/strong><\/h2>\n\n\n\n<p class=\"wp-block-paragraph\">Nesse sentido, \u00e9 importante observar que a suspens\u00e3o das aulas presenciais como medida para conter a propaga\u00e7\u00e3o do novo coronav\u00edrus (covid-19) causou o fechamento de muitas escolas particulares em todo pa\u00eds. Estima-se que pelo menos metade das escolas de m\u00e9dio e pequeno porte fechem as portas at\u00e9 o final do ano. Para Ademar Batista, presidente da <a href=\"https:\/\/www.fenep.org.br\/\" target=\"_blank\" rel=\"noreferrer noopener\" aria-label=\" (abre numa nova aba)\">Fenep<\/a> (Federa\u00e7\u00e3o Nacional das Escolas Particulares), esse n\u00famero chega a 80% na Educa\u00e7\u00e3o Infantil.&nbsp;<\/p>\n\n\n\n<p class=\"wp-block-paragraph\">De acordo com o Sindicato dos Estabelecimentos Mantenedores de Escola de Educa\u00e7\u00e3o Infantil do munic\u00edpio de S\u00e3o Paulo, at\u00e9 o fim de maio, 56% dos alunos trancaram ou cancelaram as matr\u00edculas. O retorno da aulas presenciais, que estava previsto para 8 de setembro, foi adiado para outubro e, ainda segundo o Sindicato, a decis\u00e3o far\u00e1 com que a rede privada de educa\u00e7\u00e3o infantil perca 500 mil vagas e cause o desemprego de 222 mil professores na cidade.&nbsp;<\/p>\n\n\n\n<p class=\"wp-block-paragraph\">O fechamento das escolas particulares sobrecarregar\u00e1 o sistema p\u00fablico de ensino que, como mostram os dados da Pnad Cont\u00ednua de 2019, j\u00e1 n\u00e3o \u00e9 capaz de atender todos os alunos. No Mato Grosso, Sindicato dos Estabelecimentos de Ensino (Sinepe -MT) calcula que a evas\u00e3o dos alunos da rede privada para as escolas p\u00fablicas tenha chegado a 39% no m\u00eas de junho.<\/p>\n\n\n\n<p class=\"wp-block-paragraph\">Segundo Sergio Andrade, co-fundador do Melhor Escola, a situa\u00e7\u00e3o \u00e9 preocupante.\u201cEssa triste realidade brasileira tende a piorar com a diminui\u00e7\u00e3o do poder aquisitivo p\u00f3s Covid-19\u201d, afirma. Andrade complementa que a consequente migra\u00e7\u00e3o mostra como possibilidade uma parceria entre os setores p\u00fablico e privado. \u201cFica cada vez mais evidente a necessidade de uma a\u00e7\u00e3o entre o poder p\u00fablico e a iniciativa privada, visando a aloca\u00e7\u00e3o dos estudantes sem vaga na escola p\u00fablica nas vagas ociosas das escolas particulares\u201d, conclui.&nbsp;<\/p>\n\n\n\n<div class=\"wp-block-image\"><figure class=\"aligncenter\"><a href=\"http:\/\/conteudo.melhorescola.com.br\/clube-dos-diretores?utm_source=conteudo&amp;utm_medium=blog&amp;utm_campaign=banner-clube-diretores\" target=\"_blank\" rel=\"noreferrer noopener\"><img decoding=\"async\" width=\"660\" height=\"190\" data-src=\"https:\/\/www.melhorescola.com.br\/blog\/wp-content\/uploads\/2020\/05\/Clube-dos-Diretores-G.png\" alt=\"Clube dos Diretores\" class=\"wp-image-1727 lazyload\" src=\"data:image\/svg+xml;base64,PHN2ZyB3aWR0aD0iMSIgaGVpZ2h0PSIxIiB4bWxucz0iaHR0cDovL3d3dy53My5vcmcvMjAwMC9zdmciPjwvc3ZnPg==\" style=\"--smush-placeholder-width: 660px; --smush-placeholder-aspect-ratio: 660\/190;\" \/><\/a><\/figure><\/div>\n\n\n\n<div role=\"main\" id=\"blog-form-intra-post-f9cfd3ca40adb3d5a1ad\"><\/div>\n<script type=\"text\/javascript\" src=\"https:\/\/d335luupugsy2.cloudfront.net\/js\/rdstation-forms\/stable\/rdstation-forms.min.js\"><\/script>\n<script type=\"text\/javascript\"> new RDStationForms('blog-form-intra-post-f9cfd3ca40adb3d5a1ad', 'UA-21102767-21').createForm();<\/script>\n\n","protected":false},"excerpt":{"rendered":"<p>Um levantamento realizado pelo Melhor Escola revela que 44,4% das crian\u00e7as brasileiras na faixa et\u00e1ria de 0 a 5 anos est\u00e3o fora da escola. Embora&hellip;<\/p>\n","protected":false},"author":7,"featured_media":2468,"comment_status":"open","ping_status":"open","sticky":false,"template":"","format":"standard","meta":{"footnotes":""},"categories":[322],"tags":[295,350,349,343,351],"class_list":["post-2462","post","type-post","status-publish","format-standard","has-post-thumbnail","hentry","category-noticias","tag-ambiente-escolar","tag-censo-escolar","tag-ensino-infantil","tag-noticias","tag-pnad"],"yoast_head":"<!-- This site is optimized with the Yoast SEO plugin v28.4 - https:\/\/yoast.com\/product\/yoast-seo-wordpress\/ -->\n<title>Educa\u00e7\u00e3o Infantil: 6,9 milh\u00f5es de crian\u00e7as fora da escola - Blog do Melhor Escola<\/title>\n<meta name=\"description\" content=\"O pa\u00eds ainda tem mais de 6,9 milh\u00f5es de crian\u00e7as entre 0 e 5 anos fora da escola. No Dia Nacional da Educa\u00e7\u00e3o Infantil, refletir os dados se faz necess\u00e1rio.\" \/>\n<meta name=\"robots\" content=\"index, follow, max-snippet:-1, max-image-preview:large, max-video-preview:-1\" \/>\n<link rel=\"canonical\" href=\"https:\/\/www.melhorescola.com.br\/blog\/educacao-infantil-69-milhoes-de-criancas-fora-da-escola\/\" \/>\n<meta property=\"og:locale\" content=\"pt_BR\" \/>\n<meta property=\"og:type\" content=\"article\" \/>\n<meta property=\"og:title\" content=\"Educa\u00e7\u00e3o Infantil: 6,9 milh\u00f5es de crian\u00e7as fora da escola - Blog do Melhor Escola\" \/>\n<meta property=\"og:description\" content=\"O pa\u00eds ainda tem mais de 6,9 milh\u00f5es de crian\u00e7as entre 0 e 5 anos fora da escola. No Dia Nacional da Educa\u00e7\u00e3o Infantil, refletir os dados se faz necess\u00e1rio.\" \/>\n<meta property=\"og:url\" content=\"https:\/\/www.melhorescola.com.br\/blog\/educacao-infantil-69-milhoes-de-criancas-fora-da-escola\/\" \/>\n<meta property=\"og:site_name\" content=\"Blog do Melhor Escola\" \/>\n<meta property=\"article:published_time\" content=\"2020-08-25T20:12:16+00:00\" \/>\n<meta property=\"article:modified_time\" content=\"2020-12-01T13:40:08+00:00\" \/>\n<meta property=\"og:image\" content=\"https:\/\/www.melhorescola.com.br\/blog\/wp-content\/uploads\/2020\/08\/pexels-cottonbro-3662667.jpg\" \/>\n\t<meta property=\"og:image:width\" content=\"1600\" \/>\n\t<meta property=\"og:image:height\" content=\"1066\" \/>\n\t<meta property=\"og:image:type\" content=\"image\/jpeg\" \/>\n<meta name=\"author\" content=\"Giovanna Cornelio\" \/>\n<meta name=\"twitter:card\" content=\"summary_large_image\" \/>\n<meta name=\"twitter:label1\" content=\"Escrito por\" \/>\n\t<meta name=\"twitter:data1\" content=\"Giovanna Cornelio\" \/>\n\t<meta name=\"twitter:label2\" content=\"Est. tempo de leitura\" \/>\n\t<meta name=\"twitter:data2\" content=\"4 minutos\" \/>\n<script type=\"application\/ld+json\" class=\"yoast-schema-graph\">{\"@context\":\"https:\\\/\\\/schema.org\",\"@graph\":[{\"@type\":\"Article\",\"@id\":\"https:\\\/\\\/www.melhorescola.com.br\\\/blog\\\/educacao-infantil-69-milhoes-de-criancas-fora-da-escola\\\/#article\",\"isPartOf\":{\"@id\":\"https:\\\/\\\/www.melhorescola.com.br\\\/blog\\\/educacao-infantil-69-milhoes-de-criancas-fora-da-escola\\\/\"},\"author\":{\"name\":\"Giovanna Cornelio\",\"@id\":\"https:\\\/\\\/www.melhorescola.com.br\\\/blog\\\/#\\\/schema\\\/person\\\/a8130f642d970c5c243b071e1e097903\"},\"headline\":\"Educa\u00e7\u00e3o Infantil: 6,9 milh\u00f5es de crian\u00e7as fora da escola\",\"datePublished\":\"2020-08-25T20:12:16+00:00\",\"dateModified\":\"2020-12-01T13:40:08+00:00\",\"mainEntityOfPage\":{\"@id\":\"https:\\\/\\\/www.melhorescola.com.br\\\/blog\\\/educacao-infantil-69-milhoes-de-criancas-fora-da-escola\\\/\"},\"wordCount\":735,\"commentCount\":0,\"publisher\":{\"@id\":\"https:\\\/\\\/www.melhorescola.com.br\\\/blog\\\/#organization\"},\"image\":{\"@id\":\"https:\\\/\\\/www.melhorescola.com.br\\\/blog\\\/educacao-infantil-69-milhoes-de-criancas-fora-da-escola\\\/#primaryimage\"},\"thumbnailUrl\":\"https:\\\/\\\/www.melhorescola.com.br\\\/blog\\\/wp-content\\\/uploads\\\/2020\\\/08\\\/pexels-cottonbro-3662667.jpg\",\"keywords\":[\"ambiente escolar\",\"Censo Escolar\",\"ensino infantil\",\"not\u00edcias\",\"PNAD\"],\"articleSection\":[\"Not\u00edcias\"],\"inLanguage\":\"pt-BR\",\"potentialAction\":[{\"@type\":\"CommentAction\",\"name\":\"Comment\",\"target\":[\"https:\\\/\\\/www.melhorescola.com.br\\\/blog\\\/educacao-infantil-69-milhoes-de-criancas-fora-da-escola\\\/#respond\"]}]},{\"@type\":\"WebPage\",\"@id\":\"https:\\\/\\\/www.melhorescola.com.br\\\/blog\\\/educacao-infantil-69-milhoes-de-criancas-fora-da-escola\\\/\",\"url\":\"https:\\\/\\\/www.melhorescola.com.br\\\/blog\\\/educacao-infantil-69-milhoes-de-criancas-fora-da-escola\\\/\",\"name\":\"Educa\u00e7\u00e3o Infantil: 6,9 milh\u00f5es de crian\u00e7as fora da escola - Blog do Melhor Escola\",\"isPartOf\":{\"@id\":\"https:\\\/\\\/www.melhorescola.com.br\\\/blog\\\/#website\"},\"primaryImageOfPage\":{\"@id\":\"https:\\\/\\\/www.melhorescola.com.br\\\/blog\\\/educacao-infantil-69-milhoes-de-criancas-fora-da-escola\\\/#primaryimage\"},\"image\":{\"@id\":\"https:\\\/\\\/www.melhorescola.com.br\\\/blog\\\/educacao-infantil-69-milhoes-de-criancas-fora-da-escola\\\/#primaryimage\"},\"thumbnailUrl\":\"https:\\\/\\\/www.melhorescola.com.br\\\/blog\\\/wp-content\\\/uploads\\\/2020\\\/08\\\/pexels-cottonbro-3662667.jpg\",\"datePublished\":\"2020-08-25T20:12:16+00:00\",\"dateModified\":\"2020-12-01T13:40:08+00:00\",\"description\":\"O pa\u00eds ainda tem mais de 6,9 milh\u00f5es de crian\u00e7as entre 0 e 5 anos fora da escola. No Dia Nacional da Educa\u00e7\u00e3o Infantil, refletir os dados se faz necess\u00e1rio.\",\"breadcrumb\":{\"@id\":\"https:\\\/\\\/www.melhorescola.com.br\\\/blog\\\/educacao-infantil-69-milhoes-de-criancas-fora-da-escola\\\/#breadcrumb\"},\"inLanguage\":\"pt-BR\",\"potentialAction\":[{\"@type\":\"ReadAction\",\"target\":[\"https:\\\/\\\/www.melhorescola.com.br\\\/blog\\\/educacao-infantil-69-milhoes-de-criancas-fora-da-escola\\\/\"]}]},{\"@type\":\"ImageObject\",\"inLanguage\":\"pt-BR\",\"@id\":\"https:\\\/\\\/www.melhorescola.com.br\\\/blog\\\/educacao-infantil-69-milhoes-de-criancas-fora-da-escola\\\/#primaryimage\",\"url\":\"https:\\\/\\\/www.melhorescola.com.br\\\/blog\\\/wp-content\\\/uploads\\\/2020\\\/08\\\/pexels-cottonbro-3662667.jpg\",\"contentUrl\":\"https:\\\/\\\/www.melhorescola.com.br\\\/blog\\\/wp-content\\\/uploads\\\/2020\\\/08\\\/pexels-cottonbro-3662667.jpg\",\"width\":1600,\"height\":1066,\"caption\":\"6,9 milh\u00f5es de crian\u00e7as fora da escola\"},{\"@type\":\"BreadcrumbList\",\"@id\":\"https:\\\/\\\/www.melhorescola.com.br\\\/blog\\\/educacao-infantil-69-milhoes-de-criancas-fora-da-escola\\\/#breadcrumb\",\"itemListElement\":[{\"@type\":\"ListItem\",\"position\":1,\"name\":\"In\u00edcio\",\"item\":\"https:\\\/\\\/www.melhorescola.com.br\\\/blog\\\/\"},{\"@type\":\"ListItem\",\"position\":2,\"name\":\"Educa\u00e7\u00e3o Infantil: 6,9 milh\u00f5es de crian\u00e7as fora da escola\"}]},{\"@type\":\"WebSite\",\"@id\":\"https:\\\/\\\/www.melhorescola.com.br\\\/blog\\\/#website\",\"url\":\"https:\\\/\\\/www.melhorescola.com.br\\\/blog\\\/\",\"name\":\"Blog do Melhor Escola\",\"description\":\"Veja conte\u00fados sobre capta\u00e7\u00e3o de alunos, gest\u00e3o escolar, marketing educacional, universo pedag\u00f3gico e muito mais!\",\"publisher\":{\"@id\":\"https:\\\/\\\/www.melhorescola.com.br\\\/blog\\\/#organization\"},\"potentialAction\":[{\"@type\":\"SearchAction\",\"target\":{\"@type\":\"EntryPoint\",\"urlTemplate\":\"https:\\\/\\\/www.melhorescola.com.br\\\/blog\\\/?s={search_term_string}\"},\"query-input\":{\"@type\":\"PropertyValueSpecification\",\"valueRequired\":true,\"valueName\":\"search_term_string\"}}],\"inLanguage\":\"pt-BR\"},{\"@type\":\"Organization\",\"@id\":\"https:\\\/\\\/www.melhorescola.com.br\\\/blog\\\/#organization\",\"name\":\"Melhor Escola B2B\",\"url\":\"https:\\\/\\\/www.melhorescola.com.br\\\/blog\\\/\",\"logo\":{\"@type\":\"ImageObject\",\"inLanguage\":\"pt-BR\",\"@id\":\"https:\\\/\\\/www.melhorescola.com.br\\\/blog\\\/#\\\/schema\\\/logo\\\/image\\\/\",\"url\":\"https:\\\/\\\/www.melhorescola.com.br\\\/blog\\\/wp-content\\\/uploads\\\/2024\\\/06\\\/images-removebg-preview-2.png\",\"contentUrl\":\"https:\\\/\\\/www.melhorescola.com.br\\\/blog\\\/wp-content\\\/uploads\\\/2024\\\/06\\\/images-removebg-preview-2.png\",\"width\":148,\"height\":148,\"caption\":\"Melhor Escola B2B\"},\"image\":{\"@id\":\"https:\\\/\\\/www.melhorescola.com.br\\\/blog\\\/#\\\/schema\\\/logo\\\/image\\\/\"}},{\"@type\":\"Person\",\"@id\":\"https:\\\/\\\/www.melhorescola.com.br\\\/blog\\\/#\\\/schema\\\/person\\\/a8130f642d970c5c243b071e1e097903\",\"name\":\"Giovanna Cornelio\",\"image\":{\"@type\":\"ImageObject\",\"inLanguage\":\"pt-BR\",\"@id\":\"https:\\\/\\\/secure.gravatar.com\\\/avatar\\\/071456c625eefd564a4918e1e82867d8b866a613c726d360bd83fd57ad104f49?s=96&d=mm&r=g\",\"url\":\"https:\\\/\\\/secure.gravatar.com\\\/avatar\\\/071456c625eefd564a4918e1e82867d8b866a613c726d360bd83fd57ad104f49?s=96&d=mm&r=g\",\"contentUrl\":\"https:\\\/\\\/secure.gravatar.com\\\/avatar\\\/071456c625eefd564a4918e1e82867d8b866a613c726d360bd83fd57ad104f49?s=96&d=mm&r=g\",\"caption\":\"Giovanna Cornelio\"},\"description\":\"Jornalista por dentro e por fora. Acredito que o conhecimento leva o ser humano a descobertas que transformam sua pr\u00f3pria exist\u00eancia.\",\"url\":\"https:\\\/\\\/www.melhorescola.com.br\\\/blog\\\/author\\\/giovanna-oliveira\\\/\"}]}<\/script>\n<!-- \/ Yoast SEO plugin. -->","yoast_head_json":{"title":"Educa\u00e7\u00e3o Infantil: 6,9 milh\u00f5es de crian\u00e7as fora da escola - Blog do Melhor Escola","description":"O pa\u00eds ainda tem mais de 6,9 milh\u00f5es de crian\u00e7as entre 0 e 5 anos fora da escola. No Dia Nacional da Educa\u00e7\u00e3o Infantil, refletir os dados se faz necess\u00e1rio.","robots":{"index":"index","follow":"follow","max-snippet":"max-snippet:-1","max-image-preview":"max-image-preview:large","max-video-preview":"max-video-preview:-1"},"canonical":"https:\/\/www.melhorescola.com.br\/blog\/educacao-infantil-69-milhoes-de-criancas-fora-da-escola\/","og_locale":"pt_BR","og_type":"article","og_title":"Educa\u00e7\u00e3o Infantil: 6,9 milh\u00f5es de crian\u00e7as fora da escola - Blog do Melhor Escola","og_description":"O pa\u00eds ainda tem mais de 6,9 milh\u00f5es de crian\u00e7as entre 0 e 5 anos fora da escola. No Dia Nacional da Educa\u00e7\u00e3o Infantil, refletir os dados se faz necess\u00e1rio.","og_url":"https:\/\/www.melhorescola.com.br\/blog\/educacao-infantil-69-milhoes-de-criancas-fora-da-escola\/","og_site_name":"Blog do Melhor Escola","article_published_time":"2020-08-25T20:12:16+00:00","article_modified_time":"2020-12-01T13:40:08+00:00","og_image":[{"width":1600,"height":1066,"url":"https:\/\/www.melhorescola.com.br\/blog\/wp-content\/uploads\/2020\/08\/pexels-cottonbro-3662667.jpg","type":"image\/jpeg"}],"author":"Giovanna Cornelio","twitter_card":"summary_large_image","twitter_misc":{"Escrito por":"Giovanna Cornelio","Est. tempo de leitura":"4 minutos"},"schema":{"@context":"https:\/\/schema.org","@graph":[{"@type":"Article","@id":"https:\/\/www.melhorescola.com.br\/blog\/educacao-infantil-69-milhoes-de-criancas-fora-da-escola\/#article","isPartOf":{"@id":"https:\/\/www.melhorescola.com.br\/blog\/educacao-infantil-69-milhoes-de-criancas-fora-da-escola\/"},"author":{"name":"Giovanna Cornelio","@id":"https:\/\/www.melhorescola.com.br\/blog\/#\/schema\/person\/a8130f642d970c5c243b071e1e097903"},"headline":"Educa\u00e7\u00e3o Infantil: 6,9 milh\u00f5es de crian\u00e7as fora da escola","datePublished":"2020-08-25T20:12:16+00:00","dateModified":"2020-12-01T13:40:08+00:00","mainEntityOfPage":{"@id":"https:\/\/www.melhorescola.com.br\/blog\/educacao-infantil-69-milhoes-de-criancas-fora-da-escola\/"},"wordCount":735,"commentCount":0,"publisher":{"@id":"https:\/\/www.melhorescola.com.br\/blog\/#organization"},"image":{"@id":"https:\/\/www.melhorescola.com.br\/blog\/educacao-infantil-69-milhoes-de-criancas-fora-da-escola\/#primaryimage"},"thumbnailUrl":"https:\/\/www.melhorescola.com.br\/blog\/wp-content\/uploads\/2020\/08\/pexels-cottonbro-3662667.jpg","keywords":["ambiente escolar","Censo Escolar","ensino infantil","not\u00edcias","PNAD"],"articleSection":["Not\u00edcias"],"inLanguage":"pt-BR","potentialAction":[{"@type":"CommentAction","name":"Comment","target":["https:\/\/www.melhorescola.com.br\/blog\/educacao-infantil-69-milhoes-de-criancas-fora-da-escola\/#respond"]}]},{"@type":"WebPage","@id":"https:\/\/www.melhorescola.com.br\/blog\/educacao-infantil-69-milhoes-de-criancas-fora-da-escola\/","url":"https:\/\/www.melhorescola.com.br\/blog\/educacao-infantil-69-milhoes-de-criancas-fora-da-escola\/","name":"Educa\u00e7\u00e3o Infantil: 6,9 milh\u00f5es de crian\u00e7as fora da escola - Blog do Melhor Escola","isPartOf":{"@id":"https:\/\/www.melhorescola.com.br\/blog\/#website"},"primaryImageOfPage":{"@id":"https:\/\/www.melhorescola.com.br\/blog\/educacao-infantil-69-milhoes-de-criancas-fora-da-escola\/#primaryimage"},"image":{"@id":"https:\/\/www.melhorescola.com.br\/blog\/educacao-infantil-69-milhoes-de-criancas-fora-da-escola\/#primaryimage"},"thumbnailUrl":"https:\/\/www.melhorescola.com.br\/blog\/wp-content\/uploads\/2020\/08\/pexels-cottonbro-3662667.jpg","datePublished":"2020-08-25T20:12:16+00:00","dateModified":"2020-12-01T13:40:08+00:00","description":"O pa\u00eds ainda tem mais de 6,9 milh\u00f5es de crian\u00e7as entre 0 e 5 anos fora da escola. No Dia Nacional da Educa\u00e7\u00e3o Infantil, refletir os dados se faz necess\u00e1rio.","breadcrumb":{"@id":"https:\/\/www.melhorescola.com.br\/blog\/educacao-infantil-69-milhoes-de-criancas-fora-da-escola\/#breadcrumb"},"inLanguage":"pt-BR","potentialAction":[{"@type":"ReadAction","target":["https:\/\/www.melhorescola.com.br\/blog\/educacao-infantil-69-milhoes-de-criancas-fora-da-escola\/"]}]},{"@type":"ImageObject","inLanguage":"pt-BR","@id":"https:\/\/www.melhorescola.com.br\/blog\/educacao-infantil-69-milhoes-de-criancas-fora-da-escola\/#primaryimage","url":"https:\/\/www.melhorescola.com.br\/blog\/wp-content\/uploads\/2020\/08\/pexels-cottonbro-3662667.jpg","contentUrl":"https:\/\/www.melhorescola.com.br\/blog\/wp-content\/uploads\/2020\/08\/pexels-cottonbro-3662667.jpg","width":1600,"height":1066,"caption":"6,9 milh\u00f5es de crian\u00e7as fora da escola"},{"@type":"BreadcrumbList","@id":"https:\/\/www.melhorescola.com.br\/blog\/educacao-infantil-69-milhoes-de-criancas-fora-da-escola\/#breadcrumb","itemListElement":[{"@type":"ListItem","position":1,"name":"In\u00edcio","item":"https:\/\/www.melhorescola.com.br\/blog\/"},{"@type":"ListItem","position":2,"name":"Educa\u00e7\u00e3o Infantil: 6,9 milh\u00f5es de crian\u00e7as fora da escola"}]},{"@type":"WebSite","@id":"https:\/\/www.melhorescola.com.br\/blog\/#website","url":"https:\/\/www.melhorescola.com.br\/blog\/","name":"Blog do Melhor Escola","description":"Veja conte\u00fados sobre capta\u00e7\u00e3o de alunos, gest\u00e3o escolar, marketing educacional, universo pedag\u00f3gico e muito mais!","publisher":{"@id":"https:\/\/www.melhorescola.com.br\/blog\/#organization"},"potentialAction":[{"@type":"SearchAction","target":{"@type":"EntryPoint","urlTemplate":"https:\/\/www.melhorescola.com.br\/blog\/?s={search_term_string}"},"query-input":{"@type":"PropertyValueSpecification","valueRequired":true,"valueName":"search_term_string"}}],"inLanguage":"pt-BR"},{"@type":"Organization","@id":"https:\/\/www.melhorescola.com.br\/blog\/#organization","name":"Melhor Escola B2B","url":"https:\/\/www.melhorescola.com.br\/blog\/","logo":{"@type":"ImageObject","inLanguage":"pt-BR","@id":"https:\/\/www.melhorescola.com.br\/blog\/#\/schema\/logo\/image\/","url":"https:\/\/www.melhorescola.com.br\/blog\/wp-content\/uploads\/2024\/06\/images-removebg-preview-2.png","contentUrl":"https:\/\/www.melhorescola.com.br\/blog\/wp-content\/uploads\/2024\/06\/images-removebg-preview-2.png","width":148,"height":148,"caption":"Melhor Escola B2B"},"image":{"@id":"https:\/\/www.melhorescola.com.br\/blog\/#\/schema\/logo\/image\/"}},{"@type":"Person","@id":"https:\/\/www.melhorescola.com.br\/blog\/#\/schema\/person\/a8130f642d970c5c243b071e1e097903","name":"Giovanna Cornelio","image":{"@type":"ImageObject","inLanguage":"pt-BR","@id":"https:\/\/secure.gravatar.com\/avatar\/071456c625eefd564a4918e1e82867d8b866a613c726d360bd83fd57ad104f49?s=96&d=mm&r=g","url":"https:\/\/secure.gravatar.com\/avatar\/071456c625eefd564a4918e1e82867d8b866a613c726d360bd83fd57ad104f49?s=96&d=mm&r=g","contentUrl":"https:\/\/secure.gravatar.com\/avatar\/071456c625eefd564a4918e1e82867d8b866a613c726d360bd83fd57ad104f49?s=96&d=mm&r=g","caption":"Giovanna Cornelio"},"description":"Jornalista por dentro e por fora. Acredito que o conhecimento leva o ser humano a descobertas que transformam sua pr\u00f3pria exist\u00eancia.","url":"https:\/\/www.melhorescola.com.br\/blog\/author\/giovanna-oliveira\/"}]}},"_links":{"self":[{"href":"https:\/\/www.melhorescola.com.br\/blog\/wp-json\/wp\/v2\/posts\/2462","targetHints":{"allow":["GET"]}}],"collection":[{"href":"https:\/\/www.melhorescola.com.br\/blog\/wp-json\/wp\/v2\/posts"}],"about":[{"href":"https:\/\/www.melhorescola.com.br\/blog\/wp-json\/wp\/v2\/types\/post"}],"author":[{"embeddable":true,"href":"https:\/\/www.melhorescola.com.br\/blog\/wp-json\/wp\/v2\/users\/7"}],"replies":[{"embeddable":true,"href":"https:\/\/www.melhorescola.com.br\/blog\/wp-json\/wp\/v2\/comments?post=2462"}],"version-history":[{"count":6,"href":"https:\/\/www.melhorescola.com.br\/blog\/wp-json\/wp\/v2\/posts\/2462\/revisions"}],"predecessor-version":[{"id":2873,"href":"https:\/\/www.melhorescola.com.br\/blog\/wp-json\/wp\/v2\/posts\/2462\/revisions\/2873"}],"wp:featuredmedia":[{"embeddable":true,"href":"https:\/\/www.melhorescola.com.br\/blog\/wp-json\/wp\/v2\/media\/2468"}],"wp:attachment":[{"href":"https:\/\/www.melhorescola.com.br\/blog\/wp-json\/wp\/v2\/media?parent=2462"}],"wp:term":[{"taxonomy":"category","embeddable":true,"href":"https:\/\/www.melhorescola.com.br\/blog\/wp-json\/wp\/v2\/categories?post=2462"},{"taxonomy":"post_tag","embeddable":true,"href":"https:\/\/www.melhorescola.com.br\/blog\/wp-json\/wp\/v2\/tags?post=2462"}],"curies":[{"name":"wp","href":"https:\/\/api.w.org\/{rel}","templated":true}]}}