{"id":24387,"date":"2025-02-13T15:47:57","date_gmt":"2025-02-13T18:47:57","guid":{"rendered":"https:\/\/www.melhorescola.com.br\/blog\/?p=24387"},"modified":"2025-02-14T11:04:53","modified_gmt":"2025-02-14T14:04:53","slug":"dia-da-educacao","status":"publish","type":"post","link":"https:\/\/www.melhorescola.com.br\/blog\/dia-da-educacao\/","title":{"rendered":"Dia da Educa\u00e7\u00e3o: veja como celebrar a data"},"content":{"rendered":"\n<p class=\"wp-block-paragraph\">Desde 2000, o dia 28 de abril \u00e9 lembrado como o <strong>Dia da Educa\u00e7\u00e3o<\/strong>. Naquele ano, l\u00edderes de 124 pa\u00edses, incluindo o Brasil, se reuniram para assumir um compromisso global para garantir o desenvolvimento da educa\u00e7\u00e3o no mundo.&nbsp;<\/p>\n\n\n\n<p class=\"wp-block-paragraph\">Desde ent\u00e3o, o <strong>dia mundial da educa\u00e7\u00e3o 28 de abril,<\/strong> se tornou um momento especial para refor\u00e7ar a import\u00e2ncia do aprendizado em todas as fases da vida. <\/p>\n\n\n\n<p class=\"wp-block-paragraph\">Afinal, a pr\u00f3pria constitui\u00e7\u00e3o brasileira coloca a educa\u00e7\u00e3o como um direito fundamental, e um dos pilares para o progresso social e econ\u00f4mico de um pa\u00eds.<\/p>\n\n\n\n<p class=\"wp-block-paragraph\">Nesse contexto, a escola assume um <a href=\"https:\/\/www.melhorescola.com.br\/blog\/comunidade-escolar\/\" target=\"_blank\" rel=\"noreferrer noopener\">papel essencial<\/a> n\u00e3o apenas no ensino de conte\u00fados acad\u00eamicos, mas tamb\u00e9m na forma\u00e7\u00e3o de valores, na conviv\u00eancia social e no desenvolvimento pessoal dos estudantes.<\/p>\n\n\n\n<p class=\"wp-block-paragraph\">Por isso, neste dia, \u00e9 miss\u00e3o do profissional da educa\u00e7\u00e3o refletir, incentivar e agir para trazer \u00e0 consci\u00eancia a import\u00e2ncia do educar, seja para constru\u00e7\u00e3o de valores, conviv\u00eancia em sociedade e desenvolvimento pessoal.&nbsp;<\/p>\n\n\n\n<p class=\"wp-block-paragraph\">Dessa forma, o <strong>Dia da Educa\u00e7\u00e3o<\/strong> n\u00e3o deve passar em branco! Que tal aproveitar essa data para promover debates, reflex\u00f5es e atividades interativas em sala de aula? Esse momento tamb\u00e9m pode ser uma \u00f3tima oportunidade para incentivar a interdisciplinaridade e pr\u00e1ticas inovadoras no ensino.<\/p>\n\n\n\n<p class=\"wp-block-paragraph\">Quer saber mais sobre o <strong>dia da educa\u00e7\u00e3o 28 de abril <\/strong>e como comemor\u00e1-lo com seus alunos? Continue a leitura e confira ideias de atividades para tornar esse dia ainda mais especial!<\/p>\n\n\n\n<p class=\"wp-block-paragraph\"><strong>Neste artigo voc\u00ea vai ver:&nbsp;<\/strong><\/p>\n\n\n\n<ul class=\"wp-block-list\">\n<li>Porque 28 de abril \u00e9 o Dia da Educa\u00e7\u00e3o?<\/li>\n\n\n\n<li>O que significa o Dia da Educa\u00e7\u00e3o?<\/li>\n\n\n\n<li>Qual a import\u00e2ncia do Dia da Educa\u00e7\u00e3o?<\/li>\n\n\n\n<li>Como trabalhar o dia da educa\u00e7\u00e3o na escola?<\/li>\n<\/ul>\n\n\n\n<figure class=\"wp-block-image size-full\"><img fetchpriority=\"high\" decoding=\"async\" width=\"830\" height=\"553\" src=\"https:\/\/www.melhorescola.com.br\/blog\/wp-content\/uploads\/2025\/02\/congratulations-you-did-test-ver.jpg\" alt=\"Professora tocando m\u00e3o de aluno em sala de aula\" class=\"wp-image-24388\" srcset=\"https:\/\/www.melhorescola.com.br\/blog\/wp-content\/uploads\/2025\/02\/congratulations-you-did-test-ver.jpg 830w, https:\/\/www.melhorescola.com.br\/blog\/wp-content\/uploads\/2025\/02\/congratulations-you-did-test-ver-800x533.jpg 800w, https:\/\/www.melhorescola.com.br\/blog\/wp-content\/uploads\/2025\/02\/congratulations-you-did-test-ver-768x512.jpg 768w\" sizes=\"(max-width: 830px) 100vw, 830px\" \/><\/figure>\n\n\n\n<h2 class=\"wp-block-heading\">Porque 28 de abril \u00e9 o Dia da Educa\u00e7\u00e3o?<\/h2>\n\n\n\n<p class=\"wp-block-paragraph\">O <strong>Dia da Educa\u00e7\u00e3o<\/strong>, celebrado em 28 de abril, foi institu\u00eddo durante o <strong>F\u00f3rum Mundial da Educa\u00e7\u00e3o<\/strong>, evento promovido pela UNESCO. <\/p>\n\n\n\n<p class=\"wp-block-paragraph\">Realizado em 2000, na cidade de Dakar, no Senegal, o encontro se tornou um marco para o ensino no mundo, refor\u00e7ando a import\u00e2ncia da educa\u00e7\u00e3o como pilar fundamental para o desenvolvimento do planeta.<\/p>\n\n\n\n<p class=\"wp-block-paragraph\">Naquela ocasi\u00e3o, os representantes dos 124 pa\u00edses envolvidos firmaram a<strong> \u201cDeclara\u00e7\u00e3o de Dakar<\/strong>\u201d, que se tornou um compromisso pelo desenvolvimento e implementa\u00e7\u00e3o de medidas para garantir que toda crian\u00e7a e adolescente tenha acesso \u00e0 Educa\u00e7\u00e3o B\u00e1sica e Secund\u00e1ria.&nbsp;<\/p>\n\n\n\n<p class=\"wp-block-paragraph\">Apesar da meta de cumprir os objetivos da declara\u00e7\u00e3o dentro de 15 anos n\u00e3o ter sido cumprida, ela continua a influenciar pol\u00edticas educacionais em todo o mundo at\u00e9 hoje.&nbsp;<\/p>\n\n\n\n<p class=\"wp-block-paragraph\">Acabado o prazo, em 2015, foi realizado um novo <strong>F\u00f3rum da Educa\u00e7\u00e3o<\/strong>, dessa vez na Coreia do Sul, no qual foram estabelecidas novas metas, v\u00e1lidas at\u00e9 o ano de 2030. <\/p>\n\n\n\n<p class=\"wp-block-paragraph\">As novas metas buscam garantir uma educa\u00e7\u00e3o acess\u00edvel, de qualidade e para todos, al\u00e9m de incentivar o aprendizado cont\u00ednuo ao longo da vida.<\/p>\n\n\n\n<p class=\"wp-block-paragraph\">Agora que voc\u00ea j\u00e1 sabe por que essa data foi escolhida, vamos entender qual \u00e9 o real significado do <strong>Dia da Educa\u00e7\u00e3o<\/strong> e o impacto que ele tem na sociedade.<\/p>\n\n\n\n<h3 class=\"wp-block-heading\">Existe outra data para o Dia da Educa\u00e7\u00e3o?<\/h3>\n\n\n\n<p class=\"wp-block-paragraph\">Embora o <strong>28 de abril dia da educa\u00e7\u00e3o<\/strong> seja amplamente reconhecido no Brasil, h\u00e1 outra data internacionalmente celebrada: <strong>24 de janeiro<\/strong>. <\/p>\n\n\n\n<p class=\"wp-block-paragraph\">A ONU oficializou essa data em 2018 para refor\u00e7ar o compromisso global com a educa\u00e7\u00e3o de qualidade e os Objetivos de Desenvolvimento Sustent\u00e1vel (ODS).<\/p>\n\n\n\n<p class=\"wp-block-paragraph\">Por outro lado, no Brasil, muitos educadores ainda consideram <strong>28 de abril<\/strong> como a principal data de celebra\u00e7\u00e3o, considerando a \u201cDeclara\u00e7\u00e3o de Dakar\u201d. <\/p>\n\n\n\n<p class=\"wp-block-paragraph\">Como resultado, n\u00e3o h\u00e1 um consenso absoluto sobre qual data deve ser adotada, mas ambas refor\u00e7am a import\u00e2ncia da educa\u00e7\u00e3o para o desenvolvimento social e econ\u00f4mico.<\/p>\n\n\n\n<div class=\"wp-block-columns is-layout-flex wp-container-core-columns-is-layout-8f761849 wp-block-columns-is-layout-flex\">\n<div class=\"wp-block-column is-layout-flow wp-block-column-is-layout-flow\" style=\"flex-basis:100%\">\n<figure class=\"wp-block-table is-style-regular\"><table class=\"has-fixed-layout\"><tbody><tr><td><strong>Curiosidade<\/strong>:<br>No Brasil, a educa\u00e7\u00e3o tamb\u00e9m \u00e9 motivo de destaque no dia 25 de agosto, quando se comemora o Dia Nacional da <a href=\"https:\/\/www.melhorescola.com.br\/blog\/trilha-de-aprendizagem\/\" target=\"_blank\" rel=\"noreferrer noopener\">Educa\u00e7\u00e3o Infantil,<\/a> a partir da Lei n\u00ba Lei 12.602\/12.<\/td><\/tr><\/tbody><\/table><\/figure>\n<\/div>\n<\/div>\n\n\n\n<h2 class=\"wp-block-heading\">O que significa o Dia da Educa\u00e7\u00e3o?<\/h2>\n\n\n\n<p class=\"wp-block-paragraph\">Como educadores, com tantas datas comemorativas no calend\u00e1rio escolar, \u00e9 comum que o verdadeiro significado do <strong>dia mundial da educa\u00e7\u00e3o 28 de abril<\/strong>, passe despercebido.&nbsp;<\/p>\n\n\n\n<p class=\"wp-block-paragraph\">No entanto, essa data vai al\u00e9m de uma simples lembran\u00e7a: ela representa um momento de reflex\u00e3o sobre os desafios da educa\u00e7\u00e3o, como a falta de acesso ao <a href=\"https:\/\/www.melhorescola.com.br\/blog\/o-que-e-multiletramento\/\" target=\"_blank\" rel=\"noreferrer noopener\">ensino e ao letramento<\/a>, al\u00e9m de refor\u00e7ar a import\u00e2ncia da educa\u00e7\u00e3o como ponto de partida para o desenvolvimento social, econ\u00f4mico e humano no mundo.<\/p>\n\n\n\n<p class=\"wp-block-paragraph\">Al\u00e9m disso, a data tamb\u00e9m refor\u00e7a o <a href=\"https:\/\/www.melhorescola.com.br\/blog\/educacao-corporativa-o-que-e\/\" target=\"_blank\" rel=\"noreferrer noopener\">papel essencial da educa\u00e7\u00e3o<\/a> na constru\u00e7\u00e3o de uma sociedade mais justa e igualit\u00e1ria. <\/p>\n\n\n\n<p class=\"wp-block-paragraph\">Ao celebrar o <strong>Dia da Educa\u00e7\u00e3o<\/strong>, escolas, educadores e gestores t\u00eam a oportunidade de criar debates e iniciativas que estimulem a valoriza\u00e7\u00e3o do ensino e incentivem a cria\u00e7\u00e3o de pol\u00edticas p\u00fablicas para garantir o acesso \u00e0 educa\u00e7\u00e3o de qualidade para todos.<\/p>\n\n\n\n<p class=\"wp-block-paragraph\">Por fim, celebrar o <strong>Dia da Educa\u00e7\u00e3o<\/strong> na escola significa reconhecer a import\u00e2ncia da educa\u00e7\u00e3o para o desenvolvimento de todas as camadas da sociedade, al\u00e9m de ser uma oportunidade de refor\u00e7ar o compromisso da educa\u00e7\u00e3o como um direito fundamental de todos.<\/p>\n\n\n\n<h2 class=\"wp-block-heading\">Qual a import\u00e2ncia do Dia da Educa\u00e7\u00e3o?<\/h2>\n\n\n\n<p class=\"wp-block-paragraph\">Como vimos, o <strong>dia mundial da educa\u00e7\u00e3o 28 de abril\u200b<\/strong> \u00e9 uma data que vai al\u00e9m de comemorar o ensino: ela representa um compromisso com o acesso, a qualidade e a transforma\u00e7\u00e3o social atrav\u00e9s da educa\u00e7\u00e3o.&nbsp;<\/p>\n\n\n\n<p class=\"wp-block-paragraph\">Veja a seguir os principais motivos pelos quais essa data \u00e9 t\u00e3o importante:<\/p>\n\n\n\n<ul class=\"wp-block-list\">\n<li><strong>Compromisso com o acesso e a qualidade no ensino<\/strong>: o <strong>dia da educa\u00e7\u00e3o 28 de abril\u200b<\/strong> simboliza o compromisso global em garantir que todos tenham acesso a um ensino de qualidade, refor\u00e7ando a educa\u00e7\u00e3o como pilar essencial para o desenvolvimento social e econ\u00f4mico.<\/li>\n\n\n\n<li><strong>Valoriza\u00e7\u00e3o dos profissionais de ensino: <\/strong>celebrar essa data ressalta a import\u00e2ncia dos educadores, reconhecendo seu papel fundamental na forma\u00e7\u00e3o de cidad\u00e3os cr\u00edticos e preparados para os desafios do futuro.<\/li>\n\n\n\n<li><strong>Reflex\u00e3o e debate sobre desafios educacionais: <\/strong>O <strong>Dia da Educa\u00e7\u00e3o<\/strong> \u00e9 um momento para gestores, professores e a comunidade debaterem quest\u00f5es como evas\u00e3o escolar, desigualdade no acesso e a necessidade de pol\u00edticas p\u00fablicas efetivas.<\/li>\n\n\n\n<li><strong>Constru\u00e7\u00e3o de uma sociedade mais justa e inclusiva: <\/strong>ao reafirmar a educa\u00e7\u00e3o como direito fundamental, o <strong>Dia da Educa\u00e7\u00e3o<\/strong> inspira a\u00e7\u00f5es que ensinem sobre <a href=\"https:\/\/www.melhorescola.com.br\/blog\/atividades-educacao-especial\/\" target=\"_blank\" rel=\"noreferrer noopener\">equidade e acesso<\/a>, contribuindo para um futuro mais sustent\u00e1vel e igualit\u00e1rio.<\/li>\n<\/ul>\n\n\n\n<h2 class=\"wp-block-heading\">Como trabalhar o dia da educa\u00e7\u00e3o na escola?<\/h2>\n\n\n\n<p class=\"wp-block-paragraph\">Nada como um ambiente composto por pessoas preparadas para ensinar e outras dispostas a aprender para trabalhar <strong>atividade dia da educa\u00e7\u00e3o 28 de abril<\/strong>, n\u00e3o \u00e9 mesmo? <\/p>\n\n\n\n<p class=\"wp-block-paragraph\">Por isso, a escola \u00e9 o ambiente perfeito para isso e tanto gestores como professores podem aproveitar a data para mover a\u00e7\u00f5es envolvendo toda a comunidade escolar.\u00a0<\/p>\n\n\n\n<p class=\"wp-block-paragraph\">Existem muitas formas para lembrar do dia 28 de abril, mas como gestor \u00e9 importante perceber que esse tema pode ser trabalhado em duas camadas. Da gest\u00e3o para a equipe escolar, como da equipe para os alunos.&nbsp;<\/p>\n\n\n\n<p class=\"wp-block-paragraph\">Dessa forma, todos os envolvidos ter\u00e3o a oportunidade de entender a import\u00e2ncia desse dia dentro de suas fun\u00e7\u00f5es como educadores.&nbsp;<\/p>\n\n\n\n<h3 class=\"wp-block-heading\">Para Gestores (com a Equipe Escolar)<\/h3>\n\n\n\n<figure class=\"wp-block-image size-full\"><img decoding=\"async\" width=\"830\" height=\"553\" data-src=\"https:\/\/www.melhorescola.com.br\/blog\/wp-content\/uploads\/2025\/02\/iq-1.png\" alt=\"Grupo de gestores e professores na escola\" class=\"wp-image-24389 lazyload\" data-srcset=\"https:\/\/www.melhorescola.com.br\/blog\/wp-content\/uploads\/2025\/02\/iq-1.png 830w, https:\/\/www.melhorescola.com.br\/blog\/wp-content\/uploads\/2025\/02\/iq-1-800x533.png 800w, https:\/\/www.melhorescola.com.br\/blog\/wp-content\/uploads\/2025\/02\/iq-1-768x512.png 768w\" data-sizes=\"(max-width: 830px) 100vw, 830px\" src=\"data:image\/svg+xml;base64,PHN2ZyB3aWR0aD0iMSIgaGVpZ2h0PSIxIiB4bWxucz0iaHR0cDovL3d3dy53My5vcmcvMjAwMC9zdmciPjwvc3ZnPg==\" style=\"--smush-placeholder-width: 830px; --smush-placeholder-aspect-ratio: 830\/553;\" \/><\/figure>\n\n\n\n<h3 class=\"wp-block-heading\">1 &#8211; Reuni\u00f5es de integra\u00e7\u00e3o e reflex\u00e3o<\/h3>\n\n\n\n<p class=\"wp-block-paragraph\">Organize encontros para debater o significado do <strong>Dia da Educa\u00e7\u00e3o<\/strong>, criando um espa\u00e7o para alinhar estrat\u00e9gias, compartilhar desafios e celebrar as conquistas da institui\u00e7\u00e3o.<\/p>\n\n\n\n<h3 class=\"wp-block-heading\">2 &#8211; Workshops de desenvolvimento profissional<\/h3>\n\n\n\n<p class=\"wp-block-paragraph\">Promova oficinas que estimulem a troca de experi\u00eancias e a atualiza\u00e7\u00e3o dos educadores, refor\u00e7ando a import\u00e2ncia do cont\u00ednuo desenvolvimento e inova\u00e7\u00e3o no ensino.<\/p>\n\n\n\n<h3 class=\"wp-block-heading\">3 &#8211; Pain\u00e9is tem\u00e1ticos e palestras<\/h3>\n\n\n\n<p class=\"wp-block-paragraph\">Convide especialistas e profissionais do setor para realizar debates e palestras, proporcionando uma vis\u00e3o abrangente dos desafios e oportunidades na educa\u00e7\u00e3o, al\u00e9m de inspirar a equipe com novas ideias.<\/p>\n\n\n\n<h3 class=\"wp-block-heading\">4 &#8211; Planejamento estrat\u00e9gico para inova\u00e7\u00e3o<\/h3>\n\n\n\n<p class=\"wp-block-paragraph\">Utilize essa data para lan\u00e7ar projetos e iniciativas que incentivem pr\u00e1ticas interdisciplinares e inovadoras, transformando a rotina escolar e fortalecendo o compromisso com a qualidade do ensino.<\/p>\n\n\n\n<h3 class=\"wp-block-heading\">Para Professores (com alunos)<\/h3>\n\n\n\n<figure class=\"wp-block-image size-full\"><img decoding=\"async\" width=\"830\" height=\"553\" data-src=\"https:\/\/www.melhorescola.com.br\/blog\/wp-content\/uploads\/2025\/02\/woman-reading-something-her-stud.jpg\" alt=\"Professora lendo para alunos em sala de aula\" class=\"wp-image-24390 lazyload\" data-srcset=\"https:\/\/www.melhorescola.com.br\/blog\/wp-content\/uploads\/2025\/02\/woman-reading-something-her-stud.jpg 830w, https:\/\/www.melhorescola.com.br\/blog\/wp-content\/uploads\/2025\/02\/woman-reading-something-her-stud-800x533.jpg 800w, https:\/\/www.melhorescola.com.br\/blog\/wp-content\/uploads\/2025\/02\/woman-reading-something-her-stud-768x512.jpg 768w\" data-sizes=\"(max-width: 830px) 100vw, 830px\" src=\"data:image\/svg+xml;base64,PHN2ZyB3aWR0aD0iMSIgaGVpZ2h0PSIxIiB4bWxucz0iaHR0cDovL3d3dy53My5vcmcvMjAwMC9zdmciPjwvc3ZnPg==\" style=\"--smush-placeholder-width: 830px; --smush-placeholder-aspect-ratio: 830\/553;\" \/><\/figure>\n\n\n\n<h3 class=\"wp-block-heading\">1 &#8211; Din\u00e2micas cooperativas de grupo&nbsp;<\/h3>\n\n\n\n<p class=\"wp-block-paragraph\">Realize atividades que incentivem o <a href=\"https:\/\/www.melhorescola.com.br\/artigos\/jogos-cooperativos\">trabalho em equipe<\/a>, ajudando os alunos a compreenderem o valor da colabora\u00e7\u00e3o e da uni\u00e3o para atingir objetivos comuns.<\/p>\n\n\n\n<h3 class=\"wp-block-heading\">2 &#8211; Roda de conversa e debate<\/h3>\n\n\n\n<p class=\"wp-block-paragraph\">Estimule di\u00e1logos em sala de aula sobre o papel da educa\u00e7\u00e3o na forma\u00e7\u00e3o pessoal e social, promovendo um ambiente de aprendizado interativo e participativo.<\/p>\n\n\n\n<h3 class=\"wp-block-heading\">3 &#8211; Atividades interdisciplinares integradas<\/h3>\n\n\n\n<p class=\"wp-block-paragraph\">Proponha projetos que conectem diferentes \u00e1reas do conhecimento, permitindo que os alunos explorem a criatividade e desenvolvam o pensamento cr\u00edtico de maneira pr\u00e1tica e envolvente.<\/p>\n\n\n\n<h3 class=\"wp-block-heading\">4 &#8211; Oficinas criativas para express\u00e3o<\/h3>\n\n\n\n<p class=\"wp-block-paragraph\">Organize oficinas de arte, teatro ou m\u00fasica que possibilitem aos alunos expressar suas percep\u00e7\u00f5es sobre o <strong>28 de abril dia da educa\u00e7\u00e3o<\/strong>, transformando a celebra\u00e7\u00e3o em um momento de reflex\u00e3o e express\u00e3o pessoal.<\/p>\n\n\n\n<p class=\"wp-block-paragraph\">Depois de entender mais sobre o <strong>Dia da Educa\u00e7\u00e3o<\/strong>, agora, \u00e9 hora de agir e trabalhar para transformar essa data em um momento de reflex\u00e3o, inova\u00e7\u00e3o e celebra\u00e7\u00e3o.&nbsp;<\/p>\n\n\n\n<p class=\"wp-block-paragraph\">Adote as ideias e crie experi\u00eancias memor\u00e1veis que incentivem a colabora\u00e7\u00e3o e a aprendizagem cont\u00ednua. Afinal, cada <strong>atividade dia da educa\u00e7\u00e3o 28 de abril<\/strong> \u00e9 um passo importante para garantir o direito fundamental \u00e0 educa\u00e7\u00e3o para cada vez mais pessoas.<\/p>\n\n\n\n<p class=\"wp-block-paragraph\">Gostou desse conte\u00fado? Ent\u00e3o compartilhe com outros educadores que queiram saber mais sobre o<strong> Dia da Educa\u00e7\u00e3o <\/strong>e leia tamb\u00e9m <a href=\"https:\/\/www.melhorescola.com.br\/blog\/category\/ambiente-escolar\/\" target=\"_blank\" rel=\"noreferrer noopener\">outros artigos<\/a> do nosso blog.<\/p>\n","protected":false},"excerpt":{"rendered":"<p>Desde 2000, o dia 28 de abril \u00e9 lembrado como o Dia da Educa\u00e7\u00e3o. Naquele ano, l\u00edderes de 124 pa\u00edses, incluindo o Brasil, se reuniram&hellip;<\/p>\n","protected":false},"author":27,"featured_media":24388,"comment_status":"open","ping_status":"open","sticky":false,"template":"","format":"standard","meta":{"footnotes":""},"categories":[262],"tags":[459,295,458,460],"class_list":["post-24387","post","type-post","status-publish","format-standard","has-post-thumbnail","hentry","category-ambiente-escolar","tag-28-de-abril","tag-ambiente-escolar","tag-dia-da-educacao","tag-dia-mundial-da-educacao"],"yoast_head":"<!-- This site is optimized with the Yoast SEO plugin v28.3 - https:\/\/yoast.com\/product\/yoast-seo-wordpress\/ -->\n<title>Dia da Educa\u00e7\u00e3o: veja como celebrar a data - Blog do Melhor Escola<\/title>\n<meta name=\"description\" content=\"Veja como celebrar o Dia da Educa\u00e7\u00e3o com atividades pr\u00e1ticas para gestores e professores. Fortale\u00e7a o ensino e garanta o direito \u00e0 educa\u00e7\u00e3o!\" \/>\n<meta name=\"robots\" content=\"index, follow, max-snippet:-1, max-image-preview:large, max-video-preview:-1\" \/>\n<link rel=\"canonical\" href=\"https:\/\/www.melhorescola.com.br\/blog\/dia-da-educacao\/\" \/>\n<meta property=\"og:locale\" content=\"pt_BR\" \/>\n<meta property=\"og:type\" content=\"article\" \/>\n<meta property=\"og:title\" content=\"Dia da Educa\u00e7\u00e3o: veja como celebrar a data - Blog do Melhor Escola\" \/>\n<meta property=\"og:description\" content=\"Veja como celebrar o Dia da Educa\u00e7\u00e3o com atividades pr\u00e1ticas para gestores e professores. Fortale\u00e7a o ensino e garanta o direito \u00e0 educa\u00e7\u00e3o!\" \/>\n<meta property=\"og:url\" content=\"https:\/\/www.melhorescola.com.br\/blog\/dia-da-educacao\/\" \/>\n<meta property=\"og:site_name\" content=\"Blog do Melhor Escola\" \/>\n<meta property=\"article:published_time\" content=\"2025-02-13T18:47:57+00:00\" \/>\n<meta property=\"article:modified_time\" content=\"2025-02-14T14:04:53+00:00\" \/>\n<meta property=\"og:image\" content=\"https:\/\/www.melhorescola.com.br\/blog\/wp-content\/uploads\/2025\/02\/congratulations-you-did-test-ver.jpg\" \/>\n\t<meta property=\"og:image:width\" content=\"830\" \/>\n\t<meta property=\"og:image:height\" content=\"553\" \/>\n\t<meta property=\"og:image:type\" content=\"image\/jpeg\" \/>\n<meta name=\"author\" content=\"Ana Paiva\" \/>\n<meta name=\"twitter:card\" content=\"summary_large_image\" \/>\n<meta name=\"twitter:label1\" content=\"Escrito por\" \/>\n\t<meta name=\"twitter:data1\" content=\"Ana Paiva\" \/>\n\t<meta name=\"twitter:label2\" content=\"Est. tempo de leitura\" \/>\n\t<meta name=\"twitter:data2\" content=\"9 minutos\" \/>\n<script type=\"application\/ld+json\" class=\"yoast-schema-graph\">{\"@context\":\"https:\\\/\\\/schema.org\",\"@graph\":[{\"@type\":\"Article\",\"@id\":\"https:\\\/\\\/www.melhorescola.com.br\\\/blog\\\/dia-da-educacao\\\/#article\",\"isPartOf\":{\"@id\":\"https:\\\/\\\/www.melhorescola.com.br\\\/blog\\\/dia-da-educacao\\\/\"},\"author\":{\"name\":\"Ana Paiva\",\"@id\":\"https:\\\/\\\/www.melhorescola.com.br\\\/blog\\\/#\\\/schema\\\/person\\\/5de2044c9fde0edd50d6f7cef3a23b5e\"},\"headline\":\"Dia da Educa\u00e7\u00e3o: veja como celebrar a data\",\"datePublished\":\"2025-02-13T18:47:57+00:00\",\"dateModified\":\"2025-02-14T14:04:53+00:00\",\"mainEntityOfPage\":{\"@id\":\"https:\\\/\\\/www.melhorescola.com.br\\\/blog\\\/dia-da-educacao\\\/\"},\"wordCount\":1638,\"commentCount\":0,\"publisher\":{\"@id\":\"https:\\\/\\\/www.melhorescola.com.br\\\/blog\\\/#organization\"},\"image\":{\"@id\":\"https:\\\/\\\/www.melhorescola.com.br\\\/blog\\\/dia-da-educacao\\\/#primaryimage\"},\"thumbnailUrl\":\"https:\\\/\\\/www.melhorescola.com.br\\\/blog\\\/wp-content\\\/uploads\\\/2025\\\/02\\\/congratulations-you-did-test-ver.jpg\",\"keywords\":[\"28 de abril\",\"ambiente escolar\",\"dia da educa\u00e7\u00e3o\",\"dia mundial da educa\u00e7\u00e3o\"],\"articleSection\":[\"Ambiente Escolar\"],\"inLanguage\":\"pt-BR\",\"potentialAction\":[{\"@type\":\"CommentAction\",\"name\":\"Comment\",\"target\":[\"https:\\\/\\\/www.melhorescola.com.br\\\/blog\\\/dia-da-educacao\\\/#respond\"]}]},{\"@type\":\"WebPage\",\"@id\":\"https:\\\/\\\/www.melhorescola.com.br\\\/blog\\\/dia-da-educacao\\\/\",\"url\":\"https:\\\/\\\/www.melhorescola.com.br\\\/blog\\\/dia-da-educacao\\\/\",\"name\":\"Dia da Educa\u00e7\u00e3o: veja como celebrar a data - Blog do Melhor Escola\",\"isPartOf\":{\"@id\":\"https:\\\/\\\/www.melhorescola.com.br\\\/blog\\\/#website\"},\"primaryImageOfPage\":{\"@id\":\"https:\\\/\\\/www.melhorescola.com.br\\\/blog\\\/dia-da-educacao\\\/#primaryimage\"},\"image\":{\"@id\":\"https:\\\/\\\/www.melhorescola.com.br\\\/blog\\\/dia-da-educacao\\\/#primaryimage\"},\"thumbnailUrl\":\"https:\\\/\\\/www.melhorescola.com.br\\\/blog\\\/wp-content\\\/uploads\\\/2025\\\/02\\\/congratulations-you-did-test-ver.jpg\",\"datePublished\":\"2025-02-13T18:47:57+00:00\",\"dateModified\":\"2025-02-14T14:04:53+00:00\",\"description\":\"Veja como celebrar o Dia da Educa\u00e7\u00e3o com atividades pr\u00e1ticas para gestores e professores. Fortale\u00e7a o ensino e garanta o direito \u00e0 educa\u00e7\u00e3o!\",\"breadcrumb\":{\"@id\":\"https:\\\/\\\/www.melhorescola.com.br\\\/blog\\\/dia-da-educacao\\\/#breadcrumb\"},\"inLanguage\":\"pt-BR\",\"potentialAction\":[{\"@type\":\"ReadAction\",\"target\":[\"https:\\\/\\\/www.melhorescola.com.br\\\/blog\\\/dia-da-educacao\\\/\"]}]},{\"@type\":\"ImageObject\",\"inLanguage\":\"pt-BR\",\"@id\":\"https:\\\/\\\/www.melhorescola.com.br\\\/blog\\\/dia-da-educacao\\\/#primaryimage\",\"url\":\"https:\\\/\\\/www.melhorescola.com.br\\\/blog\\\/wp-content\\\/uploads\\\/2025\\\/02\\\/congratulations-you-did-test-ver.jpg\",\"contentUrl\":\"https:\\\/\\\/www.melhorescola.com.br\\\/blog\\\/wp-content\\\/uploads\\\/2025\\\/02\\\/congratulations-you-did-test-ver.jpg\",\"width\":830,\"height\":553,\"caption\":\"Happy African American teacher giving high-five to elementary student and congratulating him on good test results.\"},{\"@type\":\"BreadcrumbList\",\"@id\":\"https:\\\/\\\/www.melhorescola.com.br\\\/blog\\\/dia-da-educacao\\\/#breadcrumb\",\"itemListElement\":[{\"@type\":\"ListItem\",\"position\":1,\"name\":\"In\u00edcio\",\"item\":\"https:\\\/\\\/www.melhorescola.com.br\\\/blog\\\/\"},{\"@type\":\"ListItem\",\"position\":2,\"name\":\"Dia da Educa\u00e7\u00e3o: veja como celebrar a data\"}]},{\"@type\":\"WebSite\",\"@id\":\"https:\\\/\\\/www.melhorescola.com.br\\\/blog\\\/#website\",\"url\":\"https:\\\/\\\/www.melhorescola.com.br\\\/blog\\\/\",\"name\":\"Blog do Melhor Escola\",\"description\":\"Veja conte\u00fados sobre capta\u00e7\u00e3o de alunos, gest\u00e3o escolar, marketing educacional, universo pedag\u00f3gico e muito mais!\",\"publisher\":{\"@id\":\"https:\\\/\\\/www.melhorescola.com.br\\\/blog\\\/#organization\"},\"potentialAction\":[{\"@type\":\"SearchAction\",\"target\":{\"@type\":\"EntryPoint\",\"urlTemplate\":\"https:\\\/\\\/www.melhorescola.com.br\\\/blog\\\/?s={search_term_string}\"},\"query-input\":{\"@type\":\"PropertyValueSpecification\",\"valueRequired\":true,\"valueName\":\"search_term_string\"}}],\"inLanguage\":\"pt-BR\"},{\"@type\":\"Organization\",\"@id\":\"https:\\\/\\\/www.melhorescola.com.br\\\/blog\\\/#organization\",\"name\":\"Melhor Escola B2B\",\"url\":\"https:\\\/\\\/www.melhorescola.com.br\\\/blog\\\/\",\"logo\":{\"@type\":\"ImageObject\",\"inLanguage\":\"pt-BR\",\"@id\":\"https:\\\/\\\/www.melhorescola.com.br\\\/blog\\\/#\\\/schema\\\/logo\\\/image\\\/\",\"url\":\"https:\\\/\\\/www.melhorescola.com.br\\\/blog\\\/wp-content\\\/uploads\\\/2024\\\/06\\\/images-removebg-preview-2.png\",\"contentUrl\":\"https:\\\/\\\/www.melhorescola.com.br\\\/blog\\\/wp-content\\\/uploads\\\/2024\\\/06\\\/images-removebg-preview-2.png\",\"width\":148,\"height\":148,\"caption\":\"Melhor Escola B2B\"},\"image\":{\"@id\":\"https:\\\/\\\/www.melhorescola.com.br\\\/blog\\\/#\\\/schema\\\/logo\\\/image\\\/\"}},{\"@type\":\"Person\",\"@id\":\"https:\\\/\\\/www.melhorescola.com.br\\\/blog\\\/#\\\/schema\\\/person\\\/5de2044c9fde0edd50d6f7cef3a23b5e\",\"name\":\"Ana Paiva\",\"image\":{\"@type\":\"ImageObject\",\"inLanguage\":\"pt-BR\",\"@id\":\"https:\\\/\\\/secure.gravatar.com\\\/avatar\\\/5733257f78af208ff1acf8031ec53d9032333f2e3847994a6f25fca799f29f1a?s=96&d=mm&r=g\",\"url\":\"https:\\\/\\\/secure.gravatar.com\\\/avatar\\\/5733257f78af208ff1acf8031ec53d9032333f2e3847994a6f25fca799f29f1a?s=96&d=mm&r=g\",\"contentUrl\":\"https:\\\/\\\/secure.gravatar.com\\\/avatar\\\/5733257f78af208ff1acf8031ec53d9032333f2e3847994a6f25fca799f29f1a?s=96&d=mm&r=g\",\"caption\":\"Ana Paiva\"},\"url\":\"https:\\\/\\\/www.melhorescola.com.br\\\/blog\\\/author\\\/ana-beatriz\\\/\"}]}<\/script>\n<!-- \/ Yoast SEO plugin. -->","yoast_head_json":{"title":"Dia da Educa\u00e7\u00e3o: veja como celebrar a data - Blog do Melhor Escola","description":"Veja como celebrar o Dia da Educa\u00e7\u00e3o com atividades pr\u00e1ticas para gestores e professores. Fortale\u00e7a o ensino e garanta o direito \u00e0 educa\u00e7\u00e3o!","robots":{"index":"index","follow":"follow","max-snippet":"max-snippet:-1","max-image-preview":"max-image-preview:large","max-video-preview":"max-video-preview:-1"},"canonical":"https:\/\/www.melhorescola.com.br\/blog\/dia-da-educacao\/","og_locale":"pt_BR","og_type":"article","og_title":"Dia da Educa\u00e7\u00e3o: veja como celebrar a data - Blog do Melhor Escola","og_description":"Veja como celebrar o Dia da Educa\u00e7\u00e3o com atividades pr\u00e1ticas para gestores e professores. Fortale\u00e7a o ensino e garanta o direito \u00e0 educa\u00e7\u00e3o!","og_url":"https:\/\/www.melhorescola.com.br\/blog\/dia-da-educacao\/","og_site_name":"Blog do Melhor Escola","article_published_time":"2025-02-13T18:47:57+00:00","article_modified_time":"2025-02-14T14:04:53+00:00","og_image":[{"width":830,"height":553,"url":"https:\/\/www.melhorescola.com.br\/blog\/wp-content\/uploads\/2025\/02\/congratulations-you-did-test-ver.jpg","type":"image\/jpeg"}],"author":"Ana Paiva","twitter_card":"summary_large_image","twitter_misc":{"Escrito por":"Ana Paiva","Est. tempo de leitura":"9 minutos"},"schema":{"@context":"https:\/\/schema.org","@graph":[{"@type":"Article","@id":"https:\/\/www.melhorescola.com.br\/blog\/dia-da-educacao\/#article","isPartOf":{"@id":"https:\/\/www.melhorescola.com.br\/blog\/dia-da-educacao\/"},"author":{"name":"Ana Paiva","@id":"https:\/\/www.melhorescola.com.br\/blog\/#\/schema\/person\/5de2044c9fde0edd50d6f7cef3a23b5e"},"headline":"Dia da Educa\u00e7\u00e3o: veja como celebrar a data","datePublished":"2025-02-13T18:47:57+00:00","dateModified":"2025-02-14T14:04:53+00:00","mainEntityOfPage":{"@id":"https:\/\/www.melhorescola.com.br\/blog\/dia-da-educacao\/"},"wordCount":1638,"commentCount":0,"publisher":{"@id":"https:\/\/www.melhorescola.com.br\/blog\/#organization"},"image":{"@id":"https:\/\/www.melhorescola.com.br\/blog\/dia-da-educacao\/#primaryimage"},"thumbnailUrl":"https:\/\/www.melhorescola.com.br\/blog\/wp-content\/uploads\/2025\/02\/congratulations-you-did-test-ver.jpg","keywords":["28 de abril","ambiente escolar","dia da educa\u00e7\u00e3o","dia mundial da educa\u00e7\u00e3o"],"articleSection":["Ambiente Escolar"],"inLanguage":"pt-BR","potentialAction":[{"@type":"CommentAction","name":"Comment","target":["https:\/\/www.melhorescola.com.br\/blog\/dia-da-educacao\/#respond"]}]},{"@type":"WebPage","@id":"https:\/\/www.melhorescola.com.br\/blog\/dia-da-educacao\/","url":"https:\/\/www.melhorescola.com.br\/blog\/dia-da-educacao\/","name":"Dia da Educa\u00e7\u00e3o: veja como celebrar a data - Blog do Melhor Escola","isPartOf":{"@id":"https:\/\/www.melhorescola.com.br\/blog\/#website"},"primaryImageOfPage":{"@id":"https:\/\/www.melhorescola.com.br\/blog\/dia-da-educacao\/#primaryimage"},"image":{"@id":"https:\/\/www.melhorescola.com.br\/blog\/dia-da-educacao\/#primaryimage"},"thumbnailUrl":"https:\/\/www.melhorescola.com.br\/blog\/wp-content\/uploads\/2025\/02\/congratulations-you-did-test-ver.jpg","datePublished":"2025-02-13T18:47:57+00:00","dateModified":"2025-02-14T14:04:53+00:00","description":"Veja como celebrar o Dia da Educa\u00e7\u00e3o com atividades pr\u00e1ticas para gestores e professores. Fortale\u00e7a o ensino e garanta o direito \u00e0 educa\u00e7\u00e3o!","breadcrumb":{"@id":"https:\/\/www.melhorescola.com.br\/blog\/dia-da-educacao\/#breadcrumb"},"inLanguage":"pt-BR","potentialAction":[{"@type":"ReadAction","target":["https:\/\/www.melhorescola.com.br\/blog\/dia-da-educacao\/"]}]},{"@type":"ImageObject","inLanguage":"pt-BR","@id":"https:\/\/www.melhorescola.com.br\/blog\/dia-da-educacao\/#primaryimage","url":"https:\/\/www.melhorescola.com.br\/blog\/wp-content\/uploads\/2025\/02\/congratulations-you-did-test-ver.jpg","contentUrl":"https:\/\/www.melhorescola.com.br\/blog\/wp-content\/uploads\/2025\/02\/congratulations-you-did-test-ver.jpg","width":830,"height":553,"caption":"Happy African American teacher giving high-five to elementary student and congratulating him on good test results."},{"@type":"BreadcrumbList","@id":"https:\/\/www.melhorescola.com.br\/blog\/dia-da-educacao\/#breadcrumb","itemListElement":[{"@type":"ListItem","position":1,"name":"In\u00edcio","item":"https:\/\/www.melhorescola.com.br\/blog\/"},{"@type":"ListItem","position":2,"name":"Dia da Educa\u00e7\u00e3o: veja como celebrar a data"}]},{"@type":"WebSite","@id":"https:\/\/www.melhorescola.com.br\/blog\/#website","url":"https:\/\/www.melhorescola.com.br\/blog\/","name":"Blog do Melhor Escola","description":"Veja conte\u00fados sobre capta\u00e7\u00e3o de alunos, gest\u00e3o escolar, marketing educacional, universo pedag\u00f3gico e muito mais!","publisher":{"@id":"https:\/\/www.melhorescola.com.br\/blog\/#organization"},"potentialAction":[{"@type":"SearchAction","target":{"@type":"EntryPoint","urlTemplate":"https:\/\/www.melhorescola.com.br\/blog\/?s={search_term_string}"},"query-input":{"@type":"PropertyValueSpecification","valueRequired":true,"valueName":"search_term_string"}}],"inLanguage":"pt-BR"},{"@type":"Organization","@id":"https:\/\/www.melhorescola.com.br\/blog\/#organization","name":"Melhor Escola B2B","url":"https:\/\/www.melhorescola.com.br\/blog\/","logo":{"@type":"ImageObject","inLanguage":"pt-BR","@id":"https:\/\/www.melhorescola.com.br\/blog\/#\/schema\/logo\/image\/","url":"https:\/\/www.melhorescola.com.br\/blog\/wp-content\/uploads\/2024\/06\/images-removebg-preview-2.png","contentUrl":"https:\/\/www.melhorescola.com.br\/blog\/wp-content\/uploads\/2024\/06\/images-removebg-preview-2.png","width":148,"height":148,"caption":"Melhor Escola B2B"},"image":{"@id":"https:\/\/www.melhorescola.com.br\/blog\/#\/schema\/logo\/image\/"}},{"@type":"Person","@id":"https:\/\/www.melhorescola.com.br\/blog\/#\/schema\/person\/5de2044c9fde0edd50d6f7cef3a23b5e","name":"Ana Paiva","image":{"@type":"ImageObject","inLanguage":"pt-BR","@id":"https:\/\/secure.gravatar.com\/avatar\/5733257f78af208ff1acf8031ec53d9032333f2e3847994a6f25fca799f29f1a?s=96&d=mm&r=g","url":"https:\/\/secure.gravatar.com\/avatar\/5733257f78af208ff1acf8031ec53d9032333f2e3847994a6f25fca799f29f1a?s=96&d=mm&r=g","contentUrl":"https:\/\/secure.gravatar.com\/avatar\/5733257f78af208ff1acf8031ec53d9032333f2e3847994a6f25fca799f29f1a?s=96&d=mm&r=g","caption":"Ana Paiva"},"url":"https:\/\/www.melhorescola.com.br\/blog\/author\/ana-beatriz\/"}]}},"_links":{"self":[{"href":"https:\/\/www.melhorescola.com.br\/blog\/wp-json\/wp\/v2\/posts\/24387","targetHints":{"allow":["GET"]}}],"collection":[{"href":"https:\/\/www.melhorescola.com.br\/blog\/wp-json\/wp\/v2\/posts"}],"about":[{"href":"https:\/\/www.melhorescola.com.br\/blog\/wp-json\/wp\/v2\/types\/post"}],"author":[{"embeddable":true,"href":"https:\/\/www.melhorescola.com.br\/blog\/wp-json\/wp\/v2\/users\/27"}],"replies":[{"embeddable":true,"href":"https:\/\/www.melhorescola.com.br\/blog\/wp-json\/wp\/v2\/comments?post=24387"}],"version-history":[{"count":4,"href":"https:\/\/www.melhorescola.com.br\/blog\/wp-json\/wp\/v2\/posts\/24387\/revisions"}],"predecessor-version":[{"id":24395,"href":"https:\/\/www.melhorescola.com.br\/blog\/wp-json\/wp\/v2\/posts\/24387\/revisions\/24395"}],"wp:featuredmedia":[{"embeddable":true,"href":"https:\/\/www.melhorescola.com.br\/blog\/wp-json\/wp\/v2\/media\/24388"}],"wp:attachment":[{"href":"https:\/\/www.melhorescola.com.br\/blog\/wp-json\/wp\/v2\/media?parent=24387"}],"wp:term":[{"taxonomy":"category","embeddable":true,"href":"https:\/\/www.melhorescola.com.br\/blog\/wp-json\/wp\/v2\/categories?post=24387"},{"taxonomy":"post_tag","embeddable":true,"href":"https:\/\/www.melhorescola.com.br\/blog\/wp-json\/wp\/v2\/tags?post=24387"}],"curies":[{"name":"wp","href":"https:\/\/api.w.org\/{rel}","templated":true}]}}