{"id":24180,"date":"2024-10-22T13:26:46","date_gmt":"2024-10-22T16:26:46","guid":{"rendered":"https:\/\/www.melhorescola.com.br\/blog\/?p=24180"},"modified":"2025-11-24T13:57:17","modified_gmt":"2025-11-24T16:57:17","slug":"atividades-educacao-especial","status":"publish","type":"post","link":"https:\/\/www.melhorescola.com.br\/blog\/atividades-educacao-especial\/","title":{"rendered":"7 ideias de atividades para Educa\u00e7\u00e3o Especial"},"content":{"rendered":"\n<p class=\"wp-block-paragraph\"><strong>Em resumo:<\/strong><\/p>\n\n\n\n<ul class=\"wp-block-list\">\n<li>As atividades para Educa\u00e7\u00e3o Especial devem considerar as diferentes formas de aprendizagem dos alunos, garantindo participa\u00e7\u00e3o, acolhimento e inclus\u00e3o;<br><\/li>\n\n\n\n<li>A escola precisa estar preparada para receber estudantes com defici\u00eancia, oferecendo estrat\u00e9gias que estimulem interesse, desenvolvimento e conviv\u00eancia;<br><\/li>\n\n\n\n<li>Planejar intencionalmente atividades adaptadas favorece o engajamento, amplia habilidades e fortalece o processo de ensino-aprendizagem para todos os alunos.<\/li>\n<\/ul>\n\n\n\n<p class=\"wp-block-paragraph\">A educa\u00e7\u00e3o de qualidade \u00e9 garantida a todos por lei, isso inclui as pessoas com defici\u00eancia. No entanto, apesar da garantia legal, muitas s\u00e3o as dificuldades que esse p\u00fablico enfrenta. Por isso, planejar \u201c<strong>atividades educa\u00e7\u00e3o especial<\/strong>\u201d \u00e9 sempre um desafio.<\/p>\n\n\n\n<p class=\"wp-block-paragraph\">+\u00a0<a href=\"https:\/\/escolas.quero.com\/capte-alunos?utm_source=blog&amp;utm_medium=cta-artigo&amp;utm_campaign=sejaumparceiro\" target=\"_blank\" rel=\"noreferrer noopener\">Saiba como captar mais alunos de forma org\u00e2nica e gratuita<\/a><\/p>\n\n\n\n<p class=\"wp-block-paragraph\">Alunos com defici\u00eancia precisam de uma <a href=\"https:\/\/www.melhorescola.com.br\/artigos\/comunicacao-alternativa-como-ferramenta-para-uma-educacao-inclusiva\" target=\"_blank\" rel=\"noreferrer noopener\">aten\u00e7\u00e3o especial<\/a>, pois seu modo de processar as informa\u00e7\u00f5es \u00e9 diferente. Contudo, precisam estar inclu\u00eddos com o restante da turma e participar das atividades com os outros colegas. Isso ajuda a estimular o interesse, a aprendizagem e a inclus\u00e3o.&nbsp;<\/p>\n\n\n\n<p class=\"wp-block-paragraph\">O n\u00famero de alunos com defici\u00eancia vem aumentando a cada dia, e por isso, professores e toda a comunidade escolar precisam estar preparados para receber, integrar e trabalhar com esses estudantes.&nbsp;<\/p>\n\n\n\n<p class=\"wp-block-paragraph\">Se voc\u00ea tem d\u00favidas de quais <strong>atividades para educa\u00e7\u00e3o especial<\/strong> incluir no seu planejamento de aula, preparamos 7 ideias para aplicar e envolver toda a turma.&nbsp;<\/p>\n\n\n\n<p class=\"wp-block-paragraph\"><strong>Neste artigo voc\u00ea vai ver:&nbsp;<\/strong><\/p>\n\n\n\n<ul class=\"wp-block-list\">\n<li>O que se trabalha na educa\u00e7\u00e3o especial?&nbsp;<\/li>\n\n\n\n<li>Como trabalhar atividades adaptadas para alunos especiais?<\/li>\n\n\n\n<li>Quais atividades para educa\u00e7\u00e3o especial?<\/li>\n\n\n\n<li>Quais atividades podem ser usadas para alunos com defici\u00eancia?<\/li>\n<\/ul>\n\n\n\n<figure class=\"wp-block-image size-full\"><img fetchpriority=\"high\" decoding=\"async\" width=\"830\" height=\"553\" src=\"https:\/\/www.melhorescola.com.br\/blog\/wp-content\/uploads\/2024\/10\/hands-child-who-smeared-1.jpg\" alt=\"\" class=\"wp-image-24182\" srcset=\"https:\/\/www.melhorescola.com.br\/blog\/wp-content\/uploads\/2024\/10\/hands-child-who-smeared-1.jpg 830w, https:\/\/www.melhorescola.com.br\/blog\/wp-content\/uploads\/2024\/10\/hands-child-who-smeared-1-800x533.jpg 800w, https:\/\/www.melhorescola.com.br\/blog\/wp-content\/uploads\/2024\/10\/hands-child-who-smeared-1-768x512.jpg 768w\" sizes=\"(max-width: 830px) 100vw, 830px\" \/><\/figure>\n\n\n\n<h2 class=\"wp-block-heading\">O que se trabalha na educa\u00e7\u00e3o especial?&nbsp;<\/h2>\n\n\n\n<p class=\"wp-block-paragraph\">Aspectos como<strong> habilidades cognitivas, motoras, emocionais e sociais, s\u00e3o pontos a serem trabalhados <\/strong>na educa\u00e7\u00e3o especial, de forma a facilitar o processo de aprendizagem dos alunos com defici\u00eancia.&nbsp;<\/p>\n\n\n\n<p class=\"wp-block-paragraph\">Atender as <strong>necessidades de cada indiv\u00edduo e agir de forma a facilitar o acesso ao conhecimento<\/strong> \u00e9 o principal objetivo da educa\u00e7\u00e3o especial. Segundo a <a href=\"https:\/\/www.planalto.gov.br\/ccivil_03\/leis\/l9394.htm\" target=\"_blank\" rel=\"noreferrer noopener\">Lei de Diretrizes e Bases da Educa\u00e7\u00e3o Nacional (LDB)<\/a>, n\u00ba 9394 de 20 de dezembro de 1996:<\/p>\n\n\n\n<p class=\"wp-block-paragraph\">\u201cEntende-se por <a href=\"https:\/\/www.melhorescola.com.br\/blog\/educacao-inclusiva-direito-de-todos\/\" target=\"_blank\" rel=\"noreferrer noopener\">educa\u00e7\u00e3o especial<\/a>, para os efeitos desta Lei, a modalidade de educa\u00e7\u00e3o escolar oferecida preferencialmente na rede regular de ensino, para educandos com defici\u00eancia, transtornos globais do desenvolvimento e altas habilidades ou superdota\u00e7\u00e3o\u201d.<\/p>\n\n\n\n<p class=\"wp-block-paragraph\">Nesse modelo de educa\u00e7\u00e3o, tanto o planejamento pedag\u00f3gico quanto a infraestrutura da institui\u00e7\u00e3o de ensino precisam ser planejados e adaptados para integrar e realizar<strong> atividades para educa\u00e7\u00e3o especial.&nbsp;<\/strong><\/p>\n\n\n\n<p class=\"wp-block-paragraph\">Al\u00e9m de adaptar o planejamento pedag\u00f3gico e a infraestrutura da escola, \u00e9 essencial que o foco das <strong>\u201catividades educa\u00e7\u00e3o especial\u201d<\/strong> seja promover o desenvolvimento integral e a<a href=\"https:\/\/www.melhorescola.com.br\/artigos\/autismo-nas-escolas-as-escolas-brasileiras-estao-preparadas-para-a-inclusao\" target=\"_blank\" rel=\"noreferrer noopener\"> inclus\u00e3o com os demais alunos<\/a>, respeitando as singularidades de cada um.&nbsp;<\/p>\n\n\n\n<p class=\"wp-block-paragraph\">Isso inclui a utiliza\u00e7\u00e3o de estrat\u00e9gias pedag\u00f3gicas inclusivas, como <strong>recursos multissensoriais e <\/strong><a href=\"https:\/\/www.melhorescola.com.br\/blog\/tecnologia-na-educacao-exemplos\/\" target=\"_blank\" rel=\"noreferrer noopener\"><strong>tecnologias assistivas<\/strong><\/a>. Esses recursos s\u00e3o fundamentais para garantir a participa\u00e7\u00e3o ativa dos alunos com defici\u00eancia nas <strong>\u201catividades educa\u00e7\u00e3o especial\u201d<\/strong> no ambiente escolar.<\/p>\n\n\n\n<h2 class=\"wp-block-heading\">Como trabalhar atividades adaptadas para alunos especiais?<\/h2>\n\n\n\n<p class=\"wp-block-paragraph\">\u00c9 importante enfatizar que na hora de adaptar as atividades para os <a href=\"https:\/\/www.melhorescola.com.br\/blog\/inclusao-escolar\/\" target=\"_blank\" rel=\"noreferrer noopener\">alunos com defici\u00eancia<\/a>, o professor deve considerar as particularidades de cada um, al\u00e9m do perfil geral da turma, garantindo que as \u201c<strong>atividades educa\u00e7\u00e3o especial<\/strong>\u201d sejam ajustadas conforme a necessidade daquele grupo espec\u00edfico.&nbsp;<\/p>\n\n\n\n<p class=\"wp-block-paragraph\">A personaliza\u00e7\u00e3o pode incluir o uso de <strong>atividades para educa\u00e7\u00e3o especial para imprimir<\/strong> ou din\u00e2micas que incluem <strong>recursos visuais, t\u00e1teis e auditivos,<\/strong> al\u00e9m de promover flexibilidade na execu\u00e7\u00e3o das tarefas.&nbsp;<\/p>\n\n\n\n<p class=\"wp-block-paragraph\">O <strong>ambiente tamb\u00e9m precisa ser inclusivo e colaborativo<\/strong>, com aten\u00e7\u00e3o \u00e0 participa\u00e7\u00e3o ativa de todos os estudantes.&nbsp;<\/p>\n\n\n\n<p class=\"wp-block-paragraph\">Al\u00e9m disso, a <strong>comunica\u00e7\u00e3o clara e a valoriza\u00e7\u00e3o das conquistas<\/strong>, mesmo que sutis, s\u00e3o essenciais para motivar o aprendizado cont\u00ednuo do aluno com necessidades especiais.<\/p>\n\n\n\n<p class=\"wp-block-paragraph\">Para trabalhar \u201c<strong>atividades<\/strong> <strong>educa\u00e7\u00e3o especial\u201d<\/strong> o educador deve:&nbsp;<\/p>\n\n\n\n<figure class=\"wp-block-image size-full\"><img decoding=\"async\" width=\"830\" height=\"553\" data-src=\"https:\/\/www.melhorescola.com.br\/blog\/wp-content\/uploads\/2024\/10\/kid-doing-occupational-therapy-s-1-1.jpg\" alt=\"\" class=\"wp-image-24183 lazyload\" data-srcset=\"https:\/\/www.melhorescola.com.br\/blog\/wp-content\/uploads\/2024\/10\/kid-doing-occupational-therapy-s-1-1.jpg 830w, https:\/\/www.melhorescola.com.br\/blog\/wp-content\/uploads\/2024\/10\/kid-doing-occupational-therapy-s-1-1-800x533.jpg 800w, https:\/\/www.melhorescola.com.br\/blog\/wp-content\/uploads\/2024\/10\/kid-doing-occupational-therapy-s-1-1-768x512.jpg 768w\" data-sizes=\"(max-width: 830px) 100vw, 830px\" src=\"data:image\/svg+xml;base64,PHN2ZyB3aWR0aD0iMSIgaGVpZ2h0PSIxIiB4bWxucz0iaHR0cDovL3d3dy53My5vcmcvMjAwMC9zdmciPjwvc3ZnPg==\" style=\"--smush-placeholder-width: 830px; --smush-placeholder-aspect-ratio: 830\/553;\" \/><\/figure>\n\n\n\n<p class=\"wp-block-paragraph\"><strong>1 &#8211; Avaliar as necessidades individuais<\/strong>: entenda as limita\u00e7\u00f5es e habilidades de cada aluno. Converse com os respons\u00e1veis e a equipe de apoio para adaptar atividades espec\u00edficas.<\/p>\n\n\n\n<p class=\"wp-block-paragraph\"><strong>2 &#8211; Utilizar m\u00faltiplas abordagens pedag\u00f3gicas<\/strong>: combine recursos visuais, auditivos e t\u00e1teis para facilitar a compreens\u00e3o e envolvimento dos alunos.<\/p>\n\n\n\n<p class=\"wp-block-paragraph\"><strong>3 &#8211; Promover a inclus\u00e3o<\/strong>: adapte o ambiente para que todos possam participar, sem criar distin\u00e7\u00f5es, incentivando o trabalho colaborativo entre alunos com e sem defici\u00eancia.<\/p>\n\n\n\n<p class=\"wp-block-paragraph\">Como vimos, a chave para inclus\u00e3o \u00e9 garantir que as adapta\u00e7\u00f5es promovam a participa\u00e7\u00e3o ativa e incentivem o aluno a se engajar nas atividades. Al\u00e9m disso, \u00e9 essencial que o professor esteja atento \u00e0s diferentes formas de aprendizado, <strong>ajustando as \u201catividades<\/strong> <strong>educa\u00e7\u00e3o especial\u201d conforme o progresso dos estudantes.<\/strong><\/p>\n\n\n\n<h2 class=\"wp-block-heading\">Quais atividades para educa\u00e7\u00e3o especial?<\/h2>\n\n\n\n<p class=\"wp-block-paragraph\">Incluir atividades que estimulem tanto a cogni\u00e7\u00e3o quanto a intera\u00e7\u00e3o social \u00e9 essencial no contexto da <strong>educa\u00e7\u00e3o especial<\/strong>.&nbsp;<\/p>\n\n\n\n<p class=\"wp-block-paragraph\">Pensando nisso, os professores devem organizar <strong>din\u00e2micas que incentivem o trabalho em grupo e a intera\u00e7\u00e3o<\/strong>, sem segregar ou excluir os que possuem defici\u00eancia. Essa inclus\u00e3o efetiva \u00e9 alcan\u00e7ada por meio de \u201c<strong>atividades educa\u00e7\u00e3o especial\u201d <\/strong>que sejam<strong> <\/strong>compartilhadas e colaborativas.<\/p>\n\n\n\n<p class=\"wp-block-paragraph\">Alguns exemplos de <strong>atividades para educa\u00e7\u00e3o especial<\/strong> incluem o uso de jogos pedag\u00f3gicos adaptados, atividades sensoriais e din\u00e2micas que trabalhem habilidades motoras e sociais.&nbsp;<\/p>\n\n\n\n<h2 class=\"wp-block-heading\">Quais atividades podem ser usadas para alunos com defici\u00eancia?<\/h2>\n\n\n\n<p class=\"wp-block-paragraph\">Al\u00e9m das <strong>atividades para educa\u00e7\u00e3o especial para imprimir <\/strong>que voc\u00ea pode encontrar em diversas plataformas, separamos sete ideias de<strong> atividades educa\u00e7\u00e3o especial <\/strong>&nbsp;para aplicar em sala de aula e apoiar o professor na cria\u00e7\u00e3o de um ambiente inclusivo:&nbsp;<\/p>\n\n\n\n<h3 class=\"wp-block-heading\">1 &#8211; Atividades sensoriais<\/h3>\n\n\n\n<p class=\"wp-block-paragraph\">Usar texturas diferentes, sons e objetos para estimular os sentidos dos alunos \u00e9 fundamental. Algumas sugest\u00f5es incluem:<\/p>\n\n\n\n<figure class=\"wp-block-image size-full\"><img decoding=\"async\" width=\"830\" height=\"553\" data-src=\"https:\/\/www.melhorescola.com.br\/blog\/wp-content\/uploads\/2024\/10\/download-3.jpg\" alt=\"caixa sensorial\" class=\"wp-image-24184 lazyload\" data-srcset=\"https:\/\/www.melhorescola.com.br\/blog\/wp-content\/uploads\/2024\/10\/download-3.jpg 830w, https:\/\/www.melhorescola.com.br\/blog\/wp-content\/uploads\/2024\/10\/download-3-800x533.jpg 800w, https:\/\/www.melhorescola.com.br\/blog\/wp-content\/uploads\/2024\/10\/download-3-768x512.jpg 768w\" data-sizes=\"(max-width: 830px) 100vw, 830px\" src=\"data:image\/svg+xml;base64,PHN2ZyB3aWR0aD0iMSIgaGVpZ2h0PSIxIiB4bWxucz0iaHR0cDovL3d3dy53My5vcmcvMjAwMC9zdmciPjwvc3ZnPg==\" style=\"--smush-placeholder-width: 830px; --smush-placeholder-aspect-ratio: 830\/553;\" \/><\/figure>\n\n\n\n<ul class=\"wp-block-list\">\n<li><strong>Explora\u00e7\u00e3o de texturas:<\/strong> usar materiais variados como papel, tecido e objetos naturais para desenvolver a sensibilidade t\u00e1til.<\/li>\n\n\n\n<li><strong>Caixas sensoriais:<\/strong> criar caixas com diferentes elementos, como areia, arroz e bolinhas de gude, para estimular a explora\u00e7\u00e3o t\u00e1til.<\/li>\n\n\n\n<li><strong>Brincadeiras com sons:<\/strong> utilizar instrumentos musicais ou objetos que fazem ru\u00eddos para ajudar na percep\u00e7\u00e3o auditiva.<\/li>\n\n\n\n<li><strong>Atividades de cheiro:<\/strong> oferecer diferentes fragr\u00e2ncias, como especiarias e flores, para desenvolver o olfato.<\/li>\n<\/ul>\n\n\n\n<p class=\"wp-block-paragraph\">Essas atividades s\u00e3o especialmente eficazes para crian\u00e7as com defici\u00eancia visual ou cognitiva.<\/p>\n\n\n\n<h3 class=\"wp-block-heading\">2 &#8211; Jogos pedag\u00f3gicos adaptados<\/h3>\n\n\n\n<p class=\"wp-block-paragraph\">Os jogos pedag\u00f3gicos adaptados, como jogo da mem\u00f3ria e quebra-cabe\u00e7as com imagens e sons, s\u00e3o excelentes <strong>\u201catividades educa\u00e7\u00e3o especial\u201d<\/strong> para alunos com diferentes tipos de defici\u00eancia. Alguns exemplos incluem:&nbsp;<\/p>\n\n\n\n<figure class=\"wp-block-gallery has-nested-images columns-default is-cropped wp-block-gallery-1 is-layout-flex wp-block-gallery-is-layout-flex\">\n<figure class=\"wp-block-image size-large\"><img decoding=\"async\" width=\"830\" height=\"553\" data-id=\"24185\" data-src=\"https:\/\/www.melhorescola.com.br\/blog\/wp-content\/uploads\/2024\/10\/Atividades-e-Materiais-de-Educac.jpg\" alt=\"jogo da mem\u00f3ria sensorial\" class=\"wp-image-24185 lazyload\" data-srcset=\"https:\/\/www.melhorescola.com.br\/blog\/wp-content\/uploads\/2024\/10\/Atividades-e-Materiais-de-Educac.jpg 830w, https:\/\/www.melhorescola.com.br\/blog\/wp-content\/uploads\/2024\/10\/Atividades-e-Materiais-de-Educac-800x533.jpg 800w, https:\/\/www.melhorescola.com.br\/blog\/wp-content\/uploads\/2024\/10\/Atividades-e-Materiais-de-Educac-768x512.jpg 768w\" data-sizes=\"(max-width: 830px) 100vw, 830px\" src=\"data:image\/svg+xml;base64,PHN2ZyB3aWR0aD0iMSIgaGVpZ2h0PSIxIiB4bWxucz0iaHR0cDovL3d3dy53My5vcmcvMjAwMC9zdmciPjwvc3ZnPg==\" style=\"--smush-placeholder-width: 830px; --smush-placeholder-aspect-ratio: 830\/553;\" \/><\/figure>\n<\/figure>\n\n\n\n<ul class=\"wp-block-list\">\n<li><strong>Jogos de mem\u00f3ria visual ou sonoro:<\/strong> usar cartas com imagens e sons que refor\u00e7am o reconhecimento e a mem\u00f3ria.<\/li>\n\n\n\n<li><strong>Quebra-cabe\u00e7as sonoros:<\/strong> criar quebra-cabe\u00e7as que emitem sons ao serem montados, estimulando a coordena\u00e7\u00e3o motora e a percep\u00e7\u00e3o auditiva.<\/li>\n\n\n\n<li><strong>Jogos de tabuleiro inclusivos:<\/strong> adaptar jogos cl\u00e1ssicos para incluir pe\u00e7as em braille ou com texturas diferentes, permitindo a participa\u00e7\u00e3o de todos.<\/li>\n\n\n\n<li><strong>Atividades de ca\u00e7a ao tesouro:<\/strong> organizar uma ca\u00e7a ao tesouro utilizando pistas em formato visual e auditivo, promovendo a intera\u00e7\u00e3o e a coopera\u00e7\u00e3o entre os alunos.<\/li>\n<\/ul>\n\n\n\n<p class=\"wp-block-paragraph\">Esses jogos ajudam a desenvolver a coordena\u00e7\u00e3o motora e as habilidades cognitivas.<\/p>\n\n\n\n<h3 class=\"wp-block-heading\">3 &#8211; Din\u00e2micas em grupo<\/h3>\n\n\n\n<p class=\"wp-block-paragraph\">Organizar atividades que promovam a intera\u00e7\u00e3o entre todos os alunos \u00e9 fundamental. Algumas sugest\u00f5es incluem:<\/p>\n\n\n\n<figure class=\"wp-block-image size-full\"><img decoding=\"async\" width=\"830\" height=\"553\" data-src=\"https:\/\/www.melhorescola.com.br\/blog\/wp-content\/uploads\/2024\/10\/female-teacher-reading-her-pupil.jpg\" alt=\"din\u00e2micas em grupo\" class=\"wp-image-24186 lazyload\" data-srcset=\"https:\/\/www.melhorescola.com.br\/blog\/wp-content\/uploads\/2024\/10\/female-teacher-reading-her-pupil.jpg 830w, https:\/\/www.melhorescola.com.br\/blog\/wp-content\/uploads\/2024\/10\/female-teacher-reading-her-pupil-800x533.jpg 800w, https:\/\/www.melhorescola.com.br\/blog\/wp-content\/uploads\/2024\/10\/female-teacher-reading-her-pupil-768x512.jpg 768w\" data-sizes=\"(max-width: 830px) 100vw, 830px\" src=\"data:image\/svg+xml;base64,PHN2ZyB3aWR0aD0iMSIgaGVpZ2h0PSIxIiB4bWxucz0iaHR0cDovL3d3dy53My5vcmcvMjAwMC9zdmciPjwvc3ZnPg==\" style=\"--smush-placeholder-width: 830px; --smush-placeholder-aspect-ratio: 830\/553;\" \/><\/figure>\n\n\n\n<ul class=\"wp-block-list\">\n<li><strong>Rodas de conversa:<\/strong> permitem que os alunos compartilhem experi\u00eancias e opini\u00f5es, fortalecendo v\u00ednculos.<\/li>\n\n\n\n<li><strong>Atividades de quebra-gelo:<\/strong> ajudam os alunos a se conhecerem melhor e a criar um ambiente acolhedor.<\/li>\n\n\n\n<li><strong>Conta\u00e7\u00e3o de hist\u00f3rias coletiva:<\/strong> cada aluno pode contribuir com uma parte da narrativa, promovendo a criatividade.<\/li>\n\n\n\n<li><strong>Teatro de fantoches:<\/strong> estimula a comunica\u00e7\u00e3o e a express\u00e3o, permitindo que os alunos se expressem de forma l\u00fadica.<\/li>\n<\/ul>\n\n\n\n<p class=\"wp-block-paragraph\">Essas din\u00e2micas promovem a inclus\u00e3o e fortalecem o respeito m\u00fatuo entre os estudantes.<\/p>\n\n\n\n<h3 class=\"wp-block-heading\">4 &#8211;  Atividades ao ar livre<\/h3>\n\n\n\n<p class=\"wp-block-paragraph\">Organizar <a href=\"https:\/\/www.melhorescola.com.br\/artigos\/dia-das-criancas-faca-brincadeiras-ao-ar-livre\" target=\"_blank\" rel=\"noreferrer noopener\">atividades ao ar livre<\/a> pode ser uma excelente forma de \u201c<strong>atividade educa\u00e7\u00e3o especial\u201d <\/strong>para estimular a inclus\u00e3o. Exemplos incluem:<\/p>\n\n\n\n<figure class=\"wp-block-image size-full is-resized\"><img decoding=\"async\" width=\"830\" height=\"553\" data-src=\"https:\/\/www.melhorescola.com.br\/blog\/wp-content\/uploads\/2024\/10\/Como-fazer-uma-festa-infantil-ao.jpg\" alt=\"\" class=\"wp-image-24188 lazyload\" style=\"--smush-placeholder-width: 830px; --smush-placeholder-aspect-ratio: 830\/553;width:760px;height:auto\" data-srcset=\"https:\/\/www.melhorescola.com.br\/blog\/wp-content\/uploads\/2024\/10\/Como-fazer-uma-festa-infantil-ao.jpg 830w, https:\/\/www.melhorescola.com.br\/blog\/wp-content\/uploads\/2024\/10\/Como-fazer-uma-festa-infantil-ao-800x533.jpg 800w, https:\/\/www.melhorescola.com.br\/blog\/wp-content\/uploads\/2024\/10\/Como-fazer-uma-festa-infantil-ao-768x512.jpg 768w\" data-sizes=\"(max-width: 830px) 100vw, 830px\" src=\"data:image\/svg+xml;base64,PHN2ZyB3aWR0aD0iMSIgaGVpZ2h0PSIxIiB4bWxucz0iaHR0cDovL3d3dy53My5vcmcvMjAwMC9zdmciPjwvc3ZnPg==\" \/><\/figure>\n\n\n\n<ul class=\"wp-block-list\">\n<li><strong>Jogos em equipe:<\/strong> brincadeiras como queimada e cabo de guerra, que promovem a intera\u00e7\u00e3o entre todos os alunos.<\/li>\n\n\n\n<li><strong>Caminhadas educativas:<\/strong> passeios em que os alunos exploram a natureza, aprendendo sobre o meio ambiente.<\/li>\n\n\n\n<li><strong>Atividades art\u00edsticas externas:<\/strong> pintura ao ar livre ou cria\u00e7\u00e3o de arte com materiais da natureza, incentivando a criatividade e a colabora\u00e7\u00e3o.<\/li>\n<\/ul>\n\n\n\n<p class=\"wp-block-paragraph\">Essas atividades promovem habilidades de <strong>trabalho em equipe<\/strong> e <strong>observa\u00e7\u00e3o<\/strong> para <strong>todos os alunos, incluindo aqueles com defici\u00eancias<\/strong>.<\/p>\n\n\n\n<h3 class=\"wp-block-heading\">5 &#8211; Atividades f\u00edsicas adaptadas<\/h3>\n\n\n\n<p class=\"wp-block-paragraph\">As atividades f\u00edsicas ajudam a promover a sa\u00fade e o bem-estar e \u00e9 uma forma de integrar os alunos. Exemplos incluem:<\/p>\n\n\n\n<figure class=\"wp-block-image size-full\"><img decoding=\"async\" width=\"830\" height=\"553\" data-src=\"https:\/\/www.melhorescola.com.br\/blog\/wp-content\/uploads\/2024\/10\/medium-shot-friends-holding-bask.jpg\" alt=\"\" class=\"wp-image-24191 lazyload\" data-srcset=\"https:\/\/www.melhorescola.com.br\/blog\/wp-content\/uploads\/2024\/10\/medium-shot-friends-holding-bask.jpg 830w, https:\/\/www.melhorescola.com.br\/blog\/wp-content\/uploads\/2024\/10\/medium-shot-friends-holding-bask-800x533.jpg 800w, https:\/\/www.melhorescola.com.br\/blog\/wp-content\/uploads\/2024\/10\/medium-shot-friends-holding-bask-768x512.jpg 768w\" data-sizes=\"(max-width: 830px) 100vw, 830px\" src=\"data:image\/svg+xml;base64,PHN2ZyB3aWR0aD0iMSIgaGVpZ2h0PSIxIiB4bWxucz0iaHR0cDovL3d3dy53My5vcmcvMjAwMC9zdmciPjwvc3ZnPg==\" style=\"--smush-placeholder-width: 830px; --smush-placeholder-aspect-ratio: 830\/553;\" \/><\/figure>\n\n\n\n<ul class=\"wp-block-list\">\n<li><strong>Jogos de bola adaptados:<\/strong> organizar jogos que utilizem bolas de diferentes tamanhos e texturas para acomodar as necessidades de todos os alunos.<\/li>\n\n\n\n<li><strong>Circuitos de motricidade:<\/strong> criar circuitos com obst\u00e1culos que os alunos podem atravessar, estimulando a coordena\u00e7\u00e3o e a for\u00e7a f\u00edsica.<\/li>\n\n\n\n<li><strong>Dan\u00e7a inclusiva:<\/strong> promover sess\u00f5es de dan\u00e7a com m\u00fasicas variadas, incentivando a express\u00e3o corporal e a inclus\u00e3o de todos os alunos.<\/li>\n\n\n\n<li><strong>Exerc\u00edcios em grupo:<\/strong> Fazer alongamentos e brincadeiras que incentivem a movimenta\u00e7\u00e3o.<\/li>\n<\/ul>\n\n\n\n<p class=\"wp-block-paragraph\">Essas atividades ajudam a desenvolver habilidades motoras.<\/p>\n\n\n\n<h3 class=\"wp-block-heading\">6 &#8211;  Projetos colaborativos<\/h3>\n\n\n\n<p class=\"wp-block-paragraph\">Os projetos colaborativos s\u00e3o uma forma eficaz de trabalhar em grupo. Exemplos incluem:<\/p>\n\n\n\n<figure class=\"wp-block-image size-full\"><img decoding=\"async\" width=\"830\" height=\"553\" data-src=\"https:\/\/www.melhorescola.com.br\/blog\/wp-content\/uploads\/2024\/10\/download-2-2.jpg\" alt=\"\" class=\"wp-image-24190 lazyload\" data-srcset=\"https:\/\/www.melhorescola.com.br\/blog\/wp-content\/uploads\/2024\/10\/download-2-2.jpg 830w, https:\/\/www.melhorescola.com.br\/blog\/wp-content\/uploads\/2024\/10\/download-2-2-800x533.jpg 800w, https:\/\/www.melhorescola.com.br\/blog\/wp-content\/uploads\/2024\/10\/download-2-2-768x512.jpg 768w\" data-sizes=\"(max-width: 830px) 100vw, 830px\" src=\"data:image\/svg+xml;base64,PHN2ZyB3aWR0aD0iMSIgaGVpZ2h0PSIxIiB4bWxucz0iaHR0cDovL3d3dy53My5vcmcvMjAwMC9zdmciPjwvc3ZnPg==\" style=\"--smush-placeholder-width: 830px; --smush-placeholder-aspect-ratio: 830\/553;\" \/><\/figure>\n\n\n\n<ul class=\"wp-block-list\">\n<li><strong>Jardim inclusivo:<\/strong> criar um jardim em que cada aluno pode contribuir com plantas ou flores, promovendo a coopera\u00e7\u00e3o e a responsabilidade.<\/li>\n\n\n\n<li><strong>Murais coletivos:<\/strong> trabalhar em um mural em que todos os alunos possam adicionar sua arte, simbolizando a uni\u00e3o e a diversidade da turma.<\/li>\n\n\n\n<li><strong>Projetos de pesquisa:<\/strong> dividir a turma em grupos para pesquisar um tema em comum, onde cada aluno pode contribuir com suas habilidades \u00fanicas.<\/li>\n<\/ul>\n\n\n\n<p class=\"wp-block-paragraph\">Esses projetos promovem a colabora\u00e7\u00e3o e o respeito m\u00fatuo entre os alunos.<\/p>\n\n\n\n<h3 class=\"wp-block-heading\">7 &#8211;  Atividades de arte adaptadas<\/h3>\n\n\n\n<p class=\"wp-block-paragraph\">Atividades de arte s\u00e3o uma \u00f3tima maneira de promover a express\u00e3o criativa. Exemplos incluem:<\/p>\n\n\n\n<figure class=\"wp-block-image size-full\"><img decoding=\"async\" width=\"830\" height=\"553\" data-src=\"https:\/\/www.melhorescola.com.br\/blog\/wp-content\/uploads\/2024\/10\/medium-shot-kids-spending-time-s-1.jpg\" alt=\"\" class=\"wp-image-24189 lazyload\" data-srcset=\"https:\/\/www.melhorescola.com.br\/blog\/wp-content\/uploads\/2024\/10\/medium-shot-kids-spending-time-s-1.jpg 830w, https:\/\/www.melhorescola.com.br\/blog\/wp-content\/uploads\/2024\/10\/medium-shot-kids-spending-time-s-1-800x533.jpg 800w, https:\/\/www.melhorescola.com.br\/blog\/wp-content\/uploads\/2024\/10\/medium-shot-kids-spending-time-s-1-768x512.jpg 768w\" data-sizes=\"(max-width: 830px) 100vw, 830px\" src=\"data:image\/svg+xml;base64,PHN2ZyB3aWR0aD0iMSIgaGVpZ2h0PSIxIiB4bWxucz0iaHR0cDovL3d3dy53My5vcmcvMjAwMC9zdmciPjwvc3ZnPg==\" style=\"--smush-placeholder-width: 830px; --smush-placeholder-aspect-ratio: 830\/553;\" \/><\/figure>\n\n\n\n<ul class=\"wp-block-list\">\n<li><strong>Pintura com texturas:<\/strong> usar diferentes materiais, como esponjas ou pinc\u00e9is de diferentes tamanhos, para criar texturas \u00fanicas nas pinturas.<\/li>\n\n\n\n<li><strong>Colagens sensoriais:<\/strong> criar colagens com materiais variados, como papel de diferentes texturas, algod\u00e3o e bot\u00f5es, para estimular o tato.<\/li>\n\n\n\n<li><strong>Modelagem com massinha:<\/strong> trabalhar com massinhas de modelar que possuem diferentes cores e texturas para desenvolver a coordena\u00e7\u00e3o motora.<\/li>\n\n\n\n<li><strong>Oficinas de m\u00fasica:<\/strong> integrar instrumentos musicais que os alunos possam tocar e explorar, promovendo a criatividade musical.<\/li>\n<\/ul>\n\n\n\n<p class=\"wp-block-paragraph\">Essas <strong>atividades de educa\u00e7\u00e3o especial <\/strong>incentivam a coordena\u00e7\u00e3o motora, a criatividade e a intera\u00e7\u00e3o social.&nbsp;<\/p>\n\n\n\n<p class=\"wp-block-paragraph\">E ent\u00e3o, gostou desse conte\u00fado? Compartilhe com outros gestores e educadores que gostariam de saber mais detalhes sobre <strong>atividades de educa\u00e7\u00e3o especial<\/strong>. Leia tamb\u00e9m <a href=\"https:\/\/www.melhorescola.com.br\/blog\/category\/ambiente-escolar\/\" target=\"_blank\" rel=\"noreferrer noopener\">outros artigos<\/a> do nosso blog.&nbsp;<\/p>\n\n\n\n<h2 class=\"wp-block-heading\">Quer atrair mais alunos sem gastar com an\u00fancios?<\/h2>\n\n\n\n<p class=\"wp-block-paragraph\">A <strong>Melhor Escola<\/strong> j\u00e1 ajuda mais de 7 mil gestores a manterem suas salas cheias durante todo o ano. Com a nossa ferramenta, sua institui\u00e7\u00e3o ganha visibilidade para milh\u00f5es de fam\u00edlias em busca de escolas, sem custo de investimento direto.<\/p>\n\n\n\n<p class=\"wp-block-paragraph\"><a href=\"https:\/\/escolas.quero.com\/capte-alunos?utm_source=blog&amp;utm_medium=cta-artigo&amp;utm_campaign=sejaumparceiro\" target=\"_blank\" rel=\"noreferrer noopener\">Fale com um especialista e saiba como captar novos alunos!<\/a><\/p>\n\n\n\n<p class=\"wp-block-paragraph\"><\/p>\n","protected":false},"excerpt":{"rendered":"<p>Em resumo: A educa\u00e7\u00e3o de qualidade \u00e9 garantida a todos por lei, isso inclui as pessoas com defici\u00eancia. No entanto, apesar da garantia legal, muitas&hellip;<\/p>\n","protected":false},"author":27,"featured_media":24182,"comment_status":"open","ping_status":"open","sticky":false,"template":"","format":"standard","meta":{"footnotes":""},"categories":[262],"tags":[],"class_list":["post-24180","post","type-post","status-publish","format-standard","has-post-thumbnail","hentry","category-ambiente-escolar"],"yoast_head":"<!-- This site is optimized with the Yoast SEO plugin v28.4 - https:\/\/yoast.com\/product\/yoast-seo-wordpress\/ -->\n<title>7 ideias de atividades para Educa\u00e7\u00e3o Especial<\/title>\n<meta name=\"description\" content=\"As atividades educa\u00e7\u00e3o especial s\u00e3o essenciais para a inclus\u00e3o. Descubra 7 ideias de atividades adaptadas para trabalhar em sala de aula\" \/>\n<meta name=\"robots\" content=\"index, follow, max-snippet:-1, max-image-preview:large, max-video-preview:-1\" \/>\n<link rel=\"canonical\" href=\"https:\/\/www.melhorescola.com.br\/blog\/atividades-educacao-especial\/\" \/>\n<meta property=\"og:locale\" content=\"pt_BR\" \/>\n<meta property=\"og:type\" content=\"article\" \/>\n<meta property=\"og:title\" content=\"7 ideias de atividades para Educa\u00e7\u00e3o Especial\" \/>\n<meta property=\"og:description\" content=\"As atividades educa\u00e7\u00e3o especial s\u00e3o essenciais para a inclus\u00e3o. Descubra 7 ideias de atividades adaptadas para trabalhar em sala de aula\" \/>\n<meta property=\"og:url\" content=\"https:\/\/www.melhorescola.com.br\/blog\/atividades-educacao-especial\/\" \/>\n<meta property=\"og:site_name\" content=\"Blog do Melhor Escola\" \/>\n<meta property=\"article:published_time\" content=\"2024-10-22T16:26:46+00:00\" \/>\n<meta property=\"article:modified_time\" content=\"2025-11-24T16:57:17+00:00\" \/>\n<meta property=\"og:image\" content=\"https:\/\/www.melhorescola.com.br\/blog\/wp-content\/uploads\/2024\/10\/hands-child-who-smeared-1.jpg\" \/>\n\t<meta property=\"og:image:width\" content=\"830\" \/>\n\t<meta property=\"og:image:height\" content=\"553\" \/>\n\t<meta property=\"og:image:type\" content=\"image\/jpeg\" \/>\n<meta name=\"author\" content=\"Ana Paiva\" \/>\n<meta name=\"twitter:card\" content=\"summary_large_image\" \/>\n<meta name=\"twitter:label1\" content=\"Escrito por\" \/>\n\t<meta name=\"twitter:data1\" content=\"Ana Paiva\" \/>\n\t<meta name=\"twitter:label2\" content=\"Est. tempo de leitura\" \/>\n\t<meta name=\"twitter:data2\" content=\"12 minutos\" \/>\n<script type=\"application\/ld+json\" class=\"yoast-schema-graph\">{\"@context\":\"https:\\\/\\\/schema.org\",\"@graph\":[{\"@type\":\"Article\",\"@id\":\"https:\\\/\\\/www.melhorescola.com.br\\\/blog\\\/atividades-educacao-especial\\\/#article\",\"isPartOf\":{\"@id\":\"https:\\\/\\\/www.melhorescola.com.br\\\/blog\\\/atividades-educacao-especial\\\/\"},\"author\":{\"name\":\"Ana Paiva\",\"@id\":\"https:\\\/\\\/www.melhorescola.com.br\\\/blog\\\/#\\\/schema\\\/person\\\/5de2044c9fde0edd50d6f7cef3a23b5e\"},\"headline\":\"7 ideias de atividades para Educa\u00e7\u00e3o Especial\",\"datePublished\":\"2024-10-22T16:26:46+00:00\",\"dateModified\":\"2025-11-24T16:57:17+00:00\",\"mainEntityOfPage\":{\"@id\":\"https:\\\/\\\/www.melhorescola.com.br\\\/blog\\\/atividades-educacao-especial\\\/\"},\"wordCount\":1853,\"commentCount\":0,\"publisher\":{\"@id\":\"https:\\\/\\\/www.melhorescola.com.br\\\/blog\\\/#organization\"},\"image\":{\"@id\":\"https:\\\/\\\/www.melhorescola.com.br\\\/blog\\\/atividades-educacao-especial\\\/#primaryimage\"},\"thumbnailUrl\":\"https:\\\/\\\/www.melhorescola.com.br\\\/blog\\\/wp-content\\\/uploads\\\/2024\\\/10\\\/hands-child-who-smeared-1.jpg\",\"articleSection\":[\"Ambiente Escolar\"],\"inLanguage\":\"pt-BR\",\"potentialAction\":[{\"@type\":\"CommentAction\",\"name\":\"Comment\",\"target\":[\"https:\\\/\\\/www.melhorescola.com.br\\\/blog\\\/atividades-educacao-especial\\\/#respond\"]}]},{\"@type\":\"WebPage\",\"@id\":\"https:\\\/\\\/www.melhorescola.com.br\\\/blog\\\/atividades-educacao-especial\\\/\",\"url\":\"https:\\\/\\\/www.melhorescola.com.br\\\/blog\\\/atividades-educacao-especial\\\/\",\"name\":\"7 ideias de atividades para Educa\u00e7\u00e3o Especial\",\"isPartOf\":{\"@id\":\"https:\\\/\\\/www.melhorescola.com.br\\\/blog\\\/#website\"},\"primaryImageOfPage\":{\"@id\":\"https:\\\/\\\/www.melhorescola.com.br\\\/blog\\\/atividades-educacao-especial\\\/#primaryimage\"},\"image\":{\"@id\":\"https:\\\/\\\/www.melhorescola.com.br\\\/blog\\\/atividades-educacao-especial\\\/#primaryimage\"},\"thumbnailUrl\":\"https:\\\/\\\/www.melhorescola.com.br\\\/blog\\\/wp-content\\\/uploads\\\/2024\\\/10\\\/hands-child-who-smeared-1.jpg\",\"datePublished\":\"2024-10-22T16:26:46+00:00\",\"dateModified\":\"2025-11-24T16:57:17+00:00\",\"description\":\"As atividades educa\u00e7\u00e3o especial s\u00e3o essenciais para a inclus\u00e3o. Descubra 7 ideias de atividades adaptadas para trabalhar em sala de aula\",\"breadcrumb\":{\"@id\":\"https:\\\/\\\/www.melhorescola.com.br\\\/blog\\\/atividades-educacao-especial\\\/#breadcrumb\"},\"inLanguage\":\"pt-BR\",\"potentialAction\":[{\"@type\":\"ReadAction\",\"target\":[\"https:\\\/\\\/www.melhorescola.com.br\\\/blog\\\/atividades-educacao-especial\\\/\"]}]},{\"@type\":\"ImageObject\",\"inLanguage\":\"pt-BR\",\"@id\":\"https:\\\/\\\/www.melhorescola.com.br\\\/blog\\\/atividades-educacao-especial\\\/#primaryimage\",\"url\":\"https:\\\/\\\/www.melhorescola.com.br\\\/blog\\\/wp-content\\\/uploads\\\/2024\\\/10\\\/hands-child-who-smeared-1.jpg\",\"contentUrl\":\"https:\\\/\\\/www.melhorescola.com.br\\\/blog\\\/wp-content\\\/uploads\\\/2024\\\/10\\\/hands-child-who-smeared-1.jpg\",\"width\":830,\"height\":553,\"caption\":\"The hands of the child who smeared on the gray background.\"},{\"@type\":\"BreadcrumbList\",\"@id\":\"https:\\\/\\\/www.melhorescola.com.br\\\/blog\\\/atividades-educacao-especial\\\/#breadcrumb\",\"itemListElement\":[{\"@type\":\"ListItem\",\"position\":1,\"name\":\"In\u00edcio\",\"item\":\"https:\\\/\\\/www.melhorescola.com.br\\\/blog\\\/\"},{\"@type\":\"ListItem\",\"position\":2,\"name\":\"7 ideias de atividades para Educa\u00e7\u00e3o Especial\"}]},{\"@type\":\"WebSite\",\"@id\":\"https:\\\/\\\/www.melhorescola.com.br\\\/blog\\\/#website\",\"url\":\"https:\\\/\\\/www.melhorescola.com.br\\\/blog\\\/\",\"name\":\"Blog do Melhor Escola\",\"description\":\"Veja conte\u00fados sobre capta\u00e7\u00e3o de alunos, gest\u00e3o escolar, marketing educacional, universo pedag\u00f3gico e muito mais!\",\"publisher\":{\"@id\":\"https:\\\/\\\/www.melhorescola.com.br\\\/blog\\\/#organization\"},\"potentialAction\":[{\"@type\":\"SearchAction\",\"target\":{\"@type\":\"EntryPoint\",\"urlTemplate\":\"https:\\\/\\\/www.melhorescola.com.br\\\/blog\\\/?s={search_term_string}\"},\"query-input\":{\"@type\":\"PropertyValueSpecification\",\"valueRequired\":true,\"valueName\":\"search_term_string\"}}],\"inLanguage\":\"pt-BR\"},{\"@type\":\"Organization\",\"@id\":\"https:\\\/\\\/www.melhorescola.com.br\\\/blog\\\/#organization\",\"name\":\"Melhor Escola B2B\",\"url\":\"https:\\\/\\\/www.melhorescola.com.br\\\/blog\\\/\",\"logo\":{\"@type\":\"ImageObject\",\"inLanguage\":\"pt-BR\",\"@id\":\"https:\\\/\\\/www.melhorescola.com.br\\\/blog\\\/#\\\/schema\\\/logo\\\/image\\\/\",\"url\":\"https:\\\/\\\/www.melhorescola.com.br\\\/blog\\\/wp-content\\\/uploads\\\/2024\\\/06\\\/images-removebg-preview-2.png\",\"contentUrl\":\"https:\\\/\\\/www.melhorescola.com.br\\\/blog\\\/wp-content\\\/uploads\\\/2024\\\/06\\\/images-removebg-preview-2.png\",\"width\":148,\"height\":148,\"caption\":\"Melhor Escola B2B\"},\"image\":{\"@id\":\"https:\\\/\\\/www.melhorescola.com.br\\\/blog\\\/#\\\/schema\\\/logo\\\/image\\\/\"}},{\"@type\":\"Person\",\"@id\":\"https:\\\/\\\/www.melhorescola.com.br\\\/blog\\\/#\\\/schema\\\/person\\\/5de2044c9fde0edd50d6f7cef3a23b5e\",\"name\":\"Ana Paiva\",\"image\":{\"@type\":\"ImageObject\",\"inLanguage\":\"pt-BR\",\"@id\":\"https:\\\/\\\/secure.gravatar.com\\\/avatar\\\/5733257f78af208ff1acf8031ec53d9032333f2e3847994a6f25fca799f29f1a?s=96&d=mm&r=g\",\"url\":\"https:\\\/\\\/secure.gravatar.com\\\/avatar\\\/5733257f78af208ff1acf8031ec53d9032333f2e3847994a6f25fca799f29f1a?s=96&d=mm&r=g\",\"contentUrl\":\"https:\\\/\\\/secure.gravatar.com\\\/avatar\\\/5733257f78af208ff1acf8031ec53d9032333f2e3847994a6f25fca799f29f1a?s=96&d=mm&r=g\",\"caption\":\"Ana Paiva\"},\"url\":\"https:\\\/\\\/www.melhorescola.com.br\\\/blog\\\/author\\\/ana-beatriz\\\/\"}]}<\/script>\n<!-- \/ Yoast SEO plugin. -->","yoast_head_json":{"title":"7 ideias de atividades para Educa\u00e7\u00e3o Especial","description":"As atividades educa\u00e7\u00e3o especial s\u00e3o essenciais para a inclus\u00e3o. Descubra 7 ideias de atividades adaptadas para trabalhar em sala de aula","robots":{"index":"index","follow":"follow","max-snippet":"max-snippet:-1","max-image-preview":"max-image-preview:large","max-video-preview":"max-video-preview:-1"},"canonical":"https:\/\/www.melhorescola.com.br\/blog\/atividades-educacao-especial\/","og_locale":"pt_BR","og_type":"article","og_title":"7 ideias de atividades para Educa\u00e7\u00e3o Especial","og_description":"As atividades educa\u00e7\u00e3o especial s\u00e3o essenciais para a inclus\u00e3o. Descubra 7 ideias de atividades adaptadas para trabalhar em sala de aula","og_url":"https:\/\/www.melhorescola.com.br\/blog\/atividades-educacao-especial\/","og_site_name":"Blog do Melhor Escola","article_published_time":"2024-10-22T16:26:46+00:00","article_modified_time":"2025-11-24T16:57:17+00:00","og_image":[{"width":830,"height":553,"url":"https:\/\/www.melhorescola.com.br\/blog\/wp-content\/uploads\/2024\/10\/hands-child-who-smeared-1.jpg","type":"image\/jpeg"}],"author":"Ana Paiva","twitter_card":"summary_large_image","twitter_misc":{"Escrito por":"Ana Paiva","Est. tempo de leitura":"12 minutos"},"schema":{"@context":"https:\/\/schema.org","@graph":[{"@type":"Article","@id":"https:\/\/www.melhorescola.com.br\/blog\/atividades-educacao-especial\/#article","isPartOf":{"@id":"https:\/\/www.melhorescola.com.br\/blog\/atividades-educacao-especial\/"},"author":{"name":"Ana Paiva","@id":"https:\/\/www.melhorescola.com.br\/blog\/#\/schema\/person\/5de2044c9fde0edd50d6f7cef3a23b5e"},"headline":"7 ideias de atividades para Educa\u00e7\u00e3o Especial","datePublished":"2024-10-22T16:26:46+00:00","dateModified":"2025-11-24T16:57:17+00:00","mainEntityOfPage":{"@id":"https:\/\/www.melhorescola.com.br\/blog\/atividades-educacao-especial\/"},"wordCount":1853,"commentCount":0,"publisher":{"@id":"https:\/\/www.melhorescola.com.br\/blog\/#organization"},"image":{"@id":"https:\/\/www.melhorescola.com.br\/blog\/atividades-educacao-especial\/#primaryimage"},"thumbnailUrl":"https:\/\/www.melhorescola.com.br\/blog\/wp-content\/uploads\/2024\/10\/hands-child-who-smeared-1.jpg","articleSection":["Ambiente Escolar"],"inLanguage":"pt-BR","potentialAction":[{"@type":"CommentAction","name":"Comment","target":["https:\/\/www.melhorescola.com.br\/blog\/atividades-educacao-especial\/#respond"]}]},{"@type":"WebPage","@id":"https:\/\/www.melhorescola.com.br\/blog\/atividades-educacao-especial\/","url":"https:\/\/www.melhorescola.com.br\/blog\/atividades-educacao-especial\/","name":"7 ideias de atividades para Educa\u00e7\u00e3o Especial","isPartOf":{"@id":"https:\/\/www.melhorescola.com.br\/blog\/#website"},"primaryImageOfPage":{"@id":"https:\/\/www.melhorescola.com.br\/blog\/atividades-educacao-especial\/#primaryimage"},"image":{"@id":"https:\/\/www.melhorescola.com.br\/blog\/atividades-educacao-especial\/#primaryimage"},"thumbnailUrl":"https:\/\/www.melhorescola.com.br\/blog\/wp-content\/uploads\/2024\/10\/hands-child-who-smeared-1.jpg","datePublished":"2024-10-22T16:26:46+00:00","dateModified":"2025-11-24T16:57:17+00:00","description":"As atividades educa\u00e7\u00e3o especial s\u00e3o essenciais para a inclus\u00e3o. Descubra 7 ideias de atividades adaptadas para trabalhar em sala de aula","breadcrumb":{"@id":"https:\/\/www.melhorescola.com.br\/blog\/atividades-educacao-especial\/#breadcrumb"},"inLanguage":"pt-BR","potentialAction":[{"@type":"ReadAction","target":["https:\/\/www.melhorescola.com.br\/blog\/atividades-educacao-especial\/"]}]},{"@type":"ImageObject","inLanguage":"pt-BR","@id":"https:\/\/www.melhorescola.com.br\/blog\/atividades-educacao-especial\/#primaryimage","url":"https:\/\/www.melhorescola.com.br\/blog\/wp-content\/uploads\/2024\/10\/hands-child-who-smeared-1.jpg","contentUrl":"https:\/\/www.melhorescola.com.br\/blog\/wp-content\/uploads\/2024\/10\/hands-child-who-smeared-1.jpg","width":830,"height":553,"caption":"The hands of the child who smeared on the gray background."},{"@type":"BreadcrumbList","@id":"https:\/\/www.melhorescola.com.br\/blog\/atividades-educacao-especial\/#breadcrumb","itemListElement":[{"@type":"ListItem","position":1,"name":"In\u00edcio","item":"https:\/\/www.melhorescola.com.br\/blog\/"},{"@type":"ListItem","position":2,"name":"7 ideias de atividades para Educa\u00e7\u00e3o Especial"}]},{"@type":"WebSite","@id":"https:\/\/www.melhorescola.com.br\/blog\/#website","url":"https:\/\/www.melhorescola.com.br\/blog\/","name":"Blog do Melhor Escola","description":"Veja conte\u00fados sobre capta\u00e7\u00e3o de alunos, gest\u00e3o escolar, marketing educacional, universo pedag\u00f3gico e muito mais!","publisher":{"@id":"https:\/\/www.melhorescola.com.br\/blog\/#organization"},"potentialAction":[{"@type":"SearchAction","target":{"@type":"EntryPoint","urlTemplate":"https:\/\/www.melhorescola.com.br\/blog\/?s={search_term_string}"},"query-input":{"@type":"PropertyValueSpecification","valueRequired":true,"valueName":"search_term_string"}}],"inLanguage":"pt-BR"},{"@type":"Organization","@id":"https:\/\/www.melhorescola.com.br\/blog\/#organization","name":"Melhor Escola B2B","url":"https:\/\/www.melhorescola.com.br\/blog\/","logo":{"@type":"ImageObject","inLanguage":"pt-BR","@id":"https:\/\/www.melhorescola.com.br\/blog\/#\/schema\/logo\/image\/","url":"https:\/\/www.melhorescola.com.br\/blog\/wp-content\/uploads\/2024\/06\/images-removebg-preview-2.png","contentUrl":"https:\/\/www.melhorescola.com.br\/blog\/wp-content\/uploads\/2024\/06\/images-removebg-preview-2.png","width":148,"height":148,"caption":"Melhor Escola B2B"},"image":{"@id":"https:\/\/www.melhorescola.com.br\/blog\/#\/schema\/logo\/image\/"}},{"@type":"Person","@id":"https:\/\/www.melhorescola.com.br\/blog\/#\/schema\/person\/5de2044c9fde0edd50d6f7cef3a23b5e","name":"Ana Paiva","image":{"@type":"ImageObject","inLanguage":"pt-BR","@id":"https:\/\/secure.gravatar.com\/avatar\/5733257f78af208ff1acf8031ec53d9032333f2e3847994a6f25fca799f29f1a?s=96&d=mm&r=g","url":"https:\/\/secure.gravatar.com\/avatar\/5733257f78af208ff1acf8031ec53d9032333f2e3847994a6f25fca799f29f1a?s=96&d=mm&r=g","contentUrl":"https:\/\/secure.gravatar.com\/avatar\/5733257f78af208ff1acf8031ec53d9032333f2e3847994a6f25fca799f29f1a?s=96&d=mm&r=g","caption":"Ana Paiva"},"url":"https:\/\/www.melhorescola.com.br\/blog\/author\/ana-beatriz\/"}]}},"_links":{"self":[{"href":"https:\/\/www.melhorescola.com.br\/blog\/wp-json\/wp\/v2\/posts\/24180","targetHints":{"allow":["GET"]}}],"collection":[{"href":"https:\/\/www.melhorescola.com.br\/blog\/wp-json\/wp\/v2\/posts"}],"about":[{"href":"https:\/\/www.melhorescola.com.br\/blog\/wp-json\/wp\/v2\/types\/post"}],"author":[{"embeddable":true,"href":"https:\/\/www.melhorescola.com.br\/blog\/wp-json\/wp\/v2\/users\/27"}],"replies":[{"embeddable":true,"href":"https:\/\/www.melhorescola.com.br\/blog\/wp-json\/wp\/v2\/comments?post=24180"}],"version-history":[{"count":6,"href":"https:\/\/www.melhorescola.com.br\/blog\/wp-json\/wp\/v2\/posts\/24180\/revisions"}],"predecessor-version":[{"id":25005,"href":"https:\/\/www.melhorescola.com.br\/blog\/wp-json\/wp\/v2\/posts\/24180\/revisions\/25005"}],"wp:featuredmedia":[{"embeddable":true,"href":"https:\/\/www.melhorescola.com.br\/blog\/wp-json\/wp\/v2\/media\/24182"}],"wp:attachment":[{"href":"https:\/\/www.melhorescola.com.br\/blog\/wp-json\/wp\/v2\/media?parent=24180"}],"wp:term":[{"taxonomy":"category","embeddable":true,"href":"https:\/\/www.melhorescola.com.br\/blog\/wp-json\/wp\/v2\/categories?post=24180"},{"taxonomy":"post_tag","embeddable":true,"href":"https:\/\/www.melhorescola.com.br\/blog\/wp-json\/wp\/v2\/tags?post=24180"}],"curies":[{"name":"wp","href":"https:\/\/api.w.org\/{rel}","templated":true}]}}