{"id":23444,"date":"2024-07-02T16:40:50","date_gmt":"2024-07-02T19:40:50","guid":{"rendered":"https:\/\/www.melhorescola.com.br\/blog\/?p=23444"},"modified":"2024-07-02T16:40:51","modified_gmt":"2024-07-02T19:40:51","slug":"inclusao-escolar","status":"publish","type":"post","link":"https:\/\/www.melhorescola.com.br\/blog\/inclusao-escolar\/","title":{"rendered":"Inclus\u00e3o escolar: entenda os desafios e as vantagens"},"content":{"rendered":"\n<p>A<strong> inclus\u00e3o escolar <\/strong>\u00e9 um tema que precisa estar constantemente no radar de diretores e coordenadores para garantir um ambiente educacional cada vez mais democr\u00e1tico. Isso inclui, entre outras coisas, seguir as diretrizes estabelecidas pelo Minist\u00e9rio da Educa\u00e7\u00e3o e combater o preconceito.\u00a0<\/p>\n\n\n\n<p>+ <a href=\"https:\/\/conteudo.melhorescola.com.br\/capte-alunos\" target=\"_blank\" rel=\"noreferrer noopener\">Saiba como captar mais alunos de forma org\u00e2nica e gratuita<\/a><\/p>\n\n\n\n<p>Muito mais do que isso, \u00e9 essencial conscientizar professores e respons\u00e1veis, adotar boas pr\u00e1ticas e eliminar as barreiras que atrapalham o processo de aprendizagem.\u00a0<\/p>\n\n\n\n<p>Nesse artigo voc\u00ea vai ver:\u00a0<\/p>\n\n\n\n<ul class=\"wp-block-list\">\n<li>O que \u00e9 i<strong>nclus\u00e3o escolar<\/strong>?<\/li>\n\n\n\n<li>Os desafios da <strong>inclus\u00e3o escolar <\/strong>no Brasil<\/li>\n\n\n\n<li>Qual o papel do diretor para a inclus\u00e3o nas escolas?<\/li>\n\n\n\n<li>Inclus\u00e3o escolar: criando um ambiente justo e acolhedor na escola<\/li>\n<\/ul>\n\n\n\n<h2 class=\"wp-block-heading\">O que \u00e9 inclus\u00e3o escolar?<\/h2>\n\n\n\n<p>Em linhas gerais, podemos entender o conceito de<strong> inclus\u00e3o escolar <\/strong>como o direito que todo cidad\u00e3o tem de frequentar as institui\u00e7\u00f5es de ensino, independentemente das suas diferen\u00e7as, particularidades ou limita\u00e7\u00f5es.\u00a0<\/p>\n\n\n\n<p>Ou seja, \u00e9 extremamente proibido que os col\u00e9gios fa\u00e7am qualquer tipo de distin\u00e7\u00e3o entre os estudantes, seja pela cor da pele, condi\u00e7\u00e3o social, g\u00eanero ou defici\u00eancia. Todas as crian\u00e7as devem receber o mesmo acesso e ter uma conviv\u00eancia igualit\u00e1ria nas escolas.\u00a0<\/p>\n\n\n\n<h2 class=\"wp-block-heading\">Os desafios da inclus\u00e3o escolar no Brasil<\/h2>\n\n\n\n<p>De acordo com a Constitui\u00e7\u00e3o brasileira, de 1988, \u00e9 dever do Estado garantir a <a href=\"https:\/\/www.melhorescola.com.br\/blog\/educacao-especial\/\" target=\"_blank\" rel=\"noreferrer noopener\">educa\u00e7\u00e3o especial aos alunos<\/a> com defici\u00eancia f\u00edsicas ou motoras. Al\u00e9m disso, a Lei de Diretrizes e Bases da Educa\u00e7\u00e3o Nacional (LDB) n\u00ba 9.394\/1996 determina que os alunos com defici\u00eancia t\u00eam direito a atendimento educacional especializado, preferencialmente na rede regular de ensino. Vale lembrar que as escolas n\u00e3o podem, em hip\u00f3tese alguma, cobrar a mais por isso.<\/p>\n\n\n\n<p>Nesse contexto, um dos maiores desafios enfrentados pelas escolas na <strong>inclus\u00e3o escolar<\/strong> \u00e9 a necessidade de capacita\u00e7\u00e3o dos professores para lidarem de forma eficaz com as diferentes necessidades dos alunos da educa\u00e7\u00e3o especial, entre elas:\u00a0<\/p>\n\n\n\n<ul class=\"wp-block-list\">\n<li>Defici\u00eancias f\u00edsicas ou motoras;<\/li>\n\n\n\n<li>Altas habilidades;<\/li>\n\n\n\n<li>D\u00e9ficits cognitivos;<\/li>\n\n\n\n<li>Autismos;<\/li>\n\n\n\n<li>E outras condi\u00e7\u00f5es relacionadas a quest\u00f5es sociais, emocionais e ps\u00edquicas dos estudantes.<\/li>\n<\/ul>\n\n\n\n<p>A escassez de recursos tamb\u00e9m dificulta a supera\u00e7\u00e3o dos obst\u00e1culos para a <strong>inclus\u00e3o escolar<\/strong>, assim como a alta de acessibilidade e a discrimina\u00e7\u00e3o das outras pessoas. Outra tarefa complexa \u00e9 a adapta\u00e7\u00e3o curricular para atender \u00e0s <a href=\"https:\/\/www.melhorescola.com.br\/blog\/dificuldade-de-aprendizagem\/\" target=\"_blank\" rel=\"noreferrer noopener\">necessidades individuais de cada estudante<\/a>, garantindo um ensino de excel\u00eancia e acolhedor.\u00a0<\/p>\n\n\n\n<h2 class=\"wp-block-heading\">Qual o papel do diretor para a inclus\u00e3o nas escolas?<\/h2>\n\n\n\n<p>O diretor tem um papel crucial na ado\u00e7\u00e3o de pr\u00e1ticas e pol\u00edticas de <strong>inclus\u00e3o escolar.<\/strong> Ele deve atuar de forma integrada, envolvendo a equipe e as fam\u00edlias nesse trabalho. Ao fomentar uma <a href=\"https:\/\/www.melhorescola.com.br\/blog\/educacao-antirracista\/\" target=\"_blank\" rel=\"noreferrer noopener\">cultura inclusiva dentro da escola<\/a>, o diretor fortalece a comunidade escolar como um todo e ainda prepara os alunos para a vida em sociedade.<\/p>\n\n\n\n<p>Sabemos que a <strong>inclus\u00e3o escolar <\/strong>\u00e9 um desafio complexo e cheio de dificuldades. No entanto, um ambiente mais inclusivo nas escolas \u00e9 fundamental para <a href=\"https:\/\/www.melhorescola.com.br\/blog\/bullying-na-escola\/\" target=\"_blank\" rel=\"noreferrer noopener\">combater o bullying<\/a>, a exclus\u00e3o social e ainda ensinar \u00e0s crian\u00e7as sobre o respeito ao pr\u00f3ximo.\u00a0\u00a0<\/p>\n\n\n\n<p>Al\u00e9m de estabelecer um curr\u00edculo adaptado e estrat\u00e9gias pedag\u00f3gicas inclusivas, o gestor escolar tamb\u00e9m deve <a href=\"https:\/\/www.melhorescola.com.br\/blog\/capacitacao-continuada-de-professores-como-fazer\/\" target=\"_blank\" rel=\"noreferrer noopener\">investir na forma\u00e7\u00e3o cont\u00ednua da equipe<\/a>, no monitoramento do progresso dos alunos e na cria\u00e7\u00e3o de um ambiente seguro onde cada estudante se sinta valorizado e respeitado.\u00a0<\/p>\n\n\n\n<p><strong>Veja dicas para aplicar a inclus\u00e3o no ambiente escolar:<\/strong><\/p>\n\n\n\n<p><strong>Programas de mentoria:<\/strong> Estabelecer programas de mentoria entre alunos mais experientes e aqueles que precisam de apoio adicional, promovendo a integra\u00e7\u00e3o e o desenvolvimento pessoal.<\/p>\n\n\n\n<p><strong>Salas de aula multin\u00edvel: <\/strong>Criar salas de aula onde alunos com habilidades e n\u00edveis diferentes possam aprender juntos, adaptando o ensino para atender \u00e0s necessidades individuais de cada aluno.<\/p>\n\n\n\n<p><strong>Grupos de trabalho diversificados:<\/strong> Promover grupos de trabalho diversificados, em que alunos com diferentes habilidades e experi\u00eancias colaboram em projetos educativos e sociais.<\/p>\n\n\n\n<p><strong>Atividades extracurriculares inclusivas:<\/strong> Oferecer uma variedade de <a href=\"https:\/\/www.melhorescola.com.br\/blog\/atividades-extraclasse\/\" target=\"_blank\" rel=\"noreferrer noopener\">atividades extracurriculares<\/a> que sejam acess\u00edveis e acolhedoras para todos os alunos, independentemente de suas habilidades f\u00edsicas ou cognitivas \u00e9 uma \u00f3tima maneira de contribuir para a <strong>inclus\u00e3o escolar.<\/strong>\u00a0<\/p>\n\n\n\n<p><strong>Campanhas de conscientiza\u00e7\u00e3o:<\/strong> Realizar campanhas regulares de conscientiza\u00e7\u00e3o sobre diversidade, inclus\u00e3o e respeito m\u00fatuo para toda a comunidade escolar.<\/p>\n\n\n\n<figure class=\"wp-block-image size-full\"><img fetchpriority=\"high\" decoding=\"async\" width=\"830\" height=\"553\" src=\"https:\/\/www.melhorescola.com.br\/blog\/wp-content\/uploads\/2024\/07\/inclusao-escolar2-1.jpg\" alt=\"inclus\u00e3o escolar\" class=\"wp-image-23445\" srcset=\"https:\/\/www.melhorescola.com.br\/blog\/wp-content\/uploads\/2024\/07\/inclusao-escolar2-1.jpg 830w, https:\/\/www.melhorescola.com.br\/blog\/wp-content\/uploads\/2024\/07\/inclusao-escolar2-1-800x533.jpg 800w, https:\/\/www.melhorescola.com.br\/blog\/wp-content\/uploads\/2024\/07\/inclusao-escolar2-1-768x512.jpg 768w\" sizes=\"(max-width: 830px) 100vw, 830px\" \/><\/figure>\n\n\n\n<p><strong>Treinamento para professores: <\/strong>Fornecer treinamento cont\u00ednuo para professores em estrat\u00e9gias pedag\u00f3gicas inclusivas, adapta\u00e7\u00f5es curriculares, cursos, workshops e gest\u00e3o de salas de aula diversificadas.<\/p>\n\n\n\n<p><strong>Ambientes f\u00edsicos acess\u00edveis: <\/strong>Garantir que as instala\u00e7\u00f5es f\u00edsicas da escola sejam projetadas para serem acess\u00edveis a alunos com diferentes tipos de defici\u00eancia.<\/p>\n\n\n\n<p><strong>Eventos culturais e educativos:<\/strong> Organizar eventos que celebrem a diversidade cultural, \u00e9tnica e lingu\u00edstica, permitindo que os alunos compartilhem suas origens e aprendam uns com os outros.<\/p>\n\n\n\n<p><strong>Conselhos estudantis inclusivos: <\/strong>Incentivar a participa\u00e7\u00e3o de alunos com defici\u00eancia e necessidades especiais em conselhos estudantis e atividades de lideran\u00e7a escolar.<\/p>\n\n\n\n<p><strong>Apoio emocional e social: <\/strong>Implementar programas de <a href=\"https:\/\/www.melhorescola.com.br\/blog\/violencia-em-escolas-como-ajudar-na-saude-emocional-dos-alunos\/\" target=\"_blank\" rel=\"noreferrer noopener\">apoio emocional <\/a>e social que ajudem os alunos a desenvolver habilidades sociais e a lidar com desafios pessoais dentro e fora da escola.<\/p>\n\n\n\n<h2 class=\"wp-block-heading\">Inclus\u00e3o escolar: criando um ambiente justo e acolhedor na escola<\/h2>\n\n\n\n<p>A <strong>inclus\u00e3o escolar <\/strong>\u00e9 essencial para criar um ambiente educacional justo e acolhedor, no qual todas as crian\u00e7as, independentemente de suas diferen\u00e7as, possam aprender e crescer juntas.\u00a0<\/p>\n\n\n\n<p>Promover pr\u00e1ticas inclusivas n\u00e3o s\u00f3 cumpre diretrizes legais, mas transforma a escola em um espa\u00e7o de respeito e valoriza\u00e7\u00e3o de cada aluno. Capacitar professores, adaptar curr\u00edculos e implementar programas de apoio emocional s\u00e3o fundamentais para superar desafios e garantir uma educa\u00e7\u00e3o de qualidade para todos. Ao fomentar uma cultura de <strong>inclus\u00e3o escolar,<\/strong> as escolas preparam os alunos para uma sociedade baseada na empatia e no respeito m\u00fatuo.<\/p>\n\n\n\n<p>E ent\u00e3o, gostou desse conte\u00fado? Compartilhe com outros educadores que queiram saber mais detalhes sobre<strong> inclus\u00e3o escolar<\/strong>. Aproveite e leia outros conte\u00fados do nosso blog.<\/p>\n","protected":false},"excerpt":{"rendered":"<p>A inclus\u00e3o escolar \u00e9 um tema que precisa estar constantemente no radar de diretores e coordenadores para garantir um ambiente educacional cada vez mais democr\u00e1tico.&hellip;<\/p>\n","protected":false},"author":1,"featured_media":23446,"comment_status":"open","ping_status":"open","sticky":false,"template":"","format":"standard","meta":{"footnotes":""},"categories":[262],"tags":[],"class_list":["post-23444","post","type-post","status-publish","format-standard","has-post-thumbnail","hentry","category-ambiente-escolar"],"yoast_head":"<!-- This site is optimized with the Yoast SEO plugin v27.5 - https:\/\/yoast.com\/product\/yoast-seo-wordpress\/ -->\n<title>Inclus\u00e3o escolar: entenda os desafios e as vantagens<\/title>\n<meta name=\"description\" content=\"A inclus\u00e3o escolar \u00e9 essencial para criar um ambiente justo e acolhedor. Entenda a import\u00e2ncia de aplicar pr\u00e1ticas inclusivas na escola.\" \/>\n<meta name=\"robots\" content=\"index, follow, max-snippet:-1, max-image-preview:large, max-video-preview:-1\" \/>\n<link rel=\"canonical\" href=\"https:\/\/www.melhorescola.com.br\/blog\/inclusao-escolar\/\" \/>\n<meta property=\"og:locale\" content=\"pt_BR\" \/>\n<meta property=\"og:type\" content=\"article\" \/>\n<meta property=\"og:title\" content=\"Inclus\u00e3o escolar: entenda os desafios e as vantagens\" \/>\n<meta property=\"og:description\" content=\"A inclus\u00e3o escolar \u00e9 essencial para criar um ambiente justo e acolhedor. Entenda a import\u00e2ncia de aplicar pr\u00e1ticas inclusivas na escola.\" \/>\n<meta property=\"og:url\" content=\"https:\/\/www.melhorescola.com.br\/blog\/inclusao-escolar\/\" \/>\n<meta property=\"og:site_name\" content=\"Blog do Melhor Escola\" \/>\n<meta property=\"article:published_time\" content=\"2024-07-02T19:40:50+00:00\" \/>\n<meta property=\"article:modified_time\" content=\"2024-07-02T19:40:51+00:00\" \/>\n<meta property=\"og:image\" content=\"https:\/\/www.melhorescola.com.br\/blog\/wp-content\/uploads\/2024\/07\/inclusao-escolar-1.jpg\" \/>\n\t<meta property=\"og:image:width\" content=\"830\" \/>\n\t<meta property=\"og:image:height\" content=\"553\" \/>\n\t<meta property=\"og:image:type\" content=\"image\/jpeg\" \/>\n<meta name=\"author\" content=\"Equipe Melhor Escola\" \/>\n<meta name=\"twitter:card\" content=\"summary_large_image\" \/>\n<meta name=\"twitter:label1\" content=\"Escrito por\" \/>\n\t<meta name=\"twitter:data1\" content=\"Equipe Melhor Escola\" \/>\n\t<meta name=\"twitter:label2\" content=\"Est. tempo de leitura\" \/>\n\t<meta name=\"twitter:data2\" content=\"5 minutos\" \/>\n<script type=\"application\/ld+json\" class=\"yoast-schema-graph\">{\"@context\":\"https:\\\/\\\/schema.org\",\"@graph\":[{\"@type\":\"Article\",\"@id\":\"https:\\\/\\\/www.melhorescola.com.br\\\/blog\\\/inclusao-escolar\\\/#article\",\"isPartOf\":{\"@id\":\"https:\\\/\\\/www.melhorescola.com.br\\\/blog\\\/inclusao-escolar\\\/\"},\"author\":{\"name\":\"Equipe Melhor Escola\",\"@id\":\"https:\\\/\\\/www.melhorescola.com.br\\\/blog\\\/#\\\/schema\\\/person\\\/69f6bcf370e4d691499bb39773ead514\"},\"headline\":\"Inclus\u00e3o escolar: entenda os desafios e as vantagens\",\"datePublished\":\"2024-07-02T19:40:50+00:00\",\"dateModified\":\"2024-07-02T19:40:51+00:00\",\"mainEntityOfPage\":{\"@id\":\"https:\\\/\\\/www.melhorescola.com.br\\\/blog\\\/inclusao-escolar\\\/\"},\"wordCount\":1032,\"commentCount\":0,\"publisher\":{\"@id\":\"https:\\\/\\\/www.melhorescola.com.br\\\/blog\\\/#organization\"},\"image\":{\"@id\":\"https:\\\/\\\/www.melhorescola.com.br\\\/blog\\\/inclusao-escolar\\\/#primaryimage\"},\"thumbnailUrl\":\"https:\\\/\\\/www.melhorescola.com.br\\\/blog\\\/wp-content\\\/uploads\\\/2024\\\/07\\\/inclusao-escolar-1.jpg\",\"articleSection\":[\"Ambiente Escolar\"],\"inLanguage\":\"pt-BR\",\"potentialAction\":[{\"@type\":\"CommentAction\",\"name\":\"Comment\",\"target\":[\"https:\\\/\\\/www.melhorescola.com.br\\\/blog\\\/inclusao-escolar\\\/#respond\"]}]},{\"@type\":\"WebPage\",\"@id\":\"https:\\\/\\\/www.melhorescola.com.br\\\/blog\\\/inclusao-escolar\\\/\",\"url\":\"https:\\\/\\\/www.melhorescola.com.br\\\/blog\\\/inclusao-escolar\\\/\",\"name\":\"Inclus\u00e3o escolar: entenda os desafios e as vantagens\",\"isPartOf\":{\"@id\":\"https:\\\/\\\/www.melhorescola.com.br\\\/blog\\\/#website\"},\"primaryImageOfPage\":{\"@id\":\"https:\\\/\\\/www.melhorescola.com.br\\\/blog\\\/inclusao-escolar\\\/#primaryimage\"},\"image\":{\"@id\":\"https:\\\/\\\/www.melhorescola.com.br\\\/blog\\\/inclusao-escolar\\\/#primaryimage\"},\"thumbnailUrl\":\"https:\\\/\\\/www.melhorescola.com.br\\\/blog\\\/wp-content\\\/uploads\\\/2024\\\/07\\\/inclusao-escolar-1.jpg\",\"datePublished\":\"2024-07-02T19:40:50+00:00\",\"dateModified\":\"2024-07-02T19:40:51+00:00\",\"description\":\"A inclus\u00e3o escolar \u00e9 essencial para criar um ambiente justo e acolhedor. Entenda a import\u00e2ncia de aplicar pr\u00e1ticas inclusivas na escola.\",\"breadcrumb\":{\"@id\":\"https:\\\/\\\/www.melhorescola.com.br\\\/blog\\\/inclusao-escolar\\\/#breadcrumb\"},\"inLanguage\":\"pt-BR\",\"potentialAction\":[{\"@type\":\"ReadAction\",\"target\":[\"https:\\\/\\\/www.melhorescola.com.br\\\/blog\\\/inclusao-escolar\\\/\"]}]},{\"@type\":\"ImageObject\",\"inLanguage\":\"pt-BR\",\"@id\":\"https:\\\/\\\/www.melhorescola.com.br\\\/blog\\\/inclusao-escolar\\\/#primaryimage\",\"url\":\"https:\\\/\\\/www.melhorescola.com.br\\\/blog\\\/wp-content\\\/uploads\\\/2024\\\/07\\\/inclusao-escolar-1.jpg\",\"contentUrl\":\"https:\\\/\\\/www.melhorescola.com.br\\\/blog\\\/wp-content\\\/uploads\\\/2024\\\/07\\\/inclusao-escolar-1.jpg\",\"width\":830,\"height\":553,\"caption\":\"inclus\u00e3o escolar\"},{\"@type\":\"BreadcrumbList\",\"@id\":\"https:\\\/\\\/www.melhorescola.com.br\\\/blog\\\/inclusao-escolar\\\/#breadcrumb\",\"itemListElement\":[{\"@type\":\"ListItem\",\"position\":1,\"name\":\"In\u00edcio\",\"item\":\"https:\\\/\\\/www.melhorescola.com.br\\\/blog\\\/\"},{\"@type\":\"ListItem\",\"position\":2,\"name\":\"Inclus\u00e3o escolar: entenda os desafios e as vantagens\"}]},{\"@type\":\"WebSite\",\"@id\":\"https:\\\/\\\/www.melhorescola.com.br\\\/blog\\\/#website\",\"url\":\"https:\\\/\\\/www.melhorescola.com.br\\\/blog\\\/\",\"name\":\"Blog do Melhor Escola\",\"description\":\"Veja conte\u00fados sobre capta\u00e7\u00e3o de alunos, gest\u00e3o escolar, marketing educacional, universo pedag\u00f3gico e muito mais!\",\"publisher\":{\"@id\":\"https:\\\/\\\/www.melhorescola.com.br\\\/blog\\\/#organization\"},\"potentialAction\":[{\"@type\":\"SearchAction\",\"target\":{\"@type\":\"EntryPoint\",\"urlTemplate\":\"https:\\\/\\\/www.melhorescola.com.br\\\/blog\\\/?s={search_term_string}\"},\"query-input\":{\"@type\":\"PropertyValueSpecification\",\"valueRequired\":true,\"valueName\":\"search_term_string\"}}],\"inLanguage\":\"pt-BR\"},{\"@type\":\"Organization\",\"@id\":\"https:\\\/\\\/www.melhorescola.com.br\\\/blog\\\/#organization\",\"name\":\"Melhor Escola B2B\",\"url\":\"https:\\\/\\\/www.melhorescola.com.br\\\/blog\\\/\",\"logo\":{\"@type\":\"ImageObject\",\"inLanguage\":\"pt-BR\",\"@id\":\"https:\\\/\\\/www.melhorescola.com.br\\\/blog\\\/#\\\/schema\\\/logo\\\/image\\\/\",\"url\":\"https:\\\/\\\/www.melhorescola.com.br\\\/blog\\\/wp-content\\\/uploads\\\/2024\\\/06\\\/images-removebg-preview-2.png\",\"contentUrl\":\"https:\\\/\\\/www.melhorescola.com.br\\\/blog\\\/wp-content\\\/uploads\\\/2024\\\/06\\\/images-removebg-preview-2.png\",\"width\":148,\"height\":148,\"caption\":\"Melhor Escola B2B\"},\"image\":{\"@id\":\"https:\\\/\\\/www.melhorescola.com.br\\\/blog\\\/#\\\/schema\\\/logo\\\/image\\\/\"}},{\"@type\":\"Person\",\"@id\":\"https:\\\/\\\/www.melhorescola.com.br\\\/blog\\\/#\\\/schema\\\/person\\\/69f6bcf370e4d691499bb39773ead514\",\"name\":\"Equipe Melhor Escola\",\"image\":{\"@type\":\"ImageObject\",\"inLanguage\":\"pt-BR\",\"@id\":\"https:\\\/\\\/secure.gravatar.com\\\/avatar\\\/4d53de8f53c588556476a7dac8aa5945729971f4e08e861b32f5788f918aa2b7?s=96&d=mm&r=g\",\"url\":\"https:\\\/\\\/secure.gravatar.com\\\/avatar\\\/4d53de8f53c588556476a7dac8aa5945729971f4e08e861b32f5788f918aa2b7?s=96&d=mm&r=g\",\"contentUrl\":\"https:\\\/\\\/secure.gravatar.com\\\/avatar\\\/4d53de8f53c588556476a7dac8aa5945729971f4e08e861b32f5788f918aa2b7?s=96&d=mm&r=g\",\"caption\":\"Equipe Melhor Escola\"},\"url\":\"https:\\\/\\\/www.melhorescola.com.br\\\/blog\\\/author\\\/corporativomelhorescola-net\\\/\"}]}<\/script>\n<!-- \/ Yoast SEO plugin. -->","yoast_head_json":{"title":"Inclus\u00e3o escolar: entenda os desafios e as vantagens","description":"A inclus\u00e3o escolar \u00e9 essencial para criar um ambiente justo e acolhedor. Entenda a import\u00e2ncia de aplicar pr\u00e1ticas inclusivas na escola.","robots":{"index":"index","follow":"follow","max-snippet":"max-snippet:-1","max-image-preview":"max-image-preview:large","max-video-preview":"max-video-preview:-1"},"canonical":"https:\/\/www.melhorescola.com.br\/blog\/inclusao-escolar\/","og_locale":"pt_BR","og_type":"article","og_title":"Inclus\u00e3o escolar: entenda os desafios e as vantagens","og_description":"A inclus\u00e3o escolar \u00e9 essencial para criar um ambiente justo e acolhedor. Entenda a import\u00e2ncia de aplicar pr\u00e1ticas inclusivas na escola.","og_url":"https:\/\/www.melhorescola.com.br\/blog\/inclusao-escolar\/","og_site_name":"Blog do Melhor Escola","article_published_time":"2024-07-02T19:40:50+00:00","article_modified_time":"2024-07-02T19:40:51+00:00","og_image":[{"width":830,"height":553,"url":"https:\/\/www.melhorescola.com.br\/blog\/wp-content\/uploads\/2024\/07\/inclusao-escolar-1.jpg","type":"image\/jpeg"}],"author":"Equipe Melhor Escola","twitter_card":"summary_large_image","twitter_misc":{"Escrito por":"Equipe Melhor Escola","Est. tempo de leitura":"5 minutos"},"schema":{"@context":"https:\/\/schema.org","@graph":[{"@type":"Article","@id":"https:\/\/www.melhorescola.com.br\/blog\/inclusao-escolar\/#article","isPartOf":{"@id":"https:\/\/www.melhorescola.com.br\/blog\/inclusao-escolar\/"},"author":{"name":"Equipe Melhor Escola","@id":"https:\/\/www.melhorescola.com.br\/blog\/#\/schema\/person\/69f6bcf370e4d691499bb39773ead514"},"headline":"Inclus\u00e3o escolar: entenda os desafios e as vantagens","datePublished":"2024-07-02T19:40:50+00:00","dateModified":"2024-07-02T19:40:51+00:00","mainEntityOfPage":{"@id":"https:\/\/www.melhorescola.com.br\/blog\/inclusao-escolar\/"},"wordCount":1032,"commentCount":0,"publisher":{"@id":"https:\/\/www.melhorescola.com.br\/blog\/#organization"},"image":{"@id":"https:\/\/www.melhorescola.com.br\/blog\/inclusao-escolar\/#primaryimage"},"thumbnailUrl":"https:\/\/www.melhorescola.com.br\/blog\/wp-content\/uploads\/2024\/07\/inclusao-escolar-1.jpg","articleSection":["Ambiente Escolar"],"inLanguage":"pt-BR","potentialAction":[{"@type":"CommentAction","name":"Comment","target":["https:\/\/www.melhorescola.com.br\/blog\/inclusao-escolar\/#respond"]}]},{"@type":"WebPage","@id":"https:\/\/www.melhorescola.com.br\/blog\/inclusao-escolar\/","url":"https:\/\/www.melhorescola.com.br\/blog\/inclusao-escolar\/","name":"Inclus\u00e3o escolar: entenda os desafios e as vantagens","isPartOf":{"@id":"https:\/\/www.melhorescola.com.br\/blog\/#website"},"primaryImageOfPage":{"@id":"https:\/\/www.melhorescola.com.br\/blog\/inclusao-escolar\/#primaryimage"},"image":{"@id":"https:\/\/www.melhorescola.com.br\/blog\/inclusao-escolar\/#primaryimage"},"thumbnailUrl":"https:\/\/www.melhorescola.com.br\/blog\/wp-content\/uploads\/2024\/07\/inclusao-escolar-1.jpg","datePublished":"2024-07-02T19:40:50+00:00","dateModified":"2024-07-02T19:40:51+00:00","description":"A inclus\u00e3o escolar \u00e9 essencial para criar um ambiente justo e acolhedor. Entenda a import\u00e2ncia de aplicar pr\u00e1ticas inclusivas na escola.","breadcrumb":{"@id":"https:\/\/www.melhorescola.com.br\/blog\/inclusao-escolar\/#breadcrumb"},"inLanguage":"pt-BR","potentialAction":[{"@type":"ReadAction","target":["https:\/\/www.melhorescola.com.br\/blog\/inclusao-escolar\/"]}]},{"@type":"ImageObject","inLanguage":"pt-BR","@id":"https:\/\/www.melhorescola.com.br\/blog\/inclusao-escolar\/#primaryimage","url":"https:\/\/www.melhorescola.com.br\/blog\/wp-content\/uploads\/2024\/07\/inclusao-escolar-1.jpg","contentUrl":"https:\/\/www.melhorescola.com.br\/blog\/wp-content\/uploads\/2024\/07\/inclusao-escolar-1.jpg","width":830,"height":553,"caption":"inclus\u00e3o escolar"},{"@type":"BreadcrumbList","@id":"https:\/\/www.melhorescola.com.br\/blog\/inclusao-escolar\/#breadcrumb","itemListElement":[{"@type":"ListItem","position":1,"name":"In\u00edcio","item":"https:\/\/www.melhorescola.com.br\/blog\/"},{"@type":"ListItem","position":2,"name":"Inclus\u00e3o escolar: entenda os desafios e as vantagens"}]},{"@type":"WebSite","@id":"https:\/\/www.melhorescola.com.br\/blog\/#website","url":"https:\/\/www.melhorescola.com.br\/blog\/","name":"Blog do Melhor Escola","description":"Veja conte\u00fados sobre capta\u00e7\u00e3o de alunos, gest\u00e3o escolar, marketing educacional, universo pedag\u00f3gico e muito mais!","publisher":{"@id":"https:\/\/www.melhorescola.com.br\/blog\/#organization"},"potentialAction":[{"@type":"SearchAction","target":{"@type":"EntryPoint","urlTemplate":"https:\/\/www.melhorescola.com.br\/blog\/?s={search_term_string}"},"query-input":{"@type":"PropertyValueSpecification","valueRequired":true,"valueName":"search_term_string"}}],"inLanguage":"pt-BR"},{"@type":"Organization","@id":"https:\/\/www.melhorescola.com.br\/blog\/#organization","name":"Melhor Escola B2B","url":"https:\/\/www.melhorescola.com.br\/blog\/","logo":{"@type":"ImageObject","inLanguage":"pt-BR","@id":"https:\/\/www.melhorescola.com.br\/blog\/#\/schema\/logo\/image\/","url":"https:\/\/www.melhorescola.com.br\/blog\/wp-content\/uploads\/2024\/06\/images-removebg-preview-2.png","contentUrl":"https:\/\/www.melhorescola.com.br\/blog\/wp-content\/uploads\/2024\/06\/images-removebg-preview-2.png","width":148,"height":148,"caption":"Melhor Escola B2B"},"image":{"@id":"https:\/\/www.melhorescola.com.br\/blog\/#\/schema\/logo\/image\/"}},{"@type":"Person","@id":"https:\/\/www.melhorescola.com.br\/blog\/#\/schema\/person\/69f6bcf370e4d691499bb39773ead514","name":"Equipe Melhor Escola","image":{"@type":"ImageObject","inLanguage":"pt-BR","@id":"https:\/\/secure.gravatar.com\/avatar\/4d53de8f53c588556476a7dac8aa5945729971f4e08e861b32f5788f918aa2b7?s=96&d=mm&r=g","url":"https:\/\/secure.gravatar.com\/avatar\/4d53de8f53c588556476a7dac8aa5945729971f4e08e861b32f5788f918aa2b7?s=96&d=mm&r=g","contentUrl":"https:\/\/secure.gravatar.com\/avatar\/4d53de8f53c588556476a7dac8aa5945729971f4e08e861b32f5788f918aa2b7?s=96&d=mm&r=g","caption":"Equipe Melhor Escola"},"url":"https:\/\/www.melhorescola.com.br\/blog\/author\/corporativomelhorescola-net\/"}]}},"_links":{"self":[{"href":"https:\/\/www.melhorescola.com.br\/blog\/wp-json\/wp\/v2\/posts\/23444","targetHints":{"allow":["GET"]}}],"collection":[{"href":"https:\/\/www.melhorescola.com.br\/blog\/wp-json\/wp\/v2\/posts"}],"about":[{"href":"https:\/\/www.melhorescola.com.br\/blog\/wp-json\/wp\/v2\/types\/post"}],"author":[{"embeddable":true,"href":"https:\/\/www.melhorescola.com.br\/blog\/wp-json\/wp\/v2\/users\/1"}],"replies":[{"embeddable":true,"href":"https:\/\/www.melhorescola.com.br\/blog\/wp-json\/wp\/v2\/comments?post=23444"}],"version-history":[{"count":2,"href":"https:\/\/www.melhorescola.com.br\/blog\/wp-json\/wp\/v2\/posts\/23444\/revisions"}],"predecessor-version":[{"id":23448,"href":"https:\/\/www.melhorescola.com.br\/blog\/wp-json\/wp\/v2\/posts\/23444\/revisions\/23448"}],"wp:featuredmedia":[{"embeddable":true,"href":"https:\/\/www.melhorescola.com.br\/blog\/wp-json\/wp\/v2\/media\/23446"}],"wp:attachment":[{"href":"https:\/\/www.melhorescola.com.br\/blog\/wp-json\/wp\/v2\/media?parent=23444"}],"wp:term":[{"taxonomy":"category","embeddable":true,"href":"https:\/\/www.melhorescola.com.br\/blog\/wp-json\/wp\/v2\/categories?post=23444"},{"taxonomy":"post_tag","embeddable":true,"href":"https:\/\/www.melhorescola.com.br\/blog\/wp-json\/wp\/v2\/tags?post=23444"}],"curies":[{"name":"wp","href":"https:\/\/api.w.org\/{rel}","templated":true}]}}