{"id":23075,"date":"2023-12-06T15:26:14","date_gmt":"2023-12-06T18:26:14","guid":{"rendered":"https:\/\/www.melhorescola.com.br\/blog\/?p=23075"},"modified":"2023-12-06T15:26:15","modified_gmt":"2023-12-06T18:26:15","slug":"semana-da-gestao-escolar","status":"publish","type":"post","link":"https:\/\/www.melhorescola.com.br\/blog\/semana-da-gestao-escolar\/","title":{"rendered":"Semana da Gest\u00e3o Escolar: 3 pilares que n\u00e3o podem faltar em 2024"},"content":{"rendered":"\n<p>Durante o <strong>m\u00eas de novembro<\/strong>, a equipe do Melhor Escola promoveu a <strong>Semana da Gest\u00e3o Escolar<\/strong>, abordando 3 pilares que n\u00e3o podem faltar para fazer uma boa gest\u00e3o para o pr\u00f3ximo ano de 2024. A abordagem foi feita atrav\u00e9s de tr\u00eas aulas, que tratavam sobre temas como: \u201ccomo assegurar juridicamente a sua escola\u201d, \u201ctend\u00eancias de marketing para reter e captar novos alunos para 2024\u201d e \u201ccomo fazer um bom controle de caixa e reduzir a inadimpl\u00eancia\u201d.\u00a0<\/p>\n\n\n\n<p>Os bate-papos trouxeram uma perspectiva mais pr\u00e1tica de como a<strong> pr\u00e1tica de uma boa gest\u00e3o escolar deve ser aplicada na escola.<\/strong> Separamos neste artigo os principais apontamentos durante a live. Abaixo, tamb\u00e9m disponibilizamos o v\u00eddeo completo para que voc\u00ea possa assistir quando desejar!<\/p>\n\n\n\n<h2 class=\"wp-block-heading\">DIA 1: Como assegurar juridicamente a sua escola<\/h2>\n\n\n\n<p>O primeiro dia contou com a participa\u00e7\u00e3o de Milena Fiuza, Diretora Pedag\u00f3gica no Sistema Positivo de Ensino. Antes de tudo, \u00e9 importante entender que, no cen\u00e1rio educacional, a legisla\u00e7\u00e3o desempenha um <strong>papel fundamental na defini\u00e7\u00e3o de direitos<\/strong>, <strong>deveres e par\u00e2metros<\/strong> que norteiam o funcionamento das institui\u00e7\u00f5es de ensino.\u00a0<\/p>\n\n\n\n<p>Contudo, ao nos aprofundarmos nesse universo, percebemos que a Justi\u00e7a n\u00e3o se limita apenas ao que est\u00e1 expresso nas leis. H\u00e1 um n\u00famero de quest\u00f5es e temas que permeiam o dia a dia escolar, influenciando diretamente a <strong>qualidade do ambiente educacional. <\/strong>Neste contexto, discutir a seguran\u00e7a jur\u00eddica n\u00e3o \u00e9 apenas uma necessidade, mas uma oportunidade valiosa para ampliar as possibilidades de sucesso de uma institui\u00e7\u00e3o de ensino.<\/p>\n\n\n\n<p>Alguns dos principais pontos abordados na aula foram:<\/p>\n\n\n\n<h3 class=\"wp-block-heading\">1. Impacto Direto no Cotidiano Escolar:<\/h3>\n\n\n\n<p>Diversas tem\u00e1ticas da Justi\u00e7a impactam diretamente o<strong> cotidiano escolar<\/strong>, desde a prote\u00e7\u00e3o dos direitos dos estudantes at\u00e9 a gest\u00e3o eficiente de conflitos. A discuss\u00e3o sobre a <strong>seguran\u00e7a jur\u00eddica na escola<\/strong> se estende a \u00e1reas como a promo\u00e7\u00e3o da igualdade, a preven\u00e7\u00e3o do bullying, a prote\u00e7\u00e3o da privacidade dos alunos e a garantia de um ambiente seguro e inclusivo.<\/p>\n\n\n\n<h3 class=\"wp-block-heading\">2. Oportunidade de Discuss\u00e3o:<\/h3>\n\n\n\n<p>Para a institui\u00e7\u00e3o escolar, encarar essas tem\u00e1ticas como oportunidades de discuss\u00e3o \u00e9 mais do que uma postura proativa; \u00e9 uma estrat\u00e9gia essencial. Assim, ao abordar <strong>quest\u00f5es legais pertinentes ao ambiente educacional,<\/strong> o col\u00e9gio n\u00e3o apenas cumpre seu papel social, mas tamb\u00e9m cria um espa\u00e7o prop\u00edcio para o<strong> desenvolvimento integral dos estudantes.<\/strong> A compreens\u00e3o dos direitos e deveres, aliada a uma abordagem \u00e9tica e justa, contribui para a forma\u00e7\u00e3o de cidad\u00e3os conscientes e respons\u00e1veis.<\/p>\n\n\n\n<h3 class=\"wp-block-heading\">3. Ampliando as Possibilidades de Sucesso:<\/h3>\n\n\n\n<p>A seguran\u00e7a jur\u00eddica, quando incorporada de maneira efetiva na rotina escolar, n\u00e3o \u00e9 apenas um escudo contra lit\u00edgios. Ela se transforma em um<strong> alicerce para o crescimento sustent\u00e1vel da institui\u00e7\u00e3o<\/strong>. A transpar\u00eancia, a equidade e o respeito \u00e0s leis e aos princ\u00edpios \u00e9ticos fortalecem a confian\u00e7a da comunidade escolar,<strong> atraindo pais, alunos e profissionais engajados em um projeto educacional s\u00f3lido.<\/strong><\/p>\n\n\n\n<figure class=\"wp-block-embed is-type-video is-provider-youtube wp-block-embed-youtube wp-embed-aspect-16-9 wp-has-aspect-ratio\"><div class=\"wp-block-embed__wrapper\">\n<iframe title=\"DIA 1: Semana da Gest\u00e3o Escolar - Como assegurar juridicamente a sua escola\" width=\"843\" height=\"474\" data-src=\"https:\/\/www.youtube.com\/embed\/lKgC1pnN1uI?feature=oembed\" frameborder=\"0\" allow=\"accelerometer; autoplay; clipboard-write; encrypted-media; gyroscope; picture-in-picture; web-share\" allowfullscreen src=\"data:image\/svg+xml;base64,PHN2ZyB3aWR0aD0iMSIgaGVpZ2h0PSIxIiB4bWxucz0iaHR0cDovL3d3dy53My5vcmcvMjAwMC9zdmciPjwvc3ZnPg==\" class=\"lazyload\" data-load-mode=\"1\"><\/iframe>\n<\/div><\/figure>\n\n\n\n<h2 class=\"wp-block-heading\">DIA 2: Tend\u00eancias de marketing para reter e captar novos alunos em 2024<\/h2>\n\n\n\n<p>No segundo dia, a live falou sobre as <strong>principais tend\u00eancias de marketing para reter e captar novos alunos em 2024 <\/strong>e contou com a participa\u00e7\u00e3o de Fl\u00e1via Souto \u2013 Gerente Executiva de Marketing no Sistema Positivo de Ensino.<\/p>\n\n\n\n<p>Em um cen\u00e1rio educacional cada vez mais competitivo, a <strong>diferencia\u00e7\u00e3o \u00e9 a chave para o sucesso de uma escola.<\/strong> Se voc\u00ea deseja destacar sua institui\u00e7\u00e3o no mercado, a ado\u00e7\u00e3o de uma estrat\u00e9gia de marketing eficaz \u00e9 essencial.\u00a0<\/p>\n\n\n\n<p>Portanto, estar atento \u00e0s<strong> tend\u00eancias do setor n\u00e3o apenas impulsiona a capta\u00e7\u00e3o de novos alunos,<\/strong> mas tamb\u00e9m <strong>fortalece a rela\u00e7\u00e3o com aqueles que j\u00e1 fazem parte da comunidade escolar.<\/strong><\/p>\n\n\n\n<h3 class=\"wp-block-heading\">1. Conhe\u00e7a o Seu P\u00fablico:<\/h3>\n\n\n\n<p>Antes de implementar qualquer estrat\u00e9gia de marketing, \u00e9 crucial <strong>entender o seu p\u00fablico-alvo.<\/strong> Quais s\u00e3o as necessidades, desejos e expectativas dos pais e alunos? Realize pesquisas, promova encontros e esteja atento ao feedback. Assim, conhecendo a fundo as caracter\u00edsticas do seu p\u00fablico, ser\u00e1 poss\u00edvel criar campanhas mais direcionadas e eficientes.<\/p>\n\n\n\n<h3 class=\"wp-block-heading\">2. Invista na Presen\u00e7a Online:<\/h3>\n\n\n\n<p>Vivemos em uma era digital, e a<strong> presen\u00e7a online<\/strong> \u00e9 fundamental para <strong>qualquer institui\u00e7\u00e3o de ensino.<\/strong> Um website informativo e atrativo, redes sociais ativas e uma comunica\u00e7\u00e3o regular por meio de blogs e newsletters s\u00e3o ferramentas poderosas para manter os pais e alunos informados sobre as atividades da escola, eventos e conquistas.<\/p>\n\n\n\n<p>Veja tamb\u00e9m: + <a href=\"https:\/\/www.melhorescola.com.br\/blog\/presenca-online-minha-escola-precisa-disso\/\" target=\"_blank\" rel=\"noreferrer noopener\">Presen\u00e7a online: minha escola precisa disso?<\/a><\/p>\n\n\n\n<h3 class=\"wp-block-heading\">3. Conte\u00fado Relevante e Educativo:<\/h3>\n\n\n\n<p>Produza conte\u00fado que<strong> v\u00e1 al\u00e9m <\/strong>da<strong> divulga\u00e7\u00e3o institucional. <\/strong>Ofere\u00e7a informa\u00e7\u00f5es relevantes sobre educa\u00e7\u00e3o, desenvolvimento infantil, dicas de estudo, entre outros temas. Isso n\u00e3o apenas fortalece a imagem da escola como refer\u00eancia educacional, mas tamb\u00e9m atrai a aten\u00e7\u00e3o de pais que buscam uma<strong> institui\u00e7\u00e3o comprometida com o desenvolvimento integral dos alunos.<\/strong><\/p>\n\n\n\n<figure class=\"wp-block-embed is-type-video is-provider-youtube wp-block-embed-youtube wp-embed-aspect-16-9 wp-has-aspect-ratio\"><div class=\"wp-block-embed__wrapper\">\n<iframe title=\"DIA 2: Semana da Gest\u00e3o Escolar - Tend\u00eancias de marketing para reter e captar novos alunos em 2024\" width=\"843\" height=\"474\" data-src=\"https:\/\/www.youtube.com\/embed\/9WZqc4YaDv8?feature=oembed\" frameborder=\"0\" allow=\"accelerometer; autoplay; clipboard-write; encrypted-media; gyroscope; picture-in-picture; web-share\" allowfullscreen src=\"data:image\/svg+xml;base64,PHN2ZyB3aWR0aD0iMSIgaGVpZ2h0PSIxIiB4bWxucz0iaHR0cDovL3d3dy53My5vcmcvMjAwMC9zdmciPjwvc3ZnPg==\" class=\"lazyload\" data-load-mode=\"1\"><\/iframe>\n<\/div><\/figure>\n\n\n\n<h2 class=\"wp-block-heading\">DIA 3: Como fazer um bom controle de caixa e reduzir a inadimpl\u00eancia<\/h2>\n\n\n\n<p>O<strong> terceiro e \u00faltimo dia de live <\/strong>tratou sobre como fazer um bom controle de caixa e reduzir a inadimpl\u00eancia, com a participa\u00e7\u00e3o da Assessora Financeira Vanize Pacheco de Araujo Alessi.\u00a0<\/p>\n\n\n\n<p>O processo de precifica\u00e7\u00e3o em uma escola \u00e9 muito mais do que a <strong>simples atribui\u00e7\u00e3o de valores \u00e0s mensalidades.<\/strong> \u00c9 uma an\u00e1lise minuciosa que demanda aten\u00e7\u00e3o aos detalhes e uma compreens\u00e3o profunda do cen\u00e1rio econ\u00f4mico.\u00a0<\/p>\n\n\n\n<p>Vamos entender algumas estrat\u00e9gias e considera\u00e7\u00f5es essenciais para garantir n\u00e3o apenas a<strong> sustentabilidade financeira da institui\u00e7\u00e3o, mas tamb\u00e9m a oferta de servi\u00e7os educacionais de qualidade.<\/strong><\/p>\n\n\n\n<h3 class=\"wp-block-heading\">1. Reuni\u00e3o de Dados do Fluxo de Caixa:<\/h3>\n\n\n\n<p>O ponto de partida para a precifica\u00e7\u00e3o eficiente \u00e9 a <strong>an\u00e1lise do fluxo de caixa. <\/strong>Re\u00fana dados detalhados sobre as receitas e despesas da escola. Isso n\u00e3o apenas oferece uma vis\u00e3o clara da sa\u00fade financeira da institui\u00e7\u00e3o, mas tamb\u00e9m ajuda a<strong> identificar \u00e1reas que podem exigir ajustes.<\/strong><\/p>\n\n\n\n<h3 class=\"wp-block-heading\">2. An\u00e1lise do Cen\u00e1rio Econ\u00f4mico Nacional:<\/h3>\n\n\n\n<p>O <strong>contexto econ\u00f4mico do pa\u00eds <\/strong>\u00e9 um fator crucial na defini\u00e7\u00e3o dos <strong>valores das mensalidades. <\/strong>A infla\u00e7\u00e3o, mudan\u00e7as nas taxas de juros e outros indicadores econ\u00f4micos impactam diretamente os custos operacionais da escola. Manter-se informado sobre essas vari\u00e1veis \u00e9 fundamental para tomar decis\u00f5es embasadas.<\/p>\n\n\n\n<h3 class=\"wp-block-heading\">3. Avalia\u00e7\u00e3o de Investimentos em Melhorias:<\/h3>\n\n\n\n<p>Considere os<strong> investimentos em melhorias na infraestrutura, tecnologia e qualidade dos servi\u00e7os educacionais<\/strong>. Novas metodologias de ensino, programas extracurriculares e avan\u00e7os tecnol\u00f3gicos podem agregar valor \u00e0 oferta da escola, justificando, em alguns casos, ajustes nas mensalidades.<\/p>\n\n\n\n<h3 class=\"wp-block-heading\">4. Benchmarking com Institui\u00e7\u00f5es de Ensino Semelhantes:<\/h3>\n\n\n\n<p>Realize benchmarking com outras institui\u00e7\u00f5es de ensino similares. <strong>Compreender como escolas concorrentes posicionam seus pre\u00e7os pode fornecer insights valiosos.<\/strong> No entanto, \u00e9 importante lembrar que a compara\u00e7\u00e3o deve considerar n\u00e3o apenas o pre\u00e7o, mas tamb\u00e9m a qualidade e os diferenciais oferecidos.<\/p>\n\n\n\n<figure class=\"wp-block-embed is-type-video is-provider-youtube wp-block-embed-youtube wp-embed-aspect-16-9 wp-has-aspect-ratio\"><div class=\"wp-block-embed__wrapper\">\n<iframe title=\"DIA 3: Semana da Gest\u00e3o Escolar - Como fazer um bom controle de caixa e reduzir a inadimpl\u00eancia\" width=\"843\" height=\"474\" data-src=\"https:\/\/www.youtube.com\/embed\/vcsq2fPB-iY?feature=oembed\" frameborder=\"0\" allow=\"accelerometer; autoplay; clipboard-write; encrypted-media; gyroscope; picture-in-picture; web-share\" allowfullscreen src=\"data:image\/svg+xml;base64,PHN2ZyB3aWR0aD0iMSIgaGVpZ2h0PSIxIiB4bWxucz0iaHR0cDovL3d3dy53My5vcmcvMjAwMC9zdmciPjwvc3ZnPg==\" class=\"lazyload\" data-load-mode=\"1\"><\/iframe>\n<\/div><\/figure>\n\n\n\n<p>E ent\u00e3o, gostou desse conte\u00fado? Compartilhe com outras pessoas que tamb\u00e9m queiram saber mais detalhes sobre <strong>a Semana da Gest\u00e3o escolar e seus principais insights. <\/strong>Aproveite para acessar outros conte\u00fados do nosso blog.<\/p>\n","protected":false},"excerpt":{"rendered":"<p>Durante o m\u00eas de novembro, a equipe do Melhor Escola promoveu a Semana da Gest\u00e3o Escolar, abordando 3 pilares que n\u00e3o podem faltar para fazer&hellip;<\/p>\n","protected":false},"author":1,"featured_media":23076,"comment_status":"open","ping_status":"open","sticky":false,"template":"","format":"standard","meta":{"footnotes":""},"categories":[260,365,261],"tags":[],"class_list":["post-23075","post","type-post","status-publish","format-standard","has-post-thumbnail","hentry","category-captacao","category-direito-escolar","category-gestao-e-financas"],"yoast_head":"<!-- This site is optimized with the Yoast SEO plugin v27.5 - https:\/\/yoast.com\/product\/yoast-seo-wordpress\/ -->\n<title>Semana da Gest\u00e3o Escolar: 3 pilares que n\u00e3o podem faltar em 2024<\/title>\n<meta name=\"description\" content=\"O Melhor Escola, em parceria com o Sistema de Educa\u00e7\u00e3o Positivo, promoveu a Semana da Gest\u00e3o Escolar. Veja os temas que foram abordados.\" \/>\n<meta name=\"robots\" content=\"index, follow, max-snippet:-1, max-image-preview:large, max-video-preview:-1\" \/>\n<link rel=\"canonical\" href=\"https:\/\/www.melhorescola.com.br\/blog\/semana-da-gestao-escolar\/\" \/>\n<meta property=\"og:locale\" content=\"pt_BR\" \/>\n<meta property=\"og:type\" content=\"article\" \/>\n<meta property=\"og:title\" content=\"Semana da Gest\u00e3o Escolar: 3 pilares que n\u00e3o podem faltar em 2024\" \/>\n<meta property=\"og:description\" content=\"O Melhor Escola, em parceria com o Sistema de Educa\u00e7\u00e3o Positivo, promoveu a Semana da Gest\u00e3o Escolar. Veja os temas que foram abordados.\" \/>\n<meta property=\"og:url\" content=\"https:\/\/www.melhorescola.com.br\/blog\/semana-da-gestao-escolar\/\" \/>\n<meta property=\"og:site_name\" content=\"Blog do Melhor Escola\" \/>\n<meta property=\"article:published_time\" content=\"2023-12-06T18:26:14+00:00\" \/>\n<meta property=\"article:modified_time\" content=\"2023-12-06T18:26:15+00:00\" \/>\n<meta property=\"og:image\" content=\"https:\/\/www.melhorescola.com.br\/blog\/wp-content\/uploads\/2023\/12\/semana-da-gestao-escolar.jpg\" \/>\n\t<meta property=\"og:image:width\" content=\"1000\" \/>\n\t<meta property=\"og:image:height\" content=\"667\" \/>\n\t<meta property=\"og:image:type\" content=\"image\/jpeg\" \/>\n<meta name=\"author\" content=\"Equipe Melhor Escola\" \/>\n<meta name=\"twitter:card\" content=\"summary_large_image\" \/>\n<meta name=\"twitter:label1\" content=\"Escrito por\" \/>\n\t<meta name=\"twitter:data1\" content=\"Equipe Melhor Escola\" \/>\n\t<meta name=\"twitter:label2\" content=\"Est. tempo de leitura\" \/>\n\t<meta name=\"twitter:data2\" content=\"6 minutos\" \/>\n<script type=\"application\/ld+json\" class=\"yoast-schema-graph\">{\"@context\":\"https:\\\/\\\/schema.org\",\"@graph\":[{\"@type\":\"Article\",\"@id\":\"https:\\\/\\\/www.melhorescola.com.br\\\/blog\\\/semana-da-gestao-escolar\\\/#article\",\"isPartOf\":{\"@id\":\"https:\\\/\\\/www.melhorescola.com.br\\\/blog\\\/semana-da-gestao-escolar\\\/\"},\"author\":{\"name\":\"Equipe Melhor Escola\",\"@id\":\"https:\\\/\\\/www.melhorescola.com.br\\\/blog\\\/#\\\/schema\\\/person\\\/69f6bcf370e4d691499bb39773ead514\"},\"headline\":\"Semana da Gest\u00e3o Escolar: 3 pilares que n\u00e3o podem faltar em 2024\",\"datePublished\":\"2023-12-06T18:26:14+00:00\",\"dateModified\":\"2023-12-06T18:26:15+00:00\",\"mainEntityOfPage\":{\"@id\":\"https:\\\/\\\/www.melhorescola.com.br\\\/blog\\\/semana-da-gestao-escolar\\\/\"},\"wordCount\":1246,\"commentCount\":0,\"publisher\":{\"@id\":\"https:\\\/\\\/www.melhorescola.com.br\\\/blog\\\/#organization\"},\"image\":{\"@id\":\"https:\\\/\\\/www.melhorescola.com.br\\\/blog\\\/semana-da-gestao-escolar\\\/#primaryimage\"},\"thumbnailUrl\":\"https:\\\/\\\/www.melhorescola.com.br\\\/blog\\\/wp-content\\\/uploads\\\/2023\\\/12\\\/semana-da-gestao-escolar.jpg\",\"articleSection\":[\"Capta\u00e7\u00e3o de alunos\",\"Direito Escolar\",\"Gest\u00e3o e finan\u00e7as\"],\"inLanguage\":\"pt-BR\",\"potentialAction\":[{\"@type\":\"CommentAction\",\"name\":\"Comment\",\"target\":[\"https:\\\/\\\/www.melhorescola.com.br\\\/blog\\\/semana-da-gestao-escolar\\\/#respond\"]}]},{\"@type\":\"WebPage\",\"@id\":\"https:\\\/\\\/www.melhorescola.com.br\\\/blog\\\/semana-da-gestao-escolar\\\/\",\"url\":\"https:\\\/\\\/www.melhorescola.com.br\\\/blog\\\/semana-da-gestao-escolar\\\/\",\"name\":\"Semana da Gest\u00e3o Escolar: 3 pilares que n\u00e3o podem faltar em 2024\",\"isPartOf\":{\"@id\":\"https:\\\/\\\/www.melhorescola.com.br\\\/blog\\\/#website\"},\"primaryImageOfPage\":{\"@id\":\"https:\\\/\\\/www.melhorescola.com.br\\\/blog\\\/semana-da-gestao-escolar\\\/#primaryimage\"},\"image\":{\"@id\":\"https:\\\/\\\/www.melhorescola.com.br\\\/blog\\\/semana-da-gestao-escolar\\\/#primaryimage\"},\"thumbnailUrl\":\"https:\\\/\\\/www.melhorescola.com.br\\\/blog\\\/wp-content\\\/uploads\\\/2023\\\/12\\\/semana-da-gestao-escolar.jpg\",\"datePublished\":\"2023-12-06T18:26:14+00:00\",\"dateModified\":\"2023-12-06T18:26:15+00:00\",\"description\":\"O Melhor Escola, em parceria com o Sistema de Educa\u00e7\u00e3o Positivo, promoveu a Semana da Gest\u00e3o Escolar. Veja os temas que foram abordados.\",\"breadcrumb\":{\"@id\":\"https:\\\/\\\/www.melhorescola.com.br\\\/blog\\\/semana-da-gestao-escolar\\\/#breadcrumb\"},\"inLanguage\":\"pt-BR\",\"potentialAction\":[{\"@type\":\"ReadAction\",\"target\":[\"https:\\\/\\\/www.melhorescola.com.br\\\/blog\\\/semana-da-gestao-escolar\\\/\"]}]},{\"@type\":\"ImageObject\",\"inLanguage\":\"pt-BR\",\"@id\":\"https:\\\/\\\/www.melhorescola.com.br\\\/blog\\\/semana-da-gestao-escolar\\\/#primaryimage\",\"url\":\"https:\\\/\\\/www.melhorescola.com.br\\\/blog\\\/wp-content\\\/uploads\\\/2023\\\/12\\\/semana-da-gestao-escolar.jpg\",\"contentUrl\":\"https:\\\/\\\/www.melhorescola.com.br\\\/blog\\\/wp-content\\\/uploads\\\/2023\\\/12\\\/semana-da-gestao-escolar.jpg\",\"width\":1000,\"height\":667},{\"@type\":\"BreadcrumbList\",\"@id\":\"https:\\\/\\\/www.melhorescola.com.br\\\/blog\\\/semana-da-gestao-escolar\\\/#breadcrumb\",\"itemListElement\":[{\"@type\":\"ListItem\",\"position\":1,\"name\":\"In\u00edcio\",\"item\":\"https:\\\/\\\/www.melhorescola.com.br\\\/blog\\\/\"},{\"@type\":\"ListItem\",\"position\":2,\"name\":\"Semana da Gest\u00e3o Escolar: 3 pilares que n\u00e3o podem faltar em 2024\"}]},{\"@type\":\"WebSite\",\"@id\":\"https:\\\/\\\/www.melhorescola.com.br\\\/blog\\\/#website\",\"url\":\"https:\\\/\\\/www.melhorescola.com.br\\\/blog\\\/\",\"name\":\"Blog do Melhor Escola\",\"description\":\"Veja conte\u00fados sobre capta\u00e7\u00e3o de alunos, gest\u00e3o escolar, marketing educacional, universo pedag\u00f3gico e muito mais!\",\"publisher\":{\"@id\":\"https:\\\/\\\/www.melhorescola.com.br\\\/blog\\\/#organization\"},\"potentialAction\":[{\"@type\":\"SearchAction\",\"target\":{\"@type\":\"EntryPoint\",\"urlTemplate\":\"https:\\\/\\\/www.melhorescola.com.br\\\/blog\\\/?s={search_term_string}\"},\"query-input\":{\"@type\":\"PropertyValueSpecification\",\"valueRequired\":true,\"valueName\":\"search_term_string\"}}],\"inLanguage\":\"pt-BR\"},{\"@type\":\"Organization\",\"@id\":\"https:\\\/\\\/www.melhorescola.com.br\\\/blog\\\/#organization\",\"name\":\"Melhor Escola B2B\",\"url\":\"https:\\\/\\\/www.melhorescola.com.br\\\/blog\\\/\",\"logo\":{\"@type\":\"ImageObject\",\"inLanguage\":\"pt-BR\",\"@id\":\"https:\\\/\\\/www.melhorescola.com.br\\\/blog\\\/#\\\/schema\\\/logo\\\/image\\\/\",\"url\":\"https:\\\/\\\/www.melhorescola.com.br\\\/blog\\\/wp-content\\\/uploads\\\/2024\\\/06\\\/images-removebg-preview-2.png\",\"contentUrl\":\"https:\\\/\\\/www.melhorescola.com.br\\\/blog\\\/wp-content\\\/uploads\\\/2024\\\/06\\\/images-removebg-preview-2.png\",\"width\":148,\"height\":148,\"caption\":\"Melhor Escola B2B\"},\"image\":{\"@id\":\"https:\\\/\\\/www.melhorescola.com.br\\\/blog\\\/#\\\/schema\\\/logo\\\/image\\\/\"}},{\"@type\":\"Person\",\"@id\":\"https:\\\/\\\/www.melhorescola.com.br\\\/blog\\\/#\\\/schema\\\/person\\\/69f6bcf370e4d691499bb39773ead514\",\"name\":\"Equipe Melhor Escola\",\"image\":{\"@type\":\"ImageObject\",\"inLanguage\":\"pt-BR\",\"@id\":\"https:\\\/\\\/secure.gravatar.com\\\/avatar\\\/4d53de8f53c588556476a7dac8aa5945729971f4e08e861b32f5788f918aa2b7?s=96&d=mm&r=g\",\"url\":\"https:\\\/\\\/secure.gravatar.com\\\/avatar\\\/4d53de8f53c588556476a7dac8aa5945729971f4e08e861b32f5788f918aa2b7?s=96&d=mm&r=g\",\"contentUrl\":\"https:\\\/\\\/secure.gravatar.com\\\/avatar\\\/4d53de8f53c588556476a7dac8aa5945729971f4e08e861b32f5788f918aa2b7?s=96&d=mm&r=g\",\"caption\":\"Equipe Melhor Escola\"},\"url\":\"https:\\\/\\\/www.melhorescola.com.br\\\/blog\\\/author\\\/corporativomelhorescola-net\\\/\"}]}<\/script>\n<!-- \/ Yoast SEO plugin. -->","yoast_head_json":{"title":"Semana da Gest\u00e3o Escolar: 3 pilares que n\u00e3o podem faltar em 2024","description":"O Melhor Escola, em parceria com o Sistema de Educa\u00e7\u00e3o Positivo, promoveu a Semana da Gest\u00e3o Escolar. Veja os temas que foram abordados.","robots":{"index":"index","follow":"follow","max-snippet":"max-snippet:-1","max-image-preview":"max-image-preview:large","max-video-preview":"max-video-preview:-1"},"canonical":"https:\/\/www.melhorescola.com.br\/blog\/semana-da-gestao-escolar\/","og_locale":"pt_BR","og_type":"article","og_title":"Semana da Gest\u00e3o Escolar: 3 pilares que n\u00e3o podem faltar em 2024","og_description":"O Melhor Escola, em parceria com o Sistema de Educa\u00e7\u00e3o Positivo, promoveu a Semana da Gest\u00e3o Escolar. Veja os temas que foram abordados.","og_url":"https:\/\/www.melhorescola.com.br\/blog\/semana-da-gestao-escolar\/","og_site_name":"Blog do Melhor Escola","article_published_time":"2023-12-06T18:26:14+00:00","article_modified_time":"2023-12-06T18:26:15+00:00","og_image":[{"width":1000,"height":667,"url":"https:\/\/www.melhorescola.com.br\/blog\/wp-content\/uploads\/2023\/12\/semana-da-gestao-escolar.jpg","type":"image\/jpeg"}],"author":"Equipe Melhor Escola","twitter_card":"summary_large_image","twitter_misc":{"Escrito por":"Equipe Melhor Escola","Est. tempo de leitura":"6 minutos"},"schema":{"@context":"https:\/\/schema.org","@graph":[{"@type":"Article","@id":"https:\/\/www.melhorescola.com.br\/blog\/semana-da-gestao-escolar\/#article","isPartOf":{"@id":"https:\/\/www.melhorescola.com.br\/blog\/semana-da-gestao-escolar\/"},"author":{"name":"Equipe Melhor Escola","@id":"https:\/\/www.melhorescola.com.br\/blog\/#\/schema\/person\/69f6bcf370e4d691499bb39773ead514"},"headline":"Semana da Gest\u00e3o Escolar: 3 pilares que n\u00e3o podem faltar em 2024","datePublished":"2023-12-06T18:26:14+00:00","dateModified":"2023-12-06T18:26:15+00:00","mainEntityOfPage":{"@id":"https:\/\/www.melhorescola.com.br\/blog\/semana-da-gestao-escolar\/"},"wordCount":1246,"commentCount":0,"publisher":{"@id":"https:\/\/www.melhorescola.com.br\/blog\/#organization"},"image":{"@id":"https:\/\/www.melhorescola.com.br\/blog\/semana-da-gestao-escolar\/#primaryimage"},"thumbnailUrl":"https:\/\/www.melhorescola.com.br\/blog\/wp-content\/uploads\/2023\/12\/semana-da-gestao-escolar.jpg","articleSection":["Capta\u00e7\u00e3o de alunos","Direito Escolar","Gest\u00e3o e finan\u00e7as"],"inLanguage":"pt-BR","potentialAction":[{"@type":"CommentAction","name":"Comment","target":["https:\/\/www.melhorescola.com.br\/blog\/semana-da-gestao-escolar\/#respond"]}]},{"@type":"WebPage","@id":"https:\/\/www.melhorescola.com.br\/blog\/semana-da-gestao-escolar\/","url":"https:\/\/www.melhorescola.com.br\/blog\/semana-da-gestao-escolar\/","name":"Semana da Gest\u00e3o Escolar: 3 pilares que n\u00e3o podem faltar em 2024","isPartOf":{"@id":"https:\/\/www.melhorescola.com.br\/blog\/#website"},"primaryImageOfPage":{"@id":"https:\/\/www.melhorescola.com.br\/blog\/semana-da-gestao-escolar\/#primaryimage"},"image":{"@id":"https:\/\/www.melhorescola.com.br\/blog\/semana-da-gestao-escolar\/#primaryimage"},"thumbnailUrl":"https:\/\/www.melhorescola.com.br\/blog\/wp-content\/uploads\/2023\/12\/semana-da-gestao-escolar.jpg","datePublished":"2023-12-06T18:26:14+00:00","dateModified":"2023-12-06T18:26:15+00:00","description":"O Melhor Escola, em parceria com o Sistema de Educa\u00e7\u00e3o Positivo, promoveu a Semana da Gest\u00e3o Escolar. Veja os temas que foram abordados.","breadcrumb":{"@id":"https:\/\/www.melhorescola.com.br\/blog\/semana-da-gestao-escolar\/#breadcrumb"},"inLanguage":"pt-BR","potentialAction":[{"@type":"ReadAction","target":["https:\/\/www.melhorescola.com.br\/blog\/semana-da-gestao-escolar\/"]}]},{"@type":"ImageObject","inLanguage":"pt-BR","@id":"https:\/\/www.melhorescola.com.br\/blog\/semana-da-gestao-escolar\/#primaryimage","url":"https:\/\/www.melhorescola.com.br\/blog\/wp-content\/uploads\/2023\/12\/semana-da-gestao-escolar.jpg","contentUrl":"https:\/\/www.melhorescola.com.br\/blog\/wp-content\/uploads\/2023\/12\/semana-da-gestao-escolar.jpg","width":1000,"height":667},{"@type":"BreadcrumbList","@id":"https:\/\/www.melhorescola.com.br\/blog\/semana-da-gestao-escolar\/#breadcrumb","itemListElement":[{"@type":"ListItem","position":1,"name":"In\u00edcio","item":"https:\/\/www.melhorescola.com.br\/blog\/"},{"@type":"ListItem","position":2,"name":"Semana da Gest\u00e3o Escolar: 3 pilares que n\u00e3o podem faltar em 2024"}]},{"@type":"WebSite","@id":"https:\/\/www.melhorescola.com.br\/blog\/#website","url":"https:\/\/www.melhorescola.com.br\/blog\/","name":"Blog do Melhor Escola","description":"Veja conte\u00fados sobre capta\u00e7\u00e3o de alunos, gest\u00e3o escolar, marketing educacional, universo pedag\u00f3gico e muito mais!","publisher":{"@id":"https:\/\/www.melhorescola.com.br\/blog\/#organization"},"potentialAction":[{"@type":"SearchAction","target":{"@type":"EntryPoint","urlTemplate":"https:\/\/www.melhorescola.com.br\/blog\/?s={search_term_string}"},"query-input":{"@type":"PropertyValueSpecification","valueRequired":true,"valueName":"search_term_string"}}],"inLanguage":"pt-BR"},{"@type":"Organization","@id":"https:\/\/www.melhorescola.com.br\/blog\/#organization","name":"Melhor Escola B2B","url":"https:\/\/www.melhorescola.com.br\/blog\/","logo":{"@type":"ImageObject","inLanguage":"pt-BR","@id":"https:\/\/www.melhorescola.com.br\/blog\/#\/schema\/logo\/image\/","url":"https:\/\/www.melhorescola.com.br\/blog\/wp-content\/uploads\/2024\/06\/images-removebg-preview-2.png","contentUrl":"https:\/\/www.melhorescola.com.br\/blog\/wp-content\/uploads\/2024\/06\/images-removebg-preview-2.png","width":148,"height":148,"caption":"Melhor Escola B2B"},"image":{"@id":"https:\/\/www.melhorescola.com.br\/blog\/#\/schema\/logo\/image\/"}},{"@type":"Person","@id":"https:\/\/www.melhorescola.com.br\/blog\/#\/schema\/person\/69f6bcf370e4d691499bb39773ead514","name":"Equipe Melhor Escola","image":{"@type":"ImageObject","inLanguage":"pt-BR","@id":"https:\/\/secure.gravatar.com\/avatar\/4d53de8f53c588556476a7dac8aa5945729971f4e08e861b32f5788f918aa2b7?s=96&d=mm&r=g","url":"https:\/\/secure.gravatar.com\/avatar\/4d53de8f53c588556476a7dac8aa5945729971f4e08e861b32f5788f918aa2b7?s=96&d=mm&r=g","contentUrl":"https:\/\/secure.gravatar.com\/avatar\/4d53de8f53c588556476a7dac8aa5945729971f4e08e861b32f5788f918aa2b7?s=96&d=mm&r=g","caption":"Equipe Melhor Escola"},"url":"https:\/\/www.melhorescola.com.br\/blog\/author\/corporativomelhorescola-net\/"}]}},"_links":{"self":[{"href":"https:\/\/www.melhorescola.com.br\/blog\/wp-json\/wp\/v2\/posts\/23075","targetHints":{"allow":["GET"]}}],"collection":[{"href":"https:\/\/www.melhorescola.com.br\/blog\/wp-json\/wp\/v2\/posts"}],"about":[{"href":"https:\/\/www.melhorescola.com.br\/blog\/wp-json\/wp\/v2\/types\/post"}],"author":[{"embeddable":true,"href":"https:\/\/www.melhorescola.com.br\/blog\/wp-json\/wp\/v2\/users\/1"}],"replies":[{"embeddable":true,"href":"https:\/\/www.melhorescola.com.br\/blog\/wp-json\/wp\/v2\/comments?post=23075"}],"version-history":[{"count":1,"href":"https:\/\/www.melhorescola.com.br\/blog\/wp-json\/wp\/v2\/posts\/23075\/revisions"}],"predecessor-version":[{"id":23077,"href":"https:\/\/www.melhorescola.com.br\/blog\/wp-json\/wp\/v2\/posts\/23075\/revisions\/23077"}],"wp:featuredmedia":[{"embeddable":true,"href":"https:\/\/www.melhorescola.com.br\/blog\/wp-json\/wp\/v2\/media\/23076"}],"wp:attachment":[{"href":"https:\/\/www.melhorescola.com.br\/blog\/wp-json\/wp\/v2\/media?parent=23075"}],"wp:term":[{"taxonomy":"category","embeddable":true,"href":"https:\/\/www.melhorescola.com.br\/blog\/wp-json\/wp\/v2\/categories?post=23075"},{"taxonomy":"post_tag","embeddable":true,"href":"https:\/\/www.melhorescola.com.br\/blog\/wp-json\/wp\/v2\/tags?post=23075"}],"curies":[{"name":"wp","href":"https:\/\/api.w.org\/{rel}","templated":true}]}}