{"id":23001,"date":"2023-09-26T16:18:30","date_gmt":"2023-09-26T19:18:30","guid":{"rendered":"https:\/\/www.melhorescola.com.br\/blog\/?p=23001"},"modified":"2023-09-26T16:18:31","modified_gmt":"2023-09-26T19:18:31","slug":"educacao-antirracista","status":"publish","type":"post","link":"https:\/\/www.melhorescola.com.br\/blog\/educacao-antirracista\/","title":{"rendered":"Qual a import\u00e2ncia de ter uma educa\u00e7\u00e3o antirracista nas escolas?"},"content":{"rendered":"\n<p>A<strong> desigualdade racial no Brasil <\/strong>\u00e9 um problema estrutural e sist\u00eamico que persiste devido \u00e0 fragilidade das pol\u00edticas p\u00fablicas para combat\u00ea-la \u2013 <strong>inclusive na pr\u00f3pria educa\u00e7\u00e3o.\u00a0<\/strong>Assim, a escola tem um papel muito importante para promover uma <strong>educa\u00e7\u00e3o antirracista. <\/strong><\/p>\n\n\n\n<p>Segundo dados do <a href=\"https:\/\/www.ibge.gov.br\/\" target=\"_blank\" rel=\"noreferrer noopener\">Instituto Brasileiro de Geografia e Estat\u00edstica (IBGE)<\/a>, enquanto os pretos e pardos representam 56% da popula\u00e7\u00e3o brasileira, eles correspondem a 71% daqueles que vivem abaixo da linha de pobreza, em contraste com a propor\u00e7\u00e3o de 27% de brancos nessa situa\u00e7\u00e3o. Quando se trata de<strong> extrema pobreza,<\/strong> a disparidade quase triplica, com 73% de negros e 25% de brancos.<\/p>\n\n\n\n<p>Para construir uma<strong> sociedade mais igualit\u00e1ria,<\/strong> \u00e9 essencial compreender o<strong> papel de cada estrutura socioecon\u00f4mica na perpetua\u00e7\u00e3o do racismo e desenvolver estrat\u00e9gias eficazes para combat\u00ea-lo.<\/strong><\/p>\n\n\n\n<p>A <strong>desigualdade racial na educa\u00e7\u00e3o<\/strong> \u00e9 claramente evidente e seu combate \u00e9 fundamental para qualquer mudan\u00e7a significativa. Sem uma<strong> educa\u00e7\u00e3o verdadeiramente antirracista<\/strong>, n\u00e3o \u00e9 poss\u00edvel conceber uma sociedade igualit\u00e1ria. Continue lendo esse texto para saber mais sobre <strong>a import\u00e2ncia de ter uma educa\u00e7\u00e3o antirracista nas escolas.<\/strong><\/p>\n\n\n\n<h2 class=\"wp-block-heading\"><strong>Educa\u00e7\u00e3o antirracista nas escolas: principais pontos<\/strong><\/h2>\n\n\n\n<p>A<strong> educa\u00e7\u00e3o antirracista nas escolas<\/strong> envolve uma s\u00e9rie de estrat\u00e9gias e a\u00e7\u00f5es destinadas a<strong> combater o racismo e promover a igualdade racial no ambiente educacional. <\/strong>Abaixo, est\u00e3o os principais pontos relacionados \u00e0 educa\u00e7\u00e3o antirracista:<\/p>\n\n\n\n<ul class=\"wp-block-list\"><li><strong>Reconhecimento do Racismo Estrutural:<\/strong> O primeiro passo para a educa\u00e7\u00e3o antirracista \u00e9<strong> reconhecer a exist\u00eancia do racismo estrutural na sociedade e em institui\u00e7\u00f5es, incluindo escolas.<\/strong> Isso envolve a compreens\u00e3o de que o racismo n\u00e3o \u00e9 apenas um problema individual, mas um sistema arraigado.<\/li><\/ul>\n\n\n\n<ul class=\"wp-block-list\"><li><strong>Valoriza\u00e7\u00e3o da Diversidade:<\/strong> As escolas devem <strong>valorizar e celebrar a diversidade \u00e9tnico-racial<\/strong> dos estudantes, professores e funcion\u00e1rios. Isso inclui a promo\u00e7\u00e3o da cultura afro-brasileira e ind\u00edgena no curr\u00edculo escolar.<\/li><\/ul>\n\n\n\n<ul class=\"wp-block-list\"><li><strong>Curr\u00edculo Antirracista:<\/strong> Os curr\u00edculos escolares devem ser revisados e atualizados para <strong>incluir conte\u00fados que reflitam a hist\u00f3ria, cultura e contribui\u00e7\u00f5es de diferentes grupos \u00e9tnico-raciais.<\/strong> Isso inclui a inclus\u00e3o de autores negros e ind\u00edgenas, bem como a discuss\u00e3o sobre a escravid\u00e3o e o racismo no Brasil.<\/li><\/ul>\n\n\n\n<ul class=\"wp-block-list\"><li><strong>Promo\u00e7\u00e3o da Autoestima:<\/strong> Escolas devem promover a autoestima e a <strong>identidade positiva das crian\u00e7as negras e ind\u00edgenas, <\/strong>combatendo estere\u00f3tipos e preconceitos.<\/li><\/ul>\n\n\n\n<ul class=\"wp-block-list\"><li><strong>Participa\u00e7\u00e3o dos Pais: <\/strong>Os pais e respons\u00e1veis tamb\u00e9m desempenham um papel crucial na<strong> educa\u00e7\u00e3o antirracista,<\/strong> apoiando e participando ativamente das iniciativas da escola.<\/li><\/ul>\n\n\n\n<ul class=\"wp-block-list\"><li><strong>Di\u00e1logo e Debate:<\/strong> As escolas devem<strong> incentivar o di\u00e1logo aberto sobre racismo e discrimina\u00e7\u00e3o racial, <\/strong>criando espa\u00e7os seguros para discuss\u00f5es e debates construtivos.<\/li><\/ul>\n\n\n\n<ul class=\"wp-block-list\"><li><strong>Avalia\u00e7\u00e3o e Monitoramento:<\/strong> As institui\u00e7\u00f5es de ensino devem avaliar regularmente suas<strong> pr\u00e1ticas e pol\u00edticas relacionadas \u00e0 educa\u00e7\u00e3o antirracista <\/strong>e fazer os ajustes necess\u00e1rios.<\/li><\/ul>\n\n\n\n<ul class=\"wp-block-list\"><li><strong>Apoio \u00e0s V\u00edtimas:<\/strong> \u00c9 importante que as escolas ofere\u00e7am <strong>apoio emocional e psicol\u00f3gico \u00e0s v\u00edtimas de racismo e discrimina\u00e7\u00e3o.<\/strong><\/li><\/ul>\n\n\n\n<p>A <strong>educa\u00e7\u00e3o antirracista<\/strong> n\u00e3o \u00e9 apenas um objetivo, mas um <strong>compromisso cont\u00ednuo para transformar as escolas em espa\u00e7os mais justos e inclusivos,<\/strong> onde todas as crian\u00e7as tenham igualdade de oportunidades e se sintam valorizadas, independentemente de sua origem \u00e9tnico-racial.<\/p>\n\n\n\n<h2 class=\"wp-block-heading\"><strong>Pol\u00edticas p\u00fablicas para uma educa\u00e7\u00e3o antirracista <\/strong><\/h2>\n\n\n\n<p>A<strong> implementa\u00e7\u00e3o de pol\u00edticas p\u00fablicas para a educa\u00e7\u00e3o antirracista<\/strong> \u00e9 fundamental para <strong>promover a igualdade racial no sistema educacional e combater o racismo estrutural<\/strong>. Abaixo, est\u00e3o algumas das principais pol\u00edticas p\u00fablicas que podem ser adotadas:<\/p>\n\n\n\n<h3 class=\"wp-block-heading\">Leis e Diretrizes Curriculares Antirracistas:<\/h3>\n\n\n\n<p>O governo deve estabelecer leis e diretrizes curriculares que exijam a<strong> inclus\u00e3o obrigat\u00f3ria de conte\u00fados <\/strong>relacionados \u00e0 hist\u00f3ria, cultura e contribui\u00e7\u00f5es dos afro-brasileiros, ind\u00edgenas e de outros grupos \u00e9tnico-raciais nos curr\u00edculos escolares de todas as etapas da educa\u00e7\u00e3o.<\/p>\n\n\n\n<h3 class=\"wp-block-heading\">Forma\u00e7\u00e3o de Professores:<\/h3>\n\n\n\n<p>Investir na forma\u00e7\u00e3o de professores \u00e9 crucial. Isso inclui <strong>cursos de capacita\u00e7\u00e3o sobre educa\u00e7\u00e3o antirracista, preconceito e discrimina\u00e7\u00e3o racial,<\/strong> al\u00e9m de promover a diversidade na contrata\u00e7\u00e3o de professores.<\/p>\n\n\n\n<h3 class=\"wp-block-heading\">Material Did\u00e1tico Inclusivo:<\/h3>\n\n\n\n<p>O governo deve apoiar a<strong> produ\u00e7\u00e3o de materiais did\u00e1ticos inclusivos,<\/strong> que promovam a representatividade \u00e9tnico-racial e reflitam a diversidade do pa\u00eds.<\/p>\n\n\n\n<h3 class=\"wp-block-heading\">A\u00e7\u00f5es Afirmativas:<\/h3>\n\n\n\n<p>Continuar a implementa\u00e7\u00e3o de pol\u00edticas de <strong>a\u00e7\u00f5es afirmativas em institui\u00e7\u00f5es de ensino superior, como cotas raciais,<\/strong> para garantir o acesso de estudantes negros e ind\u00edgenas \u00e0 educa\u00e7\u00e3o superior.<\/p>\n\n\n\n<h3 class=\"wp-block-heading\">Combate ao Bullying e Discrimina\u00e7\u00e3o:<\/h3>\n\n\n\n<p>Estabelecer <strong>pol\u00edticas e protocolos para o combate ao bullying e \u00e0 discrimina\u00e7\u00e3o racial nas escolas,<\/strong> com medidas efetivas de preven\u00e7\u00e3o e puni\u00e7\u00e3o.<\/p>\n\n\n\n<p>Veja tamb\u00e9m: + <a href=\"https:\/\/www.melhorescola.com.br\/blog\/bullying-na-escola\/\" target=\"_blank\" rel=\"noreferrer noopener\">Consequ\u00eancias do bullying na escola<\/a><\/p>\n\n\n\n<h3 class=\"wp-block-heading\">Promo\u00e7\u00e3o da Cultura Afro-Brasileira e Ind\u00edgena:<\/h3>\n\n\n\n<p>Incentivar a realiza\u00e7\u00e3o de atividades culturais, como festivais, exposi\u00e7\u00f5es e palestras, que<strong> promovam a cultura afro-brasileira,<\/strong> <strong>ind\u00edgena <\/strong>e de outros grupos \u00e9tnico-raciais.<\/p>\n\n\n\n<h3 class=\"wp-block-heading\">Participa\u00e7\u00e3o da Comunidade:<\/h3>\n\n\n\n<p>Envolvimento da comunidade escolar, incluindo pais, alunos e professores, na <strong>formula\u00e7\u00e3o e implementa\u00e7\u00e3o de pol\u00edticas antirracistas.<\/strong><\/p>\n\n\n\n<h3 class=\"wp-block-heading\">Campanhas de Conscientiza\u00e7\u00e3o:<\/h3>\n\n\n\n<p>Realizar <strong>campanhas de conscientiza\u00e7\u00e3o p\u00fablica sobre a import\u00e2ncia da educa\u00e7\u00e3o antirracista e dos direitos humanos.<\/strong><\/p>\n\n\n\n<h3 class=\"wp-block-heading\">Incentivos para Pesquisas:<\/h3>\n\n\n\n<p>Oferecer <strong>incentivos financeiros para pesquisas acad\u00eamicas e cient\u00edficas <\/strong>relacionadas \u00e0 <strong>educa\u00e7\u00e3o antirracista e seus impactos.<\/strong><\/p>\n\n\n\n<p>Tais pol\u00edticas p\u00fablicas devem ser implementadas de<strong> forma integrada e cont\u00ednua<\/strong>, visando \u00e0 constru\u00e7\u00e3o de um sistema educacional mais inclusivo e igualit\u00e1rio, onde todas as crian\u00e7as e jovens tenham a oportunidade de aprender sobre a diversidade cultural e \u00e9tnico-racial do Brasil e do mundo, al\u00e9m de combater o racismo em todas as suas formas.<\/p>\n","protected":false},"excerpt":{"rendered":"<p>A desigualdade racial no Brasil \u00e9 um problema estrutural e sist\u00eamico que persiste devido \u00e0 fragilidade das pol\u00edticas p\u00fablicas para combat\u00ea-la \u2013 inclusive na pr\u00f3pria&hellip;<\/p>\n","protected":false},"author":1,"featured_media":23003,"comment_status":"open","ping_status":"open","sticky":false,"template":"","format":"standard","meta":{"footnotes":""},"categories":[259],"tags":[],"class_list":["post-23001","post","type-post","status-publish","format-standard","has-post-thumbnail","hentry","category-universo-pedagogico"],"yoast_head":"<!-- This site is optimized with the Yoast SEO plugin v27.5 - https:\/\/yoast.com\/product\/yoast-seo-wordpress\/ -->\n<title>Qual a import\u00e2ncia de ter uma educa\u00e7\u00e3o antirracista nas escolas?<\/title>\n<meta name=\"description\" content=\"Sem uma educa\u00e7\u00e3o verdadeiramente antirracista, n\u00e3o \u00e9 poss\u00edvel conceber uma sociedade igualit\u00e1ria. Veja a import\u00e2ncia do tema para sua escola.\" \/>\n<meta name=\"robots\" content=\"index, follow, max-snippet:-1, max-image-preview:large, max-video-preview:-1\" \/>\n<link rel=\"canonical\" href=\"https:\/\/www.melhorescola.com.br\/blog\/educacao-antirracista\/\" \/>\n<meta property=\"og:locale\" content=\"pt_BR\" \/>\n<meta property=\"og:type\" content=\"article\" \/>\n<meta property=\"og:title\" content=\"Qual a import\u00e2ncia de ter uma educa\u00e7\u00e3o antirracista nas escolas?\" \/>\n<meta property=\"og:description\" content=\"Sem uma educa\u00e7\u00e3o verdadeiramente antirracista, n\u00e3o \u00e9 poss\u00edvel conceber uma sociedade igualit\u00e1ria. Veja a import\u00e2ncia do tema para sua escola.\" \/>\n<meta property=\"og:url\" content=\"https:\/\/www.melhorescola.com.br\/blog\/educacao-antirracista\/\" \/>\n<meta property=\"og:site_name\" content=\"Blog do Melhor Escola\" \/>\n<meta property=\"article:published_time\" content=\"2023-09-26T19:18:30+00:00\" \/>\n<meta property=\"article:modified_time\" content=\"2023-09-26T19:18:31+00:00\" \/>\n<meta property=\"og:image\" content=\"https:\/\/www.melhorescola.com.br\/blog\/wp-content\/uploads\/2023\/09\/educacao-antirracista.jpg\" \/>\n\t<meta property=\"og:image:width\" content=\"1000\" \/>\n\t<meta property=\"og:image:height\" content=\"667\" \/>\n\t<meta property=\"og:image:type\" content=\"image\/jpeg\" \/>\n<meta name=\"author\" content=\"Equipe Melhor Escola\" \/>\n<meta name=\"twitter:card\" content=\"summary_large_image\" \/>\n<meta name=\"twitter:label1\" content=\"Escrito por\" \/>\n\t<meta name=\"twitter:data1\" content=\"Equipe Melhor Escola\" \/>\n\t<meta name=\"twitter:label2\" content=\"Est. tempo de leitura\" \/>\n\t<meta name=\"twitter:data2\" content=\"5 minutos\" \/>\n<script type=\"application\/ld+json\" class=\"yoast-schema-graph\">{\"@context\":\"https:\\\/\\\/schema.org\",\"@graph\":[{\"@type\":\"Article\",\"@id\":\"https:\\\/\\\/www.melhorescola.com.br\\\/blog\\\/educacao-antirracista\\\/#article\",\"isPartOf\":{\"@id\":\"https:\\\/\\\/www.melhorescola.com.br\\\/blog\\\/educacao-antirracista\\\/\"},\"author\":{\"name\":\"Equipe Melhor Escola\",\"@id\":\"https:\\\/\\\/www.melhorescola.com.br\\\/blog\\\/#\\\/schema\\\/person\\\/69f6bcf370e4d691499bb39773ead514\"},\"headline\":\"Qual a import\u00e2ncia de ter uma educa\u00e7\u00e3o antirracista nas escolas?\",\"datePublished\":\"2023-09-26T19:18:30+00:00\",\"dateModified\":\"2023-09-26T19:18:31+00:00\",\"mainEntityOfPage\":{\"@id\":\"https:\\\/\\\/www.melhorescola.com.br\\\/blog\\\/educacao-antirracista\\\/\"},\"wordCount\":950,\"commentCount\":0,\"publisher\":{\"@id\":\"https:\\\/\\\/www.melhorescola.com.br\\\/blog\\\/#organization\"},\"image\":{\"@id\":\"https:\\\/\\\/www.melhorescola.com.br\\\/blog\\\/educacao-antirracista\\\/#primaryimage\"},\"thumbnailUrl\":\"https:\\\/\\\/www.melhorescola.com.br\\\/blog\\\/wp-content\\\/uploads\\\/2023\\\/09\\\/educacao-antirracista.jpg\",\"articleSection\":[\"Universo pedag\u00f3gico\"],\"inLanguage\":\"pt-BR\",\"potentialAction\":[{\"@type\":\"CommentAction\",\"name\":\"Comment\",\"target\":[\"https:\\\/\\\/www.melhorescola.com.br\\\/blog\\\/educacao-antirracista\\\/#respond\"]}]},{\"@type\":\"WebPage\",\"@id\":\"https:\\\/\\\/www.melhorescola.com.br\\\/blog\\\/educacao-antirracista\\\/\",\"url\":\"https:\\\/\\\/www.melhorescola.com.br\\\/blog\\\/educacao-antirracista\\\/\",\"name\":\"Qual a import\u00e2ncia de ter uma educa\u00e7\u00e3o antirracista nas escolas?\",\"isPartOf\":{\"@id\":\"https:\\\/\\\/www.melhorescola.com.br\\\/blog\\\/#website\"},\"primaryImageOfPage\":{\"@id\":\"https:\\\/\\\/www.melhorescola.com.br\\\/blog\\\/educacao-antirracista\\\/#primaryimage\"},\"image\":{\"@id\":\"https:\\\/\\\/www.melhorescola.com.br\\\/blog\\\/educacao-antirracista\\\/#primaryimage\"},\"thumbnailUrl\":\"https:\\\/\\\/www.melhorescola.com.br\\\/blog\\\/wp-content\\\/uploads\\\/2023\\\/09\\\/educacao-antirracista.jpg\",\"datePublished\":\"2023-09-26T19:18:30+00:00\",\"dateModified\":\"2023-09-26T19:18:31+00:00\",\"description\":\"Sem uma educa\u00e7\u00e3o verdadeiramente antirracista, n\u00e3o \u00e9 poss\u00edvel conceber uma sociedade igualit\u00e1ria. Veja a import\u00e2ncia do tema para sua escola.\",\"breadcrumb\":{\"@id\":\"https:\\\/\\\/www.melhorescola.com.br\\\/blog\\\/educacao-antirracista\\\/#breadcrumb\"},\"inLanguage\":\"pt-BR\",\"potentialAction\":[{\"@type\":\"ReadAction\",\"target\":[\"https:\\\/\\\/www.melhorescola.com.br\\\/blog\\\/educacao-antirracista\\\/\"]}]},{\"@type\":\"ImageObject\",\"inLanguage\":\"pt-BR\",\"@id\":\"https:\\\/\\\/www.melhorescola.com.br\\\/blog\\\/educacao-antirracista\\\/#primaryimage\",\"url\":\"https:\\\/\\\/www.melhorescola.com.br\\\/blog\\\/wp-content\\\/uploads\\\/2023\\\/09\\\/educacao-antirracista.jpg\",\"contentUrl\":\"https:\\\/\\\/www.melhorescola.com.br\\\/blog\\\/wp-content\\\/uploads\\\/2023\\\/09\\\/educacao-antirracista.jpg\",\"width\":1000,\"height\":667},{\"@type\":\"BreadcrumbList\",\"@id\":\"https:\\\/\\\/www.melhorescola.com.br\\\/blog\\\/educacao-antirracista\\\/#breadcrumb\",\"itemListElement\":[{\"@type\":\"ListItem\",\"position\":1,\"name\":\"In\u00edcio\",\"item\":\"https:\\\/\\\/www.melhorescola.com.br\\\/blog\\\/\"},{\"@type\":\"ListItem\",\"position\":2,\"name\":\"Qual a import\u00e2ncia de ter uma educa\u00e7\u00e3o antirracista nas escolas?\"}]},{\"@type\":\"WebSite\",\"@id\":\"https:\\\/\\\/www.melhorescola.com.br\\\/blog\\\/#website\",\"url\":\"https:\\\/\\\/www.melhorescola.com.br\\\/blog\\\/\",\"name\":\"Blog do Melhor Escola\",\"description\":\"Veja conte\u00fados sobre capta\u00e7\u00e3o de alunos, gest\u00e3o escolar, marketing educacional, universo pedag\u00f3gico e muito mais!\",\"publisher\":{\"@id\":\"https:\\\/\\\/www.melhorescola.com.br\\\/blog\\\/#organization\"},\"potentialAction\":[{\"@type\":\"SearchAction\",\"target\":{\"@type\":\"EntryPoint\",\"urlTemplate\":\"https:\\\/\\\/www.melhorescola.com.br\\\/blog\\\/?s={search_term_string}\"},\"query-input\":{\"@type\":\"PropertyValueSpecification\",\"valueRequired\":true,\"valueName\":\"search_term_string\"}}],\"inLanguage\":\"pt-BR\"},{\"@type\":\"Organization\",\"@id\":\"https:\\\/\\\/www.melhorescola.com.br\\\/blog\\\/#organization\",\"name\":\"Melhor Escola B2B\",\"url\":\"https:\\\/\\\/www.melhorescola.com.br\\\/blog\\\/\",\"logo\":{\"@type\":\"ImageObject\",\"inLanguage\":\"pt-BR\",\"@id\":\"https:\\\/\\\/www.melhorescola.com.br\\\/blog\\\/#\\\/schema\\\/logo\\\/image\\\/\",\"url\":\"https:\\\/\\\/www.melhorescola.com.br\\\/blog\\\/wp-content\\\/uploads\\\/2024\\\/06\\\/images-removebg-preview-2.png\",\"contentUrl\":\"https:\\\/\\\/www.melhorescola.com.br\\\/blog\\\/wp-content\\\/uploads\\\/2024\\\/06\\\/images-removebg-preview-2.png\",\"width\":148,\"height\":148,\"caption\":\"Melhor Escola B2B\"},\"image\":{\"@id\":\"https:\\\/\\\/www.melhorescola.com.br\\\/blog\\\/#\\\/schema\\\/logo\\\/image\\\/\"}},{\"@type\":\"Person\",\"@id\":\"https:\\\/\\\/www.melhorescola.com.br\\\/blog\\\/#\\\/schema\\\/person\\\/69f6bcf370e4d691499bb39773ead514\",\"name\":\"Equipe Melhor Escola\",\"image\":{\"@type\":\"ImageObject\",\"inLanguage\":\"pt-BR\",\"@id\":\"https:\\\/\\\/secure.gravatar.com\\\/avatar\\\/4d53de8f53c588556476a7dac8aa5945729971f4e08e861b32f5788f918aa2b7?s=96&d=mm&r=g\",\"url\":\"https:\\\/\\\/secure.gravatar.com\\\/avatar\\\/4d53de8f53c588556476a7dac8aa5945729971f4e08e861b32f5788f918aa2b7?s=96&d=mm&r=g\",\"contentUrl\":\"https:\\\/\\\/secure.gravatar.com\\\/avatar\\\/4d53de8f53c588556476a7dac8aa5945729971f4e08e861b32f5788f918aa2b7?s=96&d=mm&r=g\",\"caption\":\"Equipe Melhor Escola\"},\"url\":\"https:\\\/\\\/www.melhorescola.com.br\\\/blog\\\/author\\\/corporativomelhorescola-net\\\/\"}]}<\/script>\n<!-- \/ Yoast SEO plugin. -->","yoast_head_json":{"title":"Qual a import\u00e2ncia de ter uma educa\u00e7\u00e3o antirracista nas escolas?","description":"Sem uma educa\u00e7\u00e3o verdadeiramente antirracista, n\u00e3o \u00e9 poss\u00edvel conceber uma sociedade igualit\u00e1ria. Veja a import\u00e2ncia do tema para sua escola.","robots":{"index":"index","follow":"follow","max-snippet":"max-snippet:-1","max-image-preview":"max-image-preview:large","max-video-preview":"max-video-preview:-1"},"canonical":"https:\/\/www.melhorescola.com.br\/blog\/educacao-antirracista\/","og_locale":"pt_BR","og_type":"article","og_title":"Qual a import\u00e2ncia de ter uma educa\u00e7\u00e3o antirracista nas escolas?","og_description":"Sem uma educa\u00e7\u00e3o verdadeiramente antirracista, n\u00e3o \u00e9 poss\u00edvel conceber uma sociedade igualit\u00e1ria. Veja a import\u00e2ncia do tema para sua escola.","og_url":"https:\/\/www.melhorescola.com.br\/blog\/educacao-antirracista\/","og_site_name":"Blog do Melhor Escola","article_published_time":"2023-09-26T19:18:30+00:00","article_modified_time":"2023-09-26T19:18:31+00:00","og_image":[{"width":1000,"height":667,"url":"https:\/\/www.melhorescola.com.br\/blog\/wp-content\/uploads\/2023\/09\/educacao-antirracista.jpg","type":"image\/jpeg"}],"author":"Equipe Melhor Escola","twitter_card":"summary_large_image","twitter_misc":{"Escrito por":"Equipe Melhor Escola","Est. tempo de leitura":"5 minutos"},"schema":{"@context":"https:\/\/schema.org","@graph":[{"@type":"Article","@id":"https:\/\/www.melhorescola.com.br\/blog\/educacao-antirracista\/#article","isPartOf":{"@id":"https:\/\/www.melhorescola.com.br\/blog\/educacao-antirracista\/"},"author":{"name":"Equipe Melhor Escola","@id":"https:\/\/www.melhorescola.com.br\/blog\/#\/schema\/person\/69f6bcf370e4d691499bb39773ead514"},"headline":"Qual a import\u00e2ncia de ter uma educa\u00e7\u00e3o antirracista nas escolas?","datePublished":"2023-09-26T19:18:30+00:00","dateModified":"2023-09-26T19:18:31+00:00","mainEntityOfPage":{"@id":"https:\/\/www.melhorescola.com.br\/blog\/educacao-antirracista\/"},"wordCount":950,"commentCount":0,"publisher":{"@id":"https:\/\/www.melhorescola.com.br\/blog\/#organization"},"image":{"@id":"https:\/\/www.melhorescola.com.br\/blog\/educacao-antirracista\/#primaryimage"},"thumbnailUrl":"https:\/\/www.melhorescola.com.br\/blog\/wp-content\/uploads\/2023\/09\/educacao-antirracista.jpg","articleSection":["Universo pedag\u00f3gico"],"inLanguage":"pt-BR","potentialAction":[{"@type":"CommentAction","name":"Comment","target":["https:\/\/www.melhorescola.com.br\/blog\/educacao-antirracista\/#respond"]}]},{"@type":"WebPage","@id":"https:\/\/www.melhorescola.com.br\/blog\/educacao-antirracista\/","url":"https:\/\/www.melhorescola.com.br\/blog\/educacao-antirracista\/","name":"Qual a import\u00e2ncia de ter uma educa\u00e7\u00e3o antirracista nas escolas?","isPartOf":{"@id":"https:\/\/www.melhorescola.com.br\/blog\/#website"},"primaryImageOfPage":{"@id":"https:\/\/www.melhorescola.com.br\/blog\/educacao-antirracista\/#primaryimage"},"image":{"@id":"https:\/\/www.melhorescola.com.br\/blog\/educacao-antirracista\/#primaryimage"},"thumbnailUrl":"https:\/\/www.melhorescola.com.br\/blog\/wp-content\/uploads\/2023\/09\/educacao-antirracista.jpg","datePublished":"2023-09-26T19:18:30+00:00","dateModified":"2023-09-26T19:18:31+00:00","description":"Sem uma educa\u00e7\u00e3o verdadeiramente antirracista, n\u00e3o \u00e9 poss\u00edvel conceber uma sociedade igualit\u00e1ria. Veja a import\u00e2ncia do tema para sua escola.","breadcrumb":{"@id":"https:\/\/www.melhorescola.com.br\/blog\/educacao-antirracista\/#breadcrumb"},"inLanguage":"pt-BR","potentialAction":[{"@type":"ReadAction","target":["https:\/\/www.melhorescola.com.br\/blog\/educacao-antirracista\/"]}]},{"@type":"ImageObject","inLanguage":"pt-BR","@id":"https:\/\/www.melhorescola.com.br\/blog\/educacao-antirracista\/#primaryimage","url":"https:\/\/www.melhorescola.com.br\/blog\/wp-content\/uploads\/2023\/09\/educacao-antirracista.jpg","contentUrl":"https:\/\/www.melhorescola.com.br\/blog\/wp-content\/uploads\/2023\/09\/educacao-antirracista.jpg","width":1000,"height":667},{"@type":"BreadcrumbList","@id":"https:\/\/www.melhorescola.com.br\/blog\/educacao-antirracista\/#breadcrumb","itemListElement":[{"@type":"ListItem","position":1,"name":"In\u00edcio","item":"https:\/\/www.melhorescola.com.br\/blog\/"},{"@type":"ListItem","position":2,"name":"Qual a import\u00e2ncia de ter uma educa\u00e7\u00e3o antirracista nas escolas?"}]},{"@type":"WebSite","@id":"https:\/\/www.melhorescola.com.br\/blog\/#website","url":"https:\/\/www.melhorescola.com.br\/blog\/","name":"Blog do Melhor Escola","description":"Veja conte\u00fados sobre capta\u00e7\u00e3o de alunos, gest\u00e3o escolar, marketing educacional, universo pedag\u00f3gico e muito mais!","publisher":{"@id":"https:\/\/www.melhorescola.com.br\/blog\/#organization"},"potentialAction":[{"@type":"SearchAction","target":{"@type":"EntryPoint","urlTemplate":"https:\/\/www.melhorescola.com.br\/blog\/?s={search_term_string}"},"query-input":{"@type":"PropertyValueSpecification","valueRequired":true,"valueName":"search_term_string"}}],"inLanguage":"pt-BR"},{"@type":"Organization","@id":"https:\/\/www.melhorescola.com.br\/blog\/#organization","name":"Melhor Escola B2B","url":"https:\/\/www.melhorescola.com.br\/blog\/","logo":{"@type":"ImageObject","inLanguage":"pt-BR","@id":"https:\/\/www.melhorescola.com.br\/blog\/#\/schema\/logo\/image\/","url":"https:\/\/www.melhorescola.com.br\/blog\/wp-content\/uploads\/2024\/06\/images-removebg-preview-2.png","contentUrl":"https:\/\/www.melhorescola.com.br\/blog\/wp-content\/uploads\/2024\/06\/images-removebg-preview-2.png","width":148,"height":148,"caption":"Melhor Escola B2B"},"image":{"@id":"https:\/\/www.melhorescola.com.br\/blog\/#\/schema\/logo\/image\/"}},{"@type":"Person","@id":"https:\/\/www.melhorescola.com.br\/blog\/#\/schema\/person\/69f6bcf370e4d691499bb39773ead514","name":"Equipe Melhor Escola","image":{"@type":"ImageObject","inLanguage":"pt-BR","@id":"https:\/\/secure.gravatar.com\/avatar\/4d53de8f53c588556476a7dac8aa5945729971f4e08e861b32f5788f918aa2b7?s=96&d=mm&r=g","url":"https:\/\/secure.gravatar.com\/avatar\/4d53de8f53c588556476a7dac8aa5945729971f4e08e861b32f5788f918aa2b7?s=96&d=mm&r=g","contentUrl":"https:\/\/secure.gravatar.com\/avatar\/4d53de8f53c588556476a7dac8aa5945729971f4e08e861b32f5788f918aa2b7?s=96&d=mm&r=g","caption":"Equipe Melhor Escola"},"url":"https:\/\/www.melhorescola.com.br\/blog\/author\/corporativomelhorescola-net\/"}]}},"_links":{"self":[{"href":"https:\/\/www.melhorescola.com.br\/blog\/wp-json\/wp\/v2\/posts\/23001","targetHints":{"allow":["GET"]}}],"collection":[{"href":"https:\/\/www.melhorescola.com.br\/blog\/wp-json\/wp\/v2\/posts"}],"about":[{"href":"https:\/\/www.melhorescola.com.br\/blog\/wp-json\/wp\/v2\/types\/post"}],"author":[{"embeddable":true,"href":"https:\/\/www.melhorescola.com.br\/blog\/wp-json\/wp\/v2\/users\/1"}],"replies":[{"embeddable":true,"href":"https:\/\/www.melhorescola.com.br\/blog\/wp-json\/wp\/v2\/comments?post=23001"}],"version-history":[{"count":2,"href":"https:\/\/www.melhorescola.com.br\/blog\/wp-json\/wp\/v2\/posts\/23001\/revisions"}],"predecessor-version":[{"id":23004,"href":"https:\/\/www.melhorescola.com.br\/blog\/wp-json\/wp\/v2\/posts\/23001\/revisions\/23004"}],"wp:featuredmedia":[{"embeddable":true,"href":"https:\/\/www.melhorescola.com.br\/blog\/wp-json\/wp\/v2\/media\/23003"}],"wp:attachment":[{"href":"https:\/\/www.melhorescola.com.br\/blog\/wp-json\/wp\/v2\/media?parent=23001"}],"wp:term":[{"taxonomy":"category","embeddable":true,"href":"https:\/\/www.melhorescola.com.br\/blog\/wp-json\/wp\/v2\/categories?post=23001"},{"taxonomy":"post_tag","embeddable":true,"href":"https:\/\/www.melhorescola.com.br\/blog\/wp-json\/wp\/v2\/tags?post=23001"}],"curies":[{"name":"wp","href":"https:\/\/api.w.org\/{rel}","templated":true}]}}