{"id":2251,"date":"2020-07-18T10:00:31","date_gmt":"2020-07-18T13:00:31","guid":{"rendered":"https:\/\/www.melhorescola.com.br\/blog\/?p=2251"},"modified":"2024-05-27T14:32:45","modified_gmt":"2024-05-27T17:32:45","slug":"parceria-familia-e-escola-no-cenario-pos-pandemia","status":"publish","type":"post","link":"https:\/\/www.melhorescola.com.br\/blog\/parceria-familia-e-escola-no-cenario-pos-pandemia\/","title":{"rendered":"Parceria fam\u00edlia e escola no cen\u00e1rio p\u00f3s-pandemia"},"content":{"rendered":"\n<p>A proximidade entre fam\u00edlia e escola \u00e9 fundamental para a constru\u00e7\u00e3o da aprendizagem. Essa conex\u00e3o n\u00e3o apenas contribuiu para a prosperidade do neg\u00f3cio escolar como tamb\u00e9m impacta diretamente no desenvolvimento dos alunos. O isolamento social levou a escola literalmente para dentro das casas, mas isso, em muitos casos, acabou afastando a fam\u00edlia da escola. Em meio ao caos trazido pela pandemia, ambos pap\u00e9is tem se confundido e \u00e9 preciso deixar claro quais s\u00e3o as fun\u00e7\u00f5es de cada um. Esse texto vai ajudar a sua escola reestabelecer essa parceria.<\/p>\n\n\n\n<p>Leia mais:\u00a0<\/p>\n\n\n\n<p class=\"has-text-color\" style=\"color:#f6911b\"><strong>+ <\/strong><a href=\"https:\/\/www.melhorescola.com.br\/blog\/calendario-de-volta-as-aulas-pos-pandemia\/\"><strong>Calend\u00e1rio de volta \u00e0s aulas p\u00f3s-pandemia<\/strong><\/a><\/p>\n\n\n\n<p>A suspens\u00e3o das aulas presenciais como medida para conter a propaga\u00e7\u00e3o do novo coronav\u00edrus (COVID-19) fez com que muitos pais reavaliassem o papel da escola, especialmente na educa\u00e7\u00e3o infantil. Quando a casa se transformou em\u00a0 escola, muitos\u00a0 pais se sentiram respons\u00e1veis pela educa\u00e7\u00e3o de seus filhos e a qualidade do ensino oferecido pelas escolas passou a ser questionado.\u00a0<\/p>\n\n\n\n<p>Fato \u00e9 que fomos pegos de surpresa pela pandemia e tivemos que tirar muitos coelhos da cartola para fazer com que as engrenagens continuassem funcionando.\u00a0 Por um lado, as escolas se reinventaram e os professores superaram enormes desafios na busca por solu\u00e7\u00f5es para n\u00e3o deixar a educa\u00e7\u00e3o parar. Contudo, do outro lado, as fam\u00edlias se viram assumindo responsabilidades que n\u00e3o acreditavam serem capazes de assumir e desistiram de seguir tentando com o novo formato de ensino. A frustra\u00e7\u00e3o fez com que o ano letivo de 2020 parecesse perdido.<\/p>\n\n\n\n<p>Essa diferen\u00e7a de perspectivas entre os lados causou uma ruptura na parceria fam\u00edlia escola. Somado a isso, a crise econ\u00f4mica, tem aumentado a taxa de evas\u00e3o escolar, a inadimpl\u00eancia e a fal\u00eancia \u00e9 uma realidade que assola muitas institui\u00e7\u00f5es.\u00a0<\/p>\n\n\n<div class=\"wp-block-image\">\n<figure class=\"aligncenter\"><a href=\"https:\/\/conteudo.melhorescola.com.br\/guia_google_classroom?utm_source=conteudo&utm_medium=blog&utm_campaign=banner-google-classroom\" target=\"_blank\" rel=\"noreferrer noopener\"><img fetchpriority=\"high\" decoding=\"async\" width=\"660\" height=\"190\" src=\"https:\/\/www.melhorescola.com.br\/blog\/wp-content\/uploads\/2020\/05\/PDF-Google-Classroom-G.png\" alt=\"PDF Google Classroom\" class=\"wp-image-1912\"\/><\/a><\/figure>\n<\/div>\n\n\n<h3 class=\"wp-block-heading\">A ruptura em n\u00fameros<\/h3>\n\n\n\n<p>De acordo com uma pesquisa feita pela Editora do Brasil, 60,1% das escolas particulares do pa\u00eds afirmam ter perdido mais de 10% das matr\u00edculas, enquanto\u00a0 19,7% diz ter perdido mais de 30% dos alunos. Somente 9,6% do participantes da pesquisa responderam n\u00e3o ter tido nenhum cancelamento. O estudo foi feito na \u00faltima semana de junho com 821 escolas privadas de todo o pa\u00eds.<\/p>\n\n\n\n<p>Al\u00e9m disso, por quest\u00f5es financeiras, as fam\u00edlias tamb\u00e9m solicitaram descontos nas mensalidades e um maior n\u00famero de respons\u00e1veis acabou ficando inadimplente. O cen\u00e1rio resultou na demiss\u00e3o de muitos professores. A FENEP (Federa\u00e7\u00e3o Nacional de Escolas Particulares) estima que\u00a0 cerca de 300 mil docentes foram dispensados.<\/p>\n\n\n\n<p>Enquanto as escolas lutam para manter a presta\u00e7\u00e3o do servi\u00e7o educacional, as fam\u00edlias se desdobram para garantir o cumprimento de suas responsabilidades financeiras nos lares. Dos lados lados, \u00e9 preciso lidar com a ang\u00fastia, o estresse, o medo e o desequil\u00edbrio emocional.\u00a0<\/p>\n\n\n\n<h2 class=\"wp-block-heading\">Fam\u00edlia e escola: pap\u00e9is sobrepostos<\/h2>\n\n\n\n<p>\tEm meio ao caos, as fam\u00edlias participaram pela primeira vez dos bastidores do processo de aprendizagem, que n\u00e3o acontece de maneira linear. Se no passado elas acompanhavam do processo por meio dos resultados (notas), hoje elas t\u00eam vivenciado os desafios di\u00e1rios do professor em unir cada fragmento de conhecimento para constru\u00e7\u00e3o do todo. Na tentativa de enfrentar esse desafio, os pais acabaram assumindo papel de educadores, enquanto as crian\u00e7as ficaram divididas entre os pap\u00e9is de filhos e alunos.<\/p>\n\n\n\n<p>\tPor\u00e9m, n\u00e3o cabe aos respons\u00e1veis pela crian\u00e7a assumir o papel de educador. Como um ente educador, a fam\u00edlia deve acompanhar, orientar, supervisionar e fornecer meios que garantam \u00e0 crian\u00e7a condi\u00e7\u00f5es para aprender. Nesse sentido, a escola precisa justamente mostrar o papel das fam\u00edlias dentro do de processo de aprendizagem. \u00c9 fun\u00e7\u00e3o da gest\u00e3o escolar capacitar os pais, para que eles tenham clareza sobre como podem contribuir no processo.<\/p>\n\n\n\n<p>\tPara isso, \u00e9 fundamental que se estabele\u00e7a uma boa comunica\u00e7\u00e3o entre as partes. A escola precisa conhecer a realidade de cada fam\u00edlia e entender que equidade n\u00e3o \u00e9 equidade, especialmente no atual momento. Um acompanhamento pr\u00f3ximo com as fam\u00edlias permite a proximidade mesmo com o distanciamento social. Nesse momento, \u00e9 preciso olhar atentamente caso a caso para que a parceria de fato aconte\u00e7a.<\/p>\n\n\n\n<p> Vale ressaltar que a escola n\u00e3o deve delegar tarefas para os respons\u00e1veis, mas sim educ\u00e1-los quanto \u00e0s etapas de desenvolvimento dos seus filhos. Os professores j\u00e1 cumprem o papel de educar. Esse trabalho j\u00e1 vem sendo lapidado e experimentado nos \u00faltimos meses, com um m\u00e9todo de ensino que tamb\u00e9m \u00e9 novo para eles. Se parceria \u00e9 o caminho que levar\u00e1 fam\u00edlia e escola a encontrar a melhor solu\u00e7\u00e3o para enfrentar o momento, empatia \u00e9 transporte usado para percorrer esse caminho.<\/p>\n\n\n\n<h4 class=\"wp-block-heading\"><em>Voc\u00ea tamb\u00e9m pode gostar disso:<\/em><\/h4>\n\n\n\n<p class=\"has-text-color\" style=\"color:#f6911b\"><strong>+  <\/strong><a href=\"https:\/\/www.melhorescola.com.br\/blog\/ensino-remoto-o-caminho-ate-aqui\/\"><strong>Ensino remoto: o caminho at\u00e9 aqui<\/strong><\/a><strong> <\/strong><\/p>\n\n\n\n<p class=\"has-text-color\" style=\"color:#f6911b\"><strong>+ <\/strong><a href=\"https:\/\/www.melhorescola.com.br\/blog\/pesquisa-de-satisfacao-com-pais-e-alunos\/\"><strong>Pesquisa de satisfa\u00e7\u00e3o com pais e alunos: como fazer<\/strong><\/a><\/p>\n\n\n\n<h2 class=\"wp-block-heading\">Como a fam\u00edlia desempenha sua fun\u00e7\u00e3o?<\/h2>\n\n\n\n<p>\t\u00c9 preciso ter consci\u00eancia de que o ritmo de aprendizagem nesse momento \u00e9 menor do que em situa\u00e7\u00f5es normais. Por\u00e9m, um ritmo menor n\u00e3o significa que a aprendizagem n\u00e3o est\u00e1 acontecendo. As constantes preocupa\u00e7\u00f5es \u00e0s quais todos est\u00e3o expostos impactam diretamente no processo, isso porque a aprendizagem est\u00e1 ligada \u00e0s influ\u00eancias sociais. Por meio da realiza\u00e7\u00e3o de um trabalho conjunto, fam\u00edlia e escola podem tornar o processo mais eficiente e menos exaustivo para todos.<\/p>\n\n\n\n<p>\tNesse sentido, fica sob responsabilidade da escola:<br><\/p>\n\n\n\n<ul class=\"wp-block-list\">\n<li>a constru\u00e7\u00e3o de um calend\u00e1rio acad\u00eamico;<\/li>\n\n\n\n<li>a capacita\u00e7\u00e3o dos professores para a realiza\u00e7\u00e3o do ensino a dist\u00e2ncia;<\/li>\n\n\n\n<li>o acompanhamento dos resultados dos alunos;<\/li>\n\n\n\n<li>manter uma comunica\u00e7\u00e3o constante com o pais e alunos;<\/li>\n\n\n\n<li>ser transparente em rela\u00e7\u00e3o \u00e0s mudan\u00e7as e decis\u00f5es tomadas pela gest\u00e3o;<\/li>\n\n\n\n<li>se manter atualizada em rela\u00e7\u00e3o aos protocolos oficiais;<\/li>\n\n\n\n<li>transmitir quaisquer conte\u00fados e informa\u00e7\u00f5es relevantes para as fam\u00edlias;<\/li>\n<\/ul>\n\n\n\n<p> Por outro lado, fica por conta dos pais e respons\u00e1veis:<\/p>\n\n\n\n<ul class=\"wp-block-list\">\n<li>organizar uma rotina di\u00e1ria para as crian\u00e7as;<\/li>\n\n\n\n<li>conduzir, orientar e supervisionar a rotina escolar;<\/li>\n\n\n\n<li>garantir que o aluno estar\u00e1 pronto para realizar suas obriga\u00e7\u00f5es no hor\u00e1rio combinado;<\/li>\n\n\n\n<li>a motiva\u00e7\u00e3o dos aluno para que n\u00e3o desistam, mesmo em meio \u00e0s dificuldades;<\/li>\n\n\n\n<li>estimular o desenvolvimento de habilidades b\u00e1sicas para o aprendizado: <strong>autonomia, senso de responsabilidade, paci\u00eancia e concentra\u00e7\u00e3o<\/strong>.<\/li>\n<\/ul>\n\n\n\n<p> No caso da educa\u00e7\u00e3o infantil, o ensino ocorre por meio das experi\u00eancias sensoriais, e n\u00e3o necessariamente dentro da sala de aula. A escolariza\u00e7\u00e3o ocorre por meio de brincadeiras e a fam\u00edlia pode contar com o apoio da escola para propor e conduzir esses momentos de divertimento e aprendizagem.<\/p>\n","protected":false},"excerpt":{"rendered":"<p>A proximidade entre fam\u00edlia e escola \u00e9 fundamental para a constru\u00e7\u00e3o da aprendizagem. Essa conex\u00e3o n\u00e3o apenas contribuiu para a prosperidade do neg\u00f3cio escolar como&hellip;<\/p>\n","protected":false},"author":7,"featured_media":2254,"comment_status":"open","ping_status":"open","sticky":false,"template":"","format":"standard","meta":{"footnotes":""},"categories":[263],"tags":[295,335,219],"class_list":["post-2251","post","type-post","status-publish","format-standard","has-post-thumbnail","hentry","category-familia-e-escola","tag-ambiente-escolar","tag-cenario-pos-pandemia","tag-relacionamento"],"yoast_head":"<!-- This site is optimized with the Yoast SEO plugin v27.5 - https:\/\/yoast.com\/product\/yoast-seo-wordpress\/ -->\n<title>Parceria fam\u00edlia e escola no cen\u00e1rio p\u00f3s-pandemia - Blog do Melhor Escola<\/title>\n<meta name=\"description\" content=\"A proximidade entre fam\u00edlia e escola \u00e9 fundamental para a constru\u00e7\u00e3o da aprendizagem. Essa conex\u00e3o impacta diretamente no desenvolvimento dos alunos.\" \/>\n<meta name=\"robots\" content=\"index, follow, max-snippet:-1, max-image-preview:large, max-video-preview:-1\" \/>\n<link rel=\"canonical\" href=\"https:\/\/www.melhorescola.com.br\/blog\/parceria-familia-e-escola-no-cenario-pos-pandemia\/\" \/>\n<meta property=\"og:locale\" content=\"pt_BR\" \/>\n<meta property=\"og:type\" content=\"article\" \/>\n<meta property=\"og:title\" content=\"Parceria fam\u00edlia e escola no cen\u00e1rio p\u00f3s-pandemia - Blog do Melhor Escola\" \/>\n<meta property=\"og:description\" content=\"A proximidade entre fam\u00edlia e escola \u00e9 fundamental para a constru\u00e7\u00e3o da aprendizagem. Essa conex\u00e3o impacta diretamente no desenvolvimento dos alunos.\" \/>\n<meta property=\"og:url\" content=\"https:\/\/www.melhorescola.com.br\/blog\/parceria-familia-e-escola-no-cenario-pos-pandemia\/\" \/>\n<meta property=\"og:site_name\" content=\"Blog do Melhor Escola\" \/>\n<meta property=\"article:published_time\" content=\"2020-07-18T13:00:31+00:00\" \/>\n<meta property=\"article:modified_time\" content=\"2024-05-27T17:32:45+00:00\" \/>\n<meta property=\"og:image\" content=\"https:\/\/www.melhorescola.com.br\/blog\/wp-content\/uploads\/2020\/07\/Parceria-fam\u00edlia-e-escola.jpg\" \/>\n\t<meta property=\"og:image:width\" content=\"1600\" \/>\n\t<meta property=\"og:image:height\" content=\"1066\" \/>\n\t<meta property=\"og:image:type\" content=\"image\/jpeg\" \/>\n<meta name=\"author\" content=\"Giovanna Cornelio\" \/>\n<meta name=\"twitter:card\" content=\"summary_large_image\" \/>\n<meta name=\"twitter:label1\" content=\"Escrito por\" \/>\n\t<meta name=\"twitter:data1\" content=\"Giovanna Cornelio\" \/>\n\t<meta name=\"twitter:label2\" content=\"Est. tempo de leitura\" \/>\n\t<meta name=\"twitter:data2\" content=\"6 minutos\" \/>\n<script type=\"application\/ld+json\" class=\"yoast-schema-graph\">{\"@context\":\"https:\\\/\\\/schema.org\",\"@graph\":[{\"@type\":\"Article\",\"@id\":\"https:\\\/\\\/www.melhorescola.com.br\\\/blog\\\/parceria-familia-e-escola-no-cenario-pos-pandemia\\\/#article\",\"isPartOf\":{\"@id\":\"https:\\\/\\\/www.melhorescola.com.br\\\/blog\\\/parceria-familia-e-escola-no-cenario-pos-pandemia\\\/\"},\"author\":{\"name\":\"Giovanna Cornelio\",\"@id\":\"https:\\\/\\\/www.melhorescola.com.br\\\/blog\\\/#\\\/schema\\\/person\\\/a8130f642d970c5c243b071e1e097903\"},\"headline\":\"Parceria fam\u00edlia e escola no cen\u00e1rio p\u00f3s-pandemia\",\"datePublished\":\"2020-07-18T13:00:31+00:00\",\"dateModified\":\"2024-05-27T17:32:45+00:00\",\"mainEntityOfPage\":{\"@id\":\"https:\\\/\\\/www.melhorescola.com.br\\\/blog\\\/parceria-familia-e-escola-no-cenario-pos-pandemia\\\/\"},\"wordCount\":1133,\"commentCount\":0,\"publisher\":{\"@id\":\"https:\\\/\\\/www.melhorescola.com.br\\\/blog\\\/#organization\"},\"image\":{\"@id\":\"https:\\\/\\\/www.melhorescola.com.br\\\/blog\\\/parceria-familia-e-escola-no-cenario-pos-pandemia\\\/#primaryimage\"},\"thumbnailUrl\":\"https:\\\/\\\/www.melhorescola.com.br\\\/blog\\\/wp-content\\\/uploads\\\/2020\\\/07\\\/Parceria-fam\u00edlia-e-escola.jpg\",\"keywords\":[\"ambiente escolar\",\"cen\u00e1rio p\u00f3s-pandemia\",\"Relacionamento\"],\"articleSection\":[\"Fam\u00edlia e escola\"],\"inLanguage\":\"pt-BR\",\"potentialAction\":[{\"@type\":\"CommentAction\",\"name\":\"Comment\",\"target\":[\"https:\\\/\\\/www.melhorescola.com.br\\\/blog\\\/parceria-familia-e-escola-no-cenario-pos-pandemia\\\/#respond\"]}]},{\"@type\":\"WebPage\",\"@id\":\"https:\\\/\\\/www.melhorescola.com.br\\\/blog\\\/parceria-familia-e-escola-no-cenario-pos-pandemia\\\/\",\"url\":\"https:\\\/\\\/www.melhorescola.com.br\\\/blog\\\/parceria-familia-e-escola-no-cenario-pos-pandemia\\\/\",\"name\":\"Parceria fam\u00edlia e escola no cen\u00e1rio p\u00f3s-pandemia - Blog do Melhor Escola\",\"isPartOf\":{\"@id\":\"https:\\\/\\\/www.melhorescola.com.br\\\/blog\\\/#website\"},\"primaryImageOfPage\":{\"@id\":\"https:\\\/\\\/www.melhorescola.com.br\\\/blog\\\/parceria-familia-e-escola-no-cenario-pos-pandemia\\\/#primaryimage\"},\"image\":{\"@id\":\"https:\\\/\\\/www.melhorescola.com.br\\\/blog\\\/parceria-familia-e-escola-no-cenario-pos-pandemia\\\/#primaryimage\"},\"thumbnailUrl\":\"https:\\\/\\\/www.melhorescola.com.br\\\/blog\\\/wp-content\\\/uploads\\\/2020\\\/07\\\/Parceria-fam\u00edlia-e-escola.jpg\",\"datePublished\":\"2020-07-18T13:00:31+00:00\",\"dateModified\":\"2024-05-27T17:32:45+00:00\",\"description\":\"A proximidade entre fam\u00edlia e escola \u00e9 fundamental para a constru\u00e7\u00e3o da aprendizagem. Essa conex\u00e3o impacta diretamente no desenvolvimento dos alunos.\",\"breadcrumb\":{\"@id\":\"https:\\\/\\\/www.melhorescola.com.br\\\/blog\\\/parceria-familia-e-escola-no-cenario-pos-pandemia\\\/#breadcrumb\"},\"inLanguage\":\"pt-BR\",\"potentialAction\":[{\"@type\":\"ReadAction\",\"target\":[\"https:\\\/\\\/www.melhorescola.com.br\\\/blog\\\/parceria-familia-e-escola-no-cenario-pos-pandemia\\\/\"]}]},{\"@type\":\"ImageObject\",\"inLanguage\":\"pt-BR\",\"@id\":\"https:\\\/\\\/www.melhorescola.com.br\\\/blog\\\/parceria-familia-e-escola-no-cenario-pos-pandemia\\\/#primaryimage\",\"url\":\"https:\\\/\\\/www.melhorescola.com.br\\\/blog\\\/wp-content\\\/uploads\\\/2020\\\/07\\\/Parceria-fam\u00edlia-e-escola.jpg\",\"contentUrl\":\"https:\\\/\\\/www.melhorescola.com.br\\\/blog\\\/wp-content\\\/uploads\\\/2020\\\/07\\\/Parceria-fam\u00edlia-e-escola.jpg\",\"width\":1600,\"height\":1066,\"caption\":\"Parceria fam\u00edlia e escola\"},{\"@type\":\"BreadcrumbList\",\"@id\":\"https:\\\/\\\/www.melhorescola.com.br\\\/blog\\\/parceria-familia-e-escola-no-cenario-pos-pandemia\\\/#breadcrumb\",\"itemListElement\":[{\"@type\":\"ListItem\",\"position\":1,\"name\":\"In\u00edcio\",\"item\":\"https:\\\/\\\/www.melhorescola.com.br\\\/blog\\\/\"},{\"@type\":\"ListItem\",\"position\":2,\"name\":\"Parceria fam\u00edlia e escola no cen\u00e1rio p\u00f3s-pandemia\"}]},{\"@type\":\"WebSite\",\"@id\":\"https:\\\/\\\/www.melhorescola.com.br\\\/blog\\\/#website\",\"url\":\"https:\\\/\\\/www.melhorescola.com.br\\\/blog\\\/\",\"name\":\"Blog do Melhor Escola\",\"description\":\"Veja conte\u00fados sobre capta\u00e7\u00e3o de alunos, gest\u00e3o escolar, marketing educacional, universo pedag\u00f3gico e muito mais!\",\"publisher\":{\"@id\":\"https:\\\/\\\/www.melhorescola.com.br\\\/blog\\\/#organization\"},\"potentialAction\":[{\"@type\":\"SearchAction\",\"target\":{\"@type\":\"EntryPoint\",\"urlTemplate\":\"https:\\\/\\\/www.melhorescola.com.br\\\/blog\\\/?s={search_term_string}\"},\"query-input\":{\"@type\":\"PropertyValueSpecification\",\"valueRequired\":true,\"valueName\":\"search_term_string\"}}],\"inLanguage\":\"pt-BR\"},{\"@type\":\"Organization\",\"@id\":\"https:\\\/\\\/www.melhorescola.com.br\\\/blog\\\/#organization\",\"name\":\"Melhor Escola B2B\",\"url\":\"https:\\\/\\\/www.melhorescola.com.br\\\/blog\\\/\",\"logo\":{\"@type\":\"ImageObject\",\"inLanguage\":\"pt-BR\",\"@id\":\"https:\\\/\\\/www.melhorescola.com.br\\\/blog\\\/#\\\/schema\\\/logo\\\/image\\\/\",\"url\":\"https:\\\/\\\/www.melhorescola.com.br\\\/blog\\\/wp-content\\\/uploads\\\/2024\\\/06\\\/images-removebg-preview-2.png\",\"contentUrl\":\"https:\\\/\\\/www.melhorescola.com.br\\\/blog\\\/wp-content\\\/uploads\\\/2024\\\/06\\\/images-removebg-preview-2.png\",\"width\":148,\"height\":148,\"caption\":\"Melhor Escola B2B\"},\"image\":{\"@id\":\"https:\\\/\\\/www.melhorescola.com.br\\\/blog\\\/#\\\/schema\\\/logo\\\/image\\\/\"}},{\"@type\":\"Person\",\"@id\":\"https:\\\/\\\/www.melhorescola.com.br\\\/blog\\\/#\\\/schema\\\/person\\\/a8130f642d970c5c243b071e1e097903\",\"name\":\"Giovanna Cornelio\",\"image\":{\"@type\":\"ImageObject\",\"inLanguage\":\"pt-BR\",\"@id\":\"https:\\\/\\\/secure.gravatar.com\\\/avatar\\\/071456c625eefd564a4918e1e82867d8b866a613c726d360bd83fd57ad104f49?s=96&d=mm&r=g\",\"url\":\"https:\\\/\\\/secure.gravatar.com\\\/avatar\\\/071456c625eefd564a4918e1e82867d8b866a613c726d360bd83fd57ad104f49?s=96&d=mm&r=g\",\"contentUrl\":\"https:\\\/\\\/secure.gravatar.com\\\/avatar\\\/071456c625eefd564a4918e1e82867d8b866a613c726d360bd83fd57ad104f49?s=96&d=mm&r=g\",\"caption\":\"Giovanna Cornelio\"},\"description\":\"Jornalista por dentro e por fora. Acredito que o conhecimento leva o ser humano a descobertas que transformam sua pr\u00f3pria exist\u00eancia.\",\"url\":\"https:\\\/\\\/www.melhorescola.com.br\\\/blog\\\/author\\\/giovanna-oliveira\\\/\"}]}<\/script>\n<!-- \/ Yoast SEO plugin. -->","yoast_head_json":{"title":"Parceria fam\u00edlia e escola no cen\u00e1rio p\u00f3s-pandemia - Blog do Melhor Escola","description":"A proximidade entre fam\u00edlia e escola \u00e9 fundamental para a constru\u00e7\u00e3o da aprendizagem. Essa conex\u00e3o impacta diretamente no desenvolvimento dos alunos.","robots":{"index":"index","follow":"follow","max-snippet":"max-snippet:-1","max-image-preview":"max-image-preview:large","max-video-preview":"max-video-preview:-1"},"canonical":"https:\/\/www.melhorescola.com.br\/blog\/parceria-familia-e-escola-no-cenario-pos-pandemia\/","og_locale":"pt_BR","og_type":"article","og_title":"Parceria fam\u00edlia e escola no cen\u00e1rio p\u00f3s-pandemia - Blog do Melhor Escola","og_description":"A proximidade entre fam\u00edlia e escola \u00e9 fundamental para a constru\u00e7\u00e3o da aprendizagem. Essa conex\u00e3o impacta diretamente no desenvolvimento dos alunos.","og_url":"https:\/\/www.melhorescola.com.br\/blog\/parceria-familia-e-escola-no-cenario-pos-pandemia\/","og_site_name":"Blog do Melhor Escola","article_published_time":"2020-07-18T13:00:31+00:00","article_modified_time":"2024-05-27T17:32:45+00:00","og_image":[{"width":1600,"height":1066,"url":"https:\/\/www.melhorescola.com.br\/blog\/wp-content\/uploads\/2020\/07\/Parceria-fam\u00edlia-e-escola.jpg","type":"image\/jpeg"}],"author":"Giovanna Cornelio","twitter_card":"summary_large_image","twitter_misc":{"Escrito por":"Giovanna Cornelio","Est. tempo de leitura":"6 minutos"},"schema":{"@context":"https:\/\/schema.org","@graph":[{"@type":"Article","@id":"https:\/\/www.melhorescola.com.br\/blog\/parceria-familia-e-escola-no-cenario-pos-pandemia\/#article","isPartOf":{"@id":"https:\/\/www.melhorescola.com.br\/blog\/parceria-familia-e-escola-no-cenario-pos-pandemia\/"},"author":{"name":"Giovanna Cornelio","@id":"https:\/\/www.melhorescola.com.br\/blog\/#\/schema\/person\/a8130f642d970c5c243b071e1e097903"},"headline":"Parceria fam\u00edlia e escola no cen\u00e1rio p\u00f3s-pandemia","datePublished":"2020-07-18T13:00:31+00:00","dateModified":"2024-05-27T17:32:45+00:00","mainEntityOfPage":{"@id":"https:\/\/www.melhorescola.com.br\/blog\/parceria-familia-e-escola-no-cenario-pos-pandemia\/"},"wordCount":1133,"commentCount":0,"publisher":{"@id":"https:\/\/www.melhorescola.com.br\/blog\/#organization"},"image":{"@id":"https:\/\/www.melhorescola.com.br\/blog\/parceria-familia-e-escola-no-cenario-pos-pandemia\/#primaryimage"},"thumbnailUrl":"https:\/\/www.melhorescola.com.br\/blog\/wp-content\/uploads\/2020\/07\/Parceria-fam\u00edlia-e-escola.jpg","keywords":["ambiente escolar","cen\u00e1rio p\u00f3s-pandemia","Relacionamento"],"articleSection":["Fam\u00edlia e escola"],"inLanguage":"pt-BR","potentialAction":[{"@type":"CommentAction","name":"Comment","target":["https:\/\/www.melhorescola.com.br\/blog\/parceria-familia-e-escola-no-cenario-pos-pandemia\/#respond"]}]},{"@type":"WebPage","@id":"https:\/\/www.melhorescola.com.br\/blog\/parceria-familia-e-escola-no-cenario-pos-pandemia\/","url":"https:\/\/www.melhorescola.com.br\/blog\/parceria-familia-e-escola-no-cenario-pos-pandemia\/","name":"Parceria fam\u00edlia e escola no cen\u00e1rio p\u00f3s-pandemia - Blog do Melhor Escola","isPartOf":{"@id":"https:\/\/www.melhorescola.com.br\/blog\/#website"},"primaryImageOfPage":{"@id":"https:\/\/www.melhorescola.com.br\/blog\/parceria-familia-e-escola-no-cenario-pos-pandemia\/#primaryimage"},"image":{"@id":"https:\/\/www.melhorescola.com.br\/blog\/parceria-familia-e-escola-no-cenario-pos-pandemia\/#primaryimage"},"thumbnailUrl":"https:\/\/www.melhorescola.com.br\/blog\/wp-content\/uploads\/2020\/07\/Parceria-fam\u00edlia-e-escola.jpg","datePublished":"2020-07-18T13:00:31+00:00","dateModified":"2024-05-27T17:32:45+00:00","description":"A proximidade entre fam\u00edlia e escola \u00e9 fundamental para a constru\u00e7\u00e3o da aprendizagem. Essa conex\u00e3o impacta diretamente no desenvolvimento dos alunos.","breadcrumb":{"@id":"https:\/\/www.melhorescola.com.br\/blog\/parceria-familia-e-escola-no-cenario-pos-pandemia\/#breadcrumb"},"inLanguage":"pt-BR","potentialAction":[{"@type":"ReadAction","target":["https:\/\/www.melhorescola.com.br\/blog\/parceria-familia-e-escola-no-cenario-pos-pandemia\/"]}]},{"@type":"ImageObject","inLanguage":"pt-BR","@id":"https:\/\/www.melhorescola.com.br\/blog\/parceria-familia-e-escola-no-cenario-pos-pandemia\/#primaryimage","url":"https:\/\/www.melhorescola.com.br\/blog\/wp-content\/uploads\/2020\/07\/Parceria-fam\u00edlia-e-escola.jpg","contentUrl":"https:\/\/www.melhorescola.com.br\/blog\/wp-content\/uploads\/2020\/07\/Parceria-fam\u00edlia-e-escola.jpg","width":1600,"height":1066,"caption":"Parceria fam\u00edlia e escola"},{"@type":"BreadcrumbList","@id":"https:\/\/www.melhorescola.com.br\/blog\/parceria-familia-e-escola-no-cenario-pos-pandemia\/#breadcrumb","itemListElement":[{"@type":"ListItem","position":1,"name":"In\u00edcio","item":"https:\/\/www.melhorescola.com.br\/blog\/"},{"@type":"ListItem","position":2,"name":"Parceria fam\u00edlia e escola no cen\u00e1rio p\u00f3s-pandemia"}]},{"@type":"WebSite","@id":"https:\/\/www.melhorescola.com.br\/blog\/#website","url":"https:\/\/www.melhorescola.com.br\/blog\/","name":"Blog do Melhor Escola","description":"Veja conte\u00fados sobre capta\u00e7\u00e3o de alunos, gest\u00e3o escolar, marketing educacional, universo pedag\u00f3gico e muito mais!","publisher":{"@id":"https:\/\/www.melhorescola.com.br\/blog\/#organization"},"potentialAction":[{"@type":"SearchAction","target":{"@type":"EntryPoint","urlTemplate":"https:\/\/www.melhorescola.com.br\/blog\/?s={search_term_string}"},"query-input":{"@type":"PropertyValueSpecification","valueRequired":true,"valueName":"search_term_string"}}],"inLanguage":"pt-BR"},{"@type":"Organization","@id":"https:\/\/www.melhorescola.com.br\/blog\/#organization","name":"Melhor Escola B2B","url":"https:\/\/www.melhorescola.com.br\/blog\/","logo":{"@type":"ImageObject","inLanguage":"pt-BR","@id":"https:\/\/www.melhorescola.com.br\/blog\/#\/schema\/logo\/image\/","url":"https:\/\/www.melhorescola.com.br\/blog\/wp-content\/uploads\/2024\/06\/images-removebg-preview-2.png","contentUrl":"https:\/\/www.melhorescola.com.br\/blog\/wp-content\/uploads\/2024\/06\/images-removebg-preview-2.png","width":148,"height":148,"caption":"Melhor Escola B2B"},"image":{"@id":"https:\/\/www.melhorescola.com.br\/blog\/#\/schema\/logo\/image\/"}},{"@type":"Person","@id":"https:\/\/www.melhorescola.com.br\/blog\/#\/schema\/person\/a8130f642d970c5c243b071e1e097903","name":"Giovanna Cornelio","image":{"@type":"ImageObject","inLanguage":"pt-BR","@id":"https:\/\/secure.gravatar.com\/avatar\/071456c625eefd564a4918e1e82867d8b866a613c726d360bd83fd57ad104f49?s=96&d=mm&r=g","url":"https:\/\/secure.gravatar.com\/avatar\/071456c625eefd564a4918e1e82867d8b866a613c726d360bd83fd57ad104f49?s=96&d=mm&r=g","contentUrl":"https:\/\/secure.gravatar.com\/avatar\/071456c625eefd564a4918e1e82867d8b866a613c726d360bd83fd57ad104f49?s=96&d=mm&r=g","caption":"Giovanna Cornelio"},"description":"Jornalista por dentro e por fora. Acredito que o conhecimento leva o ser humano a descobertas que transformam sua pr\u00f3pria exist\u00eancia.","url":"https:\/\/www.melhorescola.com.br\/blog\/author\/giovanna-oliveira\/"}]}},"_links":{"self":[{"href":"https:\/\/www.melhorescola.com.br\/blog\/wp-json\/wp\/v2\/posts\/2251","targetHints":{"allow":["GET"]}}],"collection":[{"href":"https:\/\/www.melhorescola.com.br\/blog\/wp-json\/wp\/v2\/posts"}],"about":[{"href":"https:\/\/www.melhorescola.com.br\/blog\/wp-json\/wp\/v2\/types\/post"}],"author":[{"embeddable":true,"href":"https:\/\/www.melhorescola.com.br\/blog\/wp-json\/wp\/v2\/users\/7"}],"replies":[{"embeddable":true,"href":"https:\/\/www.melhorescola.com.br\/blog\/wp-json\/wp\/v2\/comments?post=2251"}],"version-history":[{"count":4,"href":"https:\/\/www.melhorescola.com.br\/blog\/wp-json\/wp\/v2\/posts\/2251\/revisions"}],"predecessor-version":[{"id":23311,"href":"https:\/\/www.melhorescola.com.br\/blog\/wp-json\/wp\/v2\/posts\/2251\/revisions\/23311"}],"wp:featuredmedia":[{"embeddable":true,"href":"https:\/\/www.melhorescola.com.br\/blog\/wp-json\/wp\/v2\/media\/2254"}],"wp:attachment":[{"href":"https:\/\/www.melhorescola.com.br\/blog\/wp-json\/wp\/v2\/media?parent=2251"}],"wp:term":[{"taxonomy":"category","embeddable":true,"href":"https:\/\/www.melhorescola.com.br\/blog\/wp-json\/wp\/v2\/categories?post=2251"},{"taxonomy":"post_tag","embeddable":true,"href":"https:\/\/www.melhorescola.com.br\/blog\/wp-json\/wp\/v2\/tags?post=2251"}],"curies":[{"name":"wp","href":"https:\/\/api.w.org\/{rel}","templated":true}]}}